{"id":11055,"date":"2025-09-10T08:05:27","date_gmt":"2025-09-10T11:05:27","guid":{"rendered":"https:\/\/opinionpublica.com.ar\/index\/?p=11055"},"modified":"2025-09-10T08:05:27","modified_gmt":"2025-09-10T11:05:27","slug":"castillo-promete-que-en-un-ano-y-medio-estara-funcionando-la-nueva-usina-de-ushuaia","status":"publish","type":"post","link":"https:\/\/opinionpublica.com.ar\/index\/castillo-promete-que-en-un-ano-y-medio-estara-funcionando-la-nueva-usina-de-ushuaia\/","title":{"rendered":"Castillo promete que en un a\u00f1o y medio estar\u00e1 funcionando la nueva usina de Ushuaia"},"content":{"rendered":"<p><strong>Castillo promete que en un a\u00f1o y medio estar\u00e1 funcionando la nueva usina de Ushuaia<\/strong><\/p>\n<p><a href=\"https:\/\/opinionpublica.com.ar\/index\/wp-content\/uploads\/2024\/07\/gabriela-castillo.jpg\"><img fetchpriority=\"high\" decoding=\"async\" class=\"alignnone size-full wp-image-4603\" src=\"https:\/\/opinionpublica.com.ar\/index\/wp-content\/uploads\/2024\/07\/gabriela-castillo.jpg\" alt=\"\" width=\"900\" height=\"501\" srcset=\"https:\/\/opinionpublica.com.ar\/index\/wp-content\/uploads\/2024\/07\/gabriela-castillo.jpg 900w, https:\/\/opinionpublica.com.ar\/index\/wp-content\/uploads\/2024\/07\/gabriela-castillo-300x167.jpg 300w, https:\/\/opinionpublica.com.ar\/index\/wp-content\/uploads\/2024\/07\/gabriela-castillo-768x428.jpg 768w\" sizes=\"(max-width: 900px) 100vw, 900px\" \/><\/a><\/p>\n<p>La Ministra de Obras P\u00fablicas dio detalles del acuerdo entre Terra Ignis y los inversores chinos para instalar una nueva usina en la capital fueguina, que va a permitir contar con energ\u00eda suficiente para la demanda local y adem\u00e1s con una reserva fr\u00eda. Destac\u00f3 que en toda la etapa de construcci\u00f3n, que se extender\u00eda por un a\u00f1o y medio, se va a tomar mano de obra local y solamente para la operaci\u00f3n se necesita de cien personas. Para Tolhuin hay un proyecto propio con el overhaul de los equipos, financiado por el FAMP, pero una vez que est\u00e9 funcionando la usina de Ushuaia podr\u00eda trasladarse un equipo al centro de la provincia.<\/p>\n<p>&nbsp;<\/p>\n<p>R\u00edo Grande. \u2013 La ministra de Obras P\u00fablicas Gabriela Castillo dio detalles del acuerdo de Terra Ignis con inversores chinos para montar una central el\u00e9ctrica en la provincia. Destac\u00f3 los beneficios que permitir\u00e1n no solamente contar con energ\u00eda suficiente para abastecer la demanda y con una reserva fr\u00eda, sino tambi\u00e9n con la generaci\u00f3n de empleo y movilizaci\u00f3n de la econom\u00eda durante la etapa de construcci\u00f3n.<\/p>\n<p>&nbsp;<\/p>\n<p>\u201cEs un d\u00eda importante porque ven\u00edamos trabajando en esto desde hace mucho tiempo. La empresa china con la que ten\u00edamos el conflicto y la demanda judicial por la petroqu\u00edmica ten\u00eda como uno de los ejes la generaci\u00f3n el\u00e9ctrica. Avanzamos en un acuerdo extra judicial para el retiro de la demanda por parte de China y esto hizo que pudi\u00e9ramos habilitar canales de di\u00e1logo\u201d, dijo por Radio Provincia.<\/p>\n<p>&nbsp;<\/p>\n<p>Explic\u00f3 que originalmente toda la generaci\u00f3n estaba pensada para la ciudad de R\u00edo Grande, con 120 megas, y \u201chubo un cambio por pedido expreso del gobernador para poder hacer la usina nueva en la ciudad de Ushuaia. Esta era una necesidad que planteamos en el financiamiento con fondos CAF, que la naci\u00f3n no autoriz\u00f3\u201d, record\u00f3.<\/p>\n<p>&nbsp;<\/p>\n<p>Vale decir que se desdobl\u00f3 el proyecto de energ\u00eda \u201cpara generar una parte en Ushuaia y la primera usina que se va a construir va a ser la de Ushuaia, que nos va a permitir generar 60 megas. En este momento estamos generando entre 35 y 37 megas en la usina vieja y esto nos da un horizonte de mayor eficiencia energ\u00e9tica\u201d, asegur\u00f3.<\/p>\n<p>&nbsp;<\/p>\n<p>\u201cSe va a hacer en el mismo lugar donde ten\u00edamos pensado hacer la usina, a la entrada de la ciudad. Vamos a poder tener generaci\u00f3n primaria y reserva fr\u00eda, que hoy no tenemos, porque todo lo que se produce se utiliza. De esta manera vamos a tener una parte de generaci\u00f3n que se va a usar para la comunidad y una reserva que nos va a permitir ir rotando los equipos. Todas las plantas tienen parte de reserva fr\u00eda, que nosotros hoy no tenemos\u201d, expres\u00f3.<\/p>\n<p>&nbsp;<\/p>\n<p><strong>Un gran cambio para el desarrollo<\/strong><\/p>\n<p>La posibilidad de contar con la nueva usina \u201ces un gran cambio porque nos permite el crecimiento de los pr\u00f3ximos 30 a\u00f1os y contemplar toda la demanda que hoy est\u00e1 insatisfecha, porque tenemos edificios e industrias que quieren agregar procesos y necesitan energ\u00eda. Hay edificios que se est\u00e1n construyendo hoy y la factibilidad es del 2017 \u00f3 2018, cuando la historia era otra. Hoy estamos en un punto cr\u00edtico y ven\u00edamos teniendo problemas con la factibilidad otorgada en otro tiempo\u201d, expuso.<\/p>\n<p>&nbsp;<\/p>\n<p>Aclar\u00f3 que la puesta en marcha \u201cno es inmediata, porque tenemos un a\u00f1o y medio de construcci\u00f3n\u201d, pero que durante ese plazo habr\u00e1 una movilizaci\u00f3n de la econom\u00eda fueguina.<\/p>\n<p>&nbsp;<\/p>\n<p>\u201cEsto se hace a trav\u00e9s de una sociedad de la empresa china con Terra Ignis. Terra Ignis pone la tierra, la empresa pone el capital y hay un recupero posterior en funci\u00f3n de la venta de energ\u00eda. Terra Ignis tiene varios objetivos de trabajo, uno es el hidrocarbur\u00edfero, otro es la generaci\u00f3n el\u00e9ctrica y hay otros ejes m\u00e1s que van a ser desarrollados m\u00e1s adelante\u201d, se\u00f1al\u00f3.<\/p>\n<p>&nbsp;<\/p>\n<p>\u201cLa gesti\u00f3n del profesor Melella plante\u00f3 una ampliaci\u00f3n de la matriz productiva. Hoy tenemos un eslab\u00f3n que est\u00e1 en jaque, que tiene que ver con la industria tecnol\u00f3gica, y con esto abrimos el horizonte a otras \u00e1reas ocupacionales para el crecimiento de la matriz productiva. Todas las nuevas industrias requieren de energ\u00eda, por eso era tan importante llegar a una soluci\u00f3n definitiva\u201d, subray\u00f3.<\/p>\n<p>&nbsp;<\/p>\n<p>\u201cEn esto nos acompa\u00f1\u00f3 el FAMP para poder hacer los overhaul de los equipos, que est\u00e1 en proceso, y esta es una inversi\u00f3n clave para el crecimiento de Ushuaia. Con esto se va a dar cabida a todas las industrias que quieran radicarse\u201d, destac\u00f3.<\/p>\n<p>&nbsp;<\/p>\n<p><strong>Recupero con la tarifa<\/strong><\/p>\n<p>Est\u00e1 previsto que la provincia no haga ning\u00fan desembolso y los inversores tendr\u00e1n su recupero mediante el cobro de la tarifa el\u00e9ctrica. \u201cEsta es una inversi\u00f3n que no va a devolver la provincia, sino que se va a recuperar con la tarifa el\u00e9ctrica. Esto es algo prorrateado en el tiempo y es parte del estudio de costos que ha hecho Terra Ignis con la empresa china. A partir de que la usina empiece a funcionar, se empieza a recuperar la inversi\u00f3n de la tarifa\u201d, dijo, con lo cual dejar\u00eda de recaudar la DPE.<\/p>\n<p>&nbsp;<\/p>\n<p><strong>Equipamiento listo<\/strong><\/p>\n<p>Con el proyecto avanzado, se espera en el mediano plazo el arribo de los equipos. \u201cEl equipamiento ya est\u00e1 listo para subir en el barco. La empresa china ya est\u00e1 en di\u00e1logo con empresas locales porque hay que transportar equipos de dimensiones mayores de lo normal y se necesitan camiones con mayor cantidad de ejes. Todo esto genera una movilizaci\u00f3n de la econom\u00eda local y se va a emplear mano de obra local. Para la construcci\u00f3n de esta planta tenemos un mont\u00f3n de gente que se va a sumar al trabajo. Solamente para la operaci\u00f3n se necesitan cien personas y hay unos cuantos miles que van a trabajar en la instancia de construcci\u00f3n, que incluyen a los profesionales de gas, de electricidad, de la construcci\u00f3n de arquitectura, de las fundaciones, de m\u00e1quinas. Hay un mont\u00f3n de eslabones que se ponen en marcha\u201d, manifest\u00f3.<\/p>\n<p>&nbsp;<\/p>\n<p><strong>Tolhuin con proyecto propio<\/strong><\/p>\n<p>Respecto de la ciudad de Tolhuin, que tambi\u00e9n depende de la provincia en materia de generaci\u00f3n, indic\u00f3 que \u201ctiene un proyecto independiente que tiene que ver con el overhaul de los equipos actuales. Es un proyecto que hemos presentado en FAMP y ya tiene el okay t\u00e9cnico. En esa obra est\u00e1 la incorporaci\u00f3n de una nueva planta de gas y la ampliaci\u00f3n del galp\u00f3n para la instalaci\u00f3n de un nuevo equipo. Es posible que cuando tengamos la reserva fr\u00eda en Ushuaia podamos trasladar una turbina a Tolhuin\u201d, concluy\u00f3.<\/p>\n<p>&nbsp;<\/p>\n<p>&nbsp;<\/p>\n","protected":false},"excerpt":{"rendered":"<p>Castillo promete que en un a\u00f1o y medio estar\u00e1 funcionando la nueva usina de Ushuaia La Ministra de<\/p>\n","protected":false},"author":5,"featured_media":4603,"comment_status":"open","ping_status":"open","sticky":false,"template":"","format":"standard","meta":{"footnotes":""},"categories":[2,21],"tags":[518,6,1784],"class_list":["post-11055","post","type-post","status-publish","format-standard","has-post-thumbnail","hentry","category-tierra-del-fuego","category-ushuaia","tag-gabriela-castillo","tag-ushuaia","tag-usina"],"featured_image_urls":{"full":["https:\/\/opinionpublica.com.ar\/index\/wp-content\/uploads\/2024\/07\/gabriela-castillo.jpg",900,501,false],"thumbnail":["https:\/\/opinionpublica.com.ar\/index\/wp-content\/uploads\/2024\/07\/gabriela-castillo-150x150.jpg",150,150,true],"medium":["https:\/\/opinionpublica.com.ar\/index\/wp-content\/uploads\/2024\/07\/gabriela-castillo-300x167.jpg",300,167,true],"medium_large":["https:\/\/opinionpublica.com.ar\/index\/wp-content\/uploads\/2024\/07\/gabriela-castillo-768x428.jpg",640,357,true],"large":["https:\/\/opinionpublica.com.ar\/index\/wp-content\/uploads\/2024\/07\/gabriela-castillo.jpg",640,356,false],"1536x1536":["https:\/\/opinionpublica.com.ar\/index\/wp-content\/uploads\/2024\/07\/gabriela-castillo.jpg",900,501,false],"2048x2048":["https:\/\/opinionpublica.com.ar\/index\/wp-content\/uploads\/2024\/07\/gabriela-castillo.jpg",900,501,false],"morenews-large":["https:\/\/opinionpublica.com.ar\/index\/wp-content\/uploads\/2024\/07\/gabriela-castillo-825x501.jpg",825,501,true],"morenews-medium":["https:\/\/opinionpublica.com.ar\/index\/wp-content\/uploads\/2024\/07\/gabriela-castillo-590x410.jpg",590,410,true]},"author_info":{"display_name":"Hal","author_link":"https:\/\/opinionpublica.com.ar\/index\/author\/hal\/"},"category_info":"<a href=\"https:\/\/opinionpublica.com.ar\/index\/category\/tierra-del-fuego\/\" rel=\"category tag\">Tierra del Fuego<\/a> <a href=\"https:\/\/opinionpublica.com.ar\/index\/category\/ushuaia\/\" rel=\"category tag\">Ushuaia<\/a>","tag_info":"Ushuaia","comment_count":"0","_links":{"self":[{"href":"https:\/\/opinionpublica.com.ar\/index\/wp-json\/wp\/v2\/posts\/11055","targetHints":{"allow":["GET"]}}],"collection":[{"href":"https:\/\/opinionpublica.com.ar\/index\/wp-json\/wp\/v2\/posts"}],"about":[{"href":"https:\/\/opinionpublica.com.ar\/index\/wp-json\/wp\/v2\/types\/post"}],"author":[{"embeddable":true,"href":"https:\/\/opinionpublica.com.ar\/index\/wp-json\/wp\/v2\/users\/5"}],"replies":[{"embeddable":true,"href":"https:\/\/opinionpublica.com.ar\/index\/wp-json\/wp\/v2\/comments?post=11055"}],"version-history":[{"count":1,"href":"https:\/\/opinionpublica.com.ar\/index\/wp-json\/wp\/v2\/posts\/11055\/revisions"}],"predecessor-version":[{"id":11056,"href":"https:\/\/opinionpublica.com.ar\/index\/wp-json\/wp\/v2\/posts\/11055\/revisions\/11056"}],"wp:featuredmedia":[{"embeddable":true,"href":"https:\/\/opinionpublica.com.ar\/index\/wp-json\/wp\/v2\/media\/4603"}],"wp:attachment":[{"href":"https:\/\/opinionpublica.com.ar\/index\/wp-json\/wp\/v2\/media?parent=11055"}],"wp:term":[{"taxonomy":"category","embeddable":true,"href":"https:\/\/opinionpublica.com.ar\/index\/wp-json\/wp\/v2\/categories?post=11055"},{"taxonomy":"post_tag","embeddable":true,"href":"https:\/\/opinionpublica.com.ar\/index\/wp-json\/wp\/v2\/tags?post=11055"}],"curies":[{"name":"wp","href":"https:\/\/api.w.org\/{rel}","templated":true}]}}