{"id":11057,"date":"2025-09-10T08:17:45","date_gmt":"2025-09-10T11:17:45","guid":{"rendered":"https:\/\/opinionpublica.com.ar\/index\/?p=11057"},"modified":"2025-09-10T08:17:45","modified_gmt":"2025-09-10T11:17:45","slug":"bordon-admitio-que-la-caja-compensadora-atraviesa-una-situacion-dramatica-de-liquidez","status":"publish","type":"post","link":"https:\/\/opinionpublica.com.ar\/index\/bordon-admitio-que-la-caja-compensadora-atraviesa-una-situacion-dramatica-de-liquidez\/","title":{"rendered":"Bord\u00f3n admiti\u00f3 que la Caja Compensadora atraviesa \u201cuna situaci\u00f3n dram\u00e1tica de liquidez\u201d"},"content":{"rendered":"<p><strong>Bord\u00f3n admiti\u00f3 que la Caja Compensadora atraviesa \u201cuna situaci\u00f3n dram\u00e1tica de liquidez\u201d<\/strong><\/p>\n<p style=\"text-align: left;\"><a href=\"https:\/\/opinionpublica.com.ar\/index\/wp-content\/uploads\/2025\/09\/CAJA-820x360-1.jpg\"><img fetchpriority=\"high\" decoding=\"async\" class=\"alignnone size-full wp-image-11058\" src=\"https:\/\/opinionpublica.com.ar\/index\/wp-content\/uploads\/2025\/09\/CAJA-820x360-1.jpg\" alt=\"\" width=\"820\" height=\"360\" srcset=\"https:\/\/opinionpublica.com.ar\/index\/wp-content\/uploads\/2025\/09\/CAJA-820x360-1.jpg 820w, https:\/\/opinionpublica.com.ar\/index\/wp-content\/uploads\/2025\/09\/CAJA-820x360-1-300x132.jpg 300w, https:\/\/opinionpublica.com.ar\/index\/wp-content\/uploads\/2025\/09\/CAJA-820x360-1-768x337.jpg 768w\" sizes=\"(max-width: 820px) 100vw, 820px\" \/><\/a><\/p>\n<p>El presidente de la Caja Compensadora del Personal Policial y Penitenciario del ex Territorio y Provincial, comisario general H\u00e9ctor Bord\u00f3n, reconoci\u00f3 que el organismo no cuenta con fondos suficientes para cumplir en tiempo y forma con las obligaciones. Asegur\u00f3 que el Gobierno provincial adelanta aportes, pero advirti\u00f3 que el sistema est\u00e1 en desequilibrio.<\/p>\n<p>&nbsp;<\/p>\n<p>R\u00edo Grande.- El presidente de la Caja Compensadora, comisario general H\u00e9ctor Bord\u00f3n, confirm\u00f3 la gravedad financiera que atraviesa la entidad y explic\u00f3 que la falta de liquidez impide garantizar el pago regular a jubilados, retirados y pensionados.<\/p>\n<p>&nbsp;<\/p>\n<p>\u201cHoy tenemos un problema de liquidez, eso significa que no tendr\u00edamos los fondos suficientes para poder cubrir todos los beneficios a los cuales la entidad est\u00e1 obligada a cumplir\u201d, afirm\u00f3 en di\u00e1logo con FM Master\u00b4s.<\/p>\n<p>&nbsp;<\/p>\n<p>Bord\u00f3n precis\u00f3 que el organismo administra tres reg\u00edmenes: el de compensaci\u00f3n territorial, el de retiro de la Polic\u00eda Provincial y el del Servicio Penitenciario. Se\u00f1al\u00f3 que los beneficiarios provinciales cobraron en su totalidad, mientras que el sector territorial permanece con haberes pendientes.<\/p>\n<p>&nbsp;<\/p>\n<p>En total, la Caja cuenta con 1.040 beneficiarios entre retirados y pensionados, frente a unos 2.500 aportantes activos, una proporci\u00f3n que \u2013seg\u00fan el funcionario\u2013 genera un desbalance estructural. \u201cUn sistema medianamente sostenible tiene que tener entre 3.000 y 4.000 aportantes por cada 1.000 beneficiarios. Hoy tenemos casi 2.500, lo que genera este desequilibrio\u201d, explic\u00f3.<\/p>\n<p>&nbsp;<\/p>\n<p>Sobre los recursos, Bord\u00f3n destac\u00f3 que la entidad percibe aportes y contribuciones provinciales, adem\u00e1s de contar con bienes inmuebles, aunque estos no est\u00e1n generando ingresos. \u201cEl edificio de la Caja en el centro de Ushuaia hoy no produce r\u00e9ditos porque solo la planta baja est\u00e1 ocupada y las superiores no son habitables. Necesitamos inversi\u00f3n para ponerlos en valor\u201d, indic\u00f3.<\/p>\n<p>&nbsp;<\/p>\n<p>En ese sentido, confirm\u00f3 que se puso a la venta un terreno de 5.000 metros cuadrados detr\u00e1s de la comisar\u00eda tercera de Ushuaia. \u201cConcretar esa venta nos permitir\u00eda reorganizarnos nuevamente con la cuesti\u00f3n de los pagos\u201d, asegur\u00f3.<\/p>\n<p>&nbsp;<\/p>\n<p>Asimismo, plante\u00f3 la necesidad de reformar la normativa vigente. \u201cEs imperioso efectuar una modificaci\u00f3n en la actual ley que tiene la Caja, porque ya tiene 15 a\u00f1os. Necesitamos actualizarla para darle previsibilidad no solamente ahora, sino en el futuro\u201d, sostuvo.<\/p>\n<p>&nbsp;<\/p>\n<p>Bord\u00f3n resalt\u00f3 la colaboraci\u00f3n del Gobierno provincial, el Tribunal de Cuentas y la Fiscal\u00eda de Estado en la b\u00fasqueda de soluciones. \u201cLos aportes y contribuciones se est\u00e1n pagando en tiempo y forma, e incluso nos est\u00e1n adelantando fondos como un auxilio a la situaci\u00f3n que tenemos\u201d, puntualiz\u00f3.<\/p>\n<p>&nbsp;<\/p>\n<p>Finalmente, envi\u00f3 un mensaje a los beneficiarios: \u201cSomos muy optimistas. Estamos trabajando para regularizar y estabilizar la situaci\u00f3n, pero necesitamos tiempo y decisiones estrat\u00e9gicas que garanticen el futuro de la Caja\u201d.<\/p>\n","protected":false},"excerpt":{"rendered":"<p>Bord\u00f3n admiti\u00f3 que la Caja Compensadora atraviesa \u201cuna situaci\u00f3n dram\u00e1tica de liquidez\u201d El presidente de la Caja Compensadora<\/p>\n","protected":false},"author":5,"featured_media":11058,"comment_status":"open","ping_status":"open","sticky":false,"template":"","format":"standard","meta":{"footnotes":""},"categories":[2],"tags":[3837,3840,3839,3838],"class_list":["post-11057","post","type-post","status-publish","format-standard","has-post-thumbnail","hentry","category-tierra-del-fuego","tag-caja-compensadora","tag-hector-bordon","tag-personal-penitenciario","tag-personal-policial"],"featured_image_urls":{"full":["https:\/\/opinionpublica.com.ar\/index\/wp-content\/uploads\/2025\/09\/CAJA-820x360-1.jpg",820,360,false],"thumbnail":["https:\/\/opinionpublica.com.ar\/index\/wp-content\/uploads\/2025\/09\/CAJA-820x360-1-150x150.jpg",150,150,true],"medium":["https:\/\/opinionpublica.com.ar\/index\/wp-content\/uploads\/2025\/09\/CAJA-820x360-1-300x132.jpg",300,132,true],"medium_large":["https:\/\/opinionpublica.com.ar\/index\/wp-content\/uploads\/2025\/09\/CAJA-820x360-1-768x337.jpg",640,281,true],"large":["https:\/\/opinionpublica.com.ar\/index\/wp-content\/uploads\/2025\/09\/CAJA-820x360-1.jpg",640,281,false],"1536x1536":["https:\/\/opinionpublica.com.ar\/index\/wp-content\/uploads\/2025\/09\/CAJA-820x360-1.jpg",820,360,false],"2048x2048":["https:\/\/opinionpublica.com.ar\/index\/wp-content\/uploads\/2025\/09\/CAJA-820x360-1.jpg",820,360,false],"morenews-large":["https:\/\/opinionpublica.com.ar\/index\/wp-content\/uploads\/2025\/09\/CAJA-820x360-1.jpg",820,360,false],"morenews-medium":["https:\/\/opinionpublica.com.ar\/index\/wp-content\/uploads\/2025\/09\/CAJA-820x360-1-590x360.jpg",590,360,true]},"author_info":{"display_name":"Hal","author_link":"https:\/\/opinionpublica.com.ar\/index\/author\/hal\/"},"category_info":"<a href=\"https:\/\/opinionpublica.com.ar\/index\/category\/tierra-del-fuego\/\" rel=\"category tag\">Tierra del Fuego<\/a>","tag_info":"Tierra del Fuego","comment_count":"0","_links":{"self":[{"href":"https:\/\/opinionpublica.com.ar\/index\/wp-json\/wp\/v2\/posts\/11057","targetHints":{"allow":["GET"]}}],"collection":[{"href":"https:\/\/opinionpublica.com.ar\/index\/wp-json\/wp\/v2\/posts"}],"about":[{"href":"https:\/\/opinionpublica.com.ar\/index\/wp-json\/wp\/v2\/types\/post"}],"author":[{"embeddable":true,"href":"https:\/\/opinionpublica.com.ar\/index\/wp-json\/wp\/v2\/users\/5"}],"replies":[{"embeddable":true,"href":"https:\/\/opinionpublica.com.ar\/index\/wp-json\/wp\/v2\/comments?post=11057"}],"version-history":[{"count":1,"href":"https:\/\/opinionpublica.com.ar\/index\/wp-json\/wp\/v2\/posts\/11057\/revisions"}],"predecessor-version":[{"id":11059,"href":"https:\/\/opinionpublica.com.ar\/index\/wp-json\/wp\/v2\/posts\/11057\/revisions\/11059"}],"wp:featuredmedia":[{"embeddable":true,"href":"https:\/\/opinionpublica.com.ar\/index\/wp-json\/wp\/v2\/media\/11058"}],"wp:attachment":[{"href":"https:\/\/opinionpublica.com.ar\/index\/wp-json\/wp\/v2\/media?parent=11057"}],"wp:term":[{"taxonomy":"category","embeddable":true,"href":"https:\/\/opinionpublica.com.ar\/index\/wp-json\/wp\/v2\/categories?post=11057"},{"taxonomy":"post_tag","embeddable":true,"href":"https:\/\/opinionpublica.com.ar\/index\/wp-json\/wp\/v2\/tags?post=11057"}],"curies":[{"name":"wp","href":"https:\/\/api.w.org\/{rel}","templated":true}]}}