{"id":11060,"date":"2025-09-10T08:28:27","date_gmt":"2025-09-10T11:28:27","guid":{"rendered":"https:\/\/opinionpublica.com.ar\/index\/?p=11060"},"modified":"2025-09-10T08:28:27","modified_gmt":"2025-09-10T11:28:27","slug":"el-laboratorio-del-fin-del-mundo-un-fracaso-costoso","status":"publish","type":"post","link":"https:\/\/opinionpublica.com.ar\/index\/el-laboratorio-del-fin-del-mundo-un-fracaso-costoso\/","title":{"rendered":"El laboratorio del fin del mundo un fracaso costoso"},"content":{"rendered":"<p><strong>El laboratorio del fin del mundo un fracaso costoso<\/strong><\/p>\n<p>Pablo Villegas fundament\u00f3 un proyecto para disolver la empresa estatal por su fracaso en la producci\u00f3n de medicamentos y su reconversi\u00f3n en una mera droguer\u00eda que triangula compras, con un costo anual de $4,000 millones.<\/p>\n<p><a href=\"https:\/\/opinionpublica.com.ar\/index\/wp-content\/uploads\/2025\/09\/images.jpeg\"><img fetchpriority=\"high\" decoding=\"async\" class=\"alignnone size-full wp-image-11061\" src=\"https:\/\/opinionpublica.com.ar\/index\/wp-content\/uploads\/2025\/09\/images.jpeg\" alt=\"\" width=\"355\" height=\"142\" srcset=\"https:\/\/opinionpublica.com.ar\/index\/wp-content\/uploads\/2025\/09\/images.jpeg 355w, https:\/\/opinionpublica.com.ar\/index\/wp-content\/uploads\/2025\/09\/images-300x120.jpeg 300w\" sizes=\"(max-width: 355px) 100vw, 355px\" \/><\/a><\/p>\n<p>El legislador del Movimiento Popular Fueguino (MPF), Pablo Villegas, present\u00f3 un proyecto de ley que busca derogar la norma que dio vida al Laboratorio del Fin del Mundo y ordenar su disoluci\u00f3n y posterior liquidaci\u00f3n.<\/p>\n<p>&nbsp;<\/p>\n<p>La iniciativa, elaborada junto al legislador Dami\u00e1n L\u00f6ffler, quien se encarg\u00f3 de la redacci\u00f3n, se basa en auditor\u00edas y una resoluci\u00f3n plenaria del Tribunal de Cuentas que, seg\u00fan Villegas, evidencian el fracaso absoluto de los objetivos fundacionales de la empresa estatal. \u201cEl objetivo era que produjera medicamentos para ofrecerlos a la obra social y a hospitales p\u00fablicos a un precio menor. Pero en la realidad, los hechos son: eso nunca ocurri\u00f3\u201d, afirm\u00f3 el legislador en declaraciones a FM Master\u2019s.<\/p>\n<p>&nbsp;<\/p>\n<p>Villegas fue contundente al describir la operativa actual del laboratorio: \u201cHoy el Laboratorio del Fin del Mundo es una droguer\u00eda m\u00e1s, se dedica a comprar medicamentos a otras droguer\u00edas y en todo caso vend\u00e9rselo a uno de sus socios mayoritarios que es el propio Ministerio de Salud de la provincia\u201d. Esta situaci\u00f3n, se\u00f1al\u00f3, ha generado un \u201cperjuicio fiscal por m\u00e1s de 2 millones de d\u00f3lares\u201d al verse obligado a incinerar partidas de medicamentos que carec\u00edan de la autorizaci\u00f3n de la ANMAT para su comercializaci\u00f3n. Subray\u00f3 que existen procesos judiciales en curso contra anteriores directores por estos hechos.<\/p>\n<p>&nbsp;<\/p>\n<p>Respecto a la magnitud del organismo, Villegas indic\u00f3 que, seg\u00fan su informaci\u00f3n, cuenta con una planta de alrededor de 50 personas y un presupuesto anual que ronda los $4,000 millones. \u201cEs un mont\u00f3n en funci\u00f3n de lo que realmente se hace\u201d, critic\u00f3, argumentando que semejante estructura carece de sentido para una actividad de mera intermediaci\u00f3n.<\/p>\n<p>&nbsp;<\/p>\n<p>El legislador denunci\u00f3 que la empresa no responde a los numerosos pedidos de informes realizados desde la Legislatura, por lo que la \u00fanica informaci\u00f3n disponible emana de los controles del Tribunal de Cuentas.<\/p>\n<p>&nbsp;<\/p>\n<p>El proyecto propone la disoluci\u00f3n de la sociedad en un plazo de 180 d\u00edas y su liquidaci\u00f3n, con la participaci\u00f3n de la Fiscal\u00eda de Estado y el Tribunal de Cuentas. La visi\u00f3n de Villegas es redireccionar los cuantiosos recursos que consume el laboratorio hacia \u201c\u00e1reas prioritarias\u201d en crisis, como educaci\u00f3n, salud y seguridad, o hacia incentivos para el sector productivo privado. \u201cEntendemos que hay que barajar y dar de nuevo y afectar esos cientos y cientos de millones de pesos a las funciones prioritarias del Estado\u201d, concluy\u00f3 Pablo Villegas.<\/p>\n","protected":false},"excerpt":{"rendered":"<p>El laboratorio del fin del mundo un fracaso costoso Pablo Villegas fundament\u00f3 un proyecto para disolver la empresa<\/p>\n","protected":false},"author":5,"featured_media":11062,"comment_status":"open","ping_status":"open","sticky":false,"template":"","format":"standard","meta":{"footnotes":""},"categories":[2],"tags":[3841,990],"class_list":["post-11060","post","type-post","status-publish","format-standard","has-post-thumbnail","hentry","category-tierra-del-fuego","tag-laboratorio-del-fin-del-mundo","tag-pablo-villegas"],"featured_image_urls":{"full":["https:\/\/opinionpublica.com.ar\/index\/wp-content\/uploads\/2025\/09\/lg.jpg",1200,799,false],"thumbnail":["https:\/\/opinionpublica.com.ar\/index\/wp-content\/uploads\/2025\/09\/lg-150x150.jpg",150,150,true],"medium":["https:\/\/opinionpublica.com.ar\/index\/wp-content\/uploads\/2025\/09\/lg-300x200.jpg",300,200,true],"medium_large":["https:\/\/opinionpublica.com.ar\/index\/wp-content\/uploads\/2025\/09\/lg-768x511.jpg",640,426,true],"large":["https:\/\/opinionpublica.com.ar\/index\/wp-content\/uploads\/2025\/09\/lg-1024x682.jpg",640,426,true],"1536x1536":["https:\/\/opinionpublica.com.ar\/index\/wp-content\/uploads\/2025\/09\/lg.jpg",1200,799,false],"2048x2048":["https:\/\/opinionpublica.com.ar\/index\/wp-content\/uploads\/2025\/09\/lg.jpg",1200,799,false],"morenews-large":["https:\/\/opinionpublica.com.ar\/index\/wp-content\/uploads\/2025\/09\/lg-825x575.jpg",825,575,true],"morenews-medium":["https:\/\/opinionpublica.com.ar\/index\/wp-content\/uploads\/2025\/09\/lg-590x410.jpg",590,410,true]},"author_info":{"display_name":"Hal","author_link":"https:\/\/opinionpublica.com.ar\/index\/author\/hal\/"},"category_info":"<a href=\"https:\/\/opinionpublica.com.ar\/index\/category\/tierra-del-fuego\/\" rel=\"category tag\">Tierra del Fuego<\/a>","tag_info":"Tierra del Fuego","comment_count":"0","_links":{"self":[{"href":"https:\/\/opinionpublica.com.ar\/index\/wp-json\/wp\/v2\/posts\/11060","targetHints":{"allow":["GET"]}}],"collection":[{"href":"https:\/\/opinionpublica.com.ar\/index\/wp-json\/wp\/v2\/posts"}],"about":[{"href":"https:\/\/opinionpublica.com.ar\/index\/wp-json\/wp\/v2\/types\/post"}],"author":[{"embeddable":true,"href":"https:\/\/opinionpublica.com.ar\/index\/wp-json\/wp\/v2\/users\/5"}],"replies":[{"embeddable":true,"href":"https:\/\/opinionpublica.com.ar\/index\/wp-json\/wp\/v2\/comments?post=11060"}],"version-history":[{"count":1,"href":"https:\/\/opinionpublica.com.ar\/index\/wp-json\/wp\/v2\/posts\/11060\/revisions"}],"predecessor-version":[{"id":11063,"href":"https:\/\/opinionpublica.com.ar\/index\/wp-json\/wp\/v2\/posts\/11060\/revisions\/11063"}],"wp:featuredmedia":[{"embeddable":true,"href":"https:\/\/opinionpublica.com.ar\/index\/wp-json\/wp\/v2\/media\/11062"}],"wp:attachment":[{"href":"https:\/\/opinionpublica.com.ar\/index\/wp-json\/wp\/v2\/media?parent=11060"}],"wp:term":[{"taxonomy":"category","embeddable":true,"href":"https:\/\/opinionpublica.com.ar\/index\/wp-json\/wp\/v2\/categories?post=11060"},{"taxonomy":"post_tag","embeddable":true,"href":"https:\/\/opinionpublica.com.ar\/index\/wp-json\/wp\/v2\/tags?post=11060"}],"curies":[{"name":"wp","href":"https:\/\/api.w.org\/{rel}","templated":true}]}}