{"id":11064,"date":"2025-09-15T09:11:03","date_gmt":"2025-09-15T12:11:03","guid":{"rendered":"https:\/\/opinionpublica.com.ar\/index\/?p=11064"},"modified":"2025-09-15T09:11:03","modified_gmt":"2025-09-15T12:11:03","slug":"tension-diplomatica-ushuaia-figura-sin-malvinas-argentinas-en-la-web-de-latam","status":"publish","type":"post","link":"https:\/\/opinionpublica.com.ar\/index\/tension-diplomatica-ushuaia-figura-sin-malvinas-argentinas-en-la-web-de-latam\/","title":{"rendered":"Tensi\u00f3n diplom\u00e1tica: Ushuaia figura sin \u201cMalvinas Argentinas\u201d en la web de LATAM"},"content":{"rendered":"<p><strong>Tensi\u00f3n diplom\u00e1tica: Ushuaia figura sin \u201cMalvinas Argentinas\u201d en la web de LATAM<\/strong><\/p>\n<p><a href=\"https:\/\/opinionpublica.com.ar\/index\/wp-content\/uploads\/2025\/09\/047-LATAM-Airbus-A320-PR-TYI-SCSE-Tiago-Barba-scaled-1-1-696x481-1.jpg\"><img fetchpriority=\"high\" decoding=\"async\" class=\"alignnone size-full wp-image-11066\" src=\"https:\/\/opinionpublica.com.ar\/index\/wp-content\/uploads\/2025\/09\/047-LATAM-Airbus-A320-PR-TYI-SCSE-Tiago-Barba-scaled-1-1-696x481-1.jpg\" alt=\"\" width=\"696\" height=\"481\" srcset=\"https:\/\/opinionpublica.com.ar\/index\/wp-content\/uploads\/2025\/09\/047-LATAM-Airbus-A320-PR-TYI-SCSE-Tiago-Barba-scaled-1-1-696x481-1.jpg 696w, https:\/\/opinionpublica.com.ar\/index\/wp-content\/uploads\/2025\/09\/047-LATAM-Airbus-A320-PR-TYI-SCSE-Tiago-Barba-scaled-1-1-696x481-1-300x207.jpg 300w\" sizes=\"(max-width: 696px) 100vw, 696px\" \/><\/a><\/p>\n<p>Un nuevo episodio de tensi\u00f3n diplom\u00e1tica se desat\u00f3 luego de que la aerol\u00ednea LATAM quitara de sus pasajes y de su plataforma web la denominaci\u00f3n oficial \u201cMalvinas Argentinas\u201d del aeropuerto de Ushuaia. La decisi\u00f3n responde a un pedido de la Asamblea Legislativa de las Islas Malvinas, lo que fue interpretado como un gesto contrario a la soberan\u00eda argentina.<\/p>\n<p>&nbsp;<\/p>\n<p>El cambio se produjo en el marco de la primera escala del vuelo que, desde el 13 de septiembre, conecta Santiago de Chile, Punta Arenas, Ushuaia y Monte Agradable, en las islas bajo administraci\u00f3n brit\u00e1nica. Si bien la empresa argument\u00f3 que la modificaci\u00f3n del recorrido se debe a reparaciones en la pista del aeropuerto de R\u00edo Gallegos, la medida incluy\u00f3 tambi\u00e9n la imposici\u00f3n de los legisladores isle\u00f1os de eliminar la menci\u00f3n al nombre oficial del aeropuerto fueguino.<\/p>\n<p>&nbsp;<\/p>\n<p>Mientras que terminales como la de Punta Arenas aparecen en los registros de LATAM con su nombre completo, en el caso de Ushuaia se evita de manera deliberada la referencia a \u201cMalvinas Argentinas\u201d. Este acto resulta particularmente sensible, dado que el nombre constituye un s\u00edmbolo de soberan\u00eda y un homenaje a los combatientes de la guerra de 1982.<\/p>\n<p>&nbsp;<\/p>\n<p>El episodio expone la influencia brit\u00e1nica en decisiones que afectan directamente a la Argentina y reabre el debate sobre la necesidad de una respuesta firme por parte del Estado nacional para sostener sus reclamos hist\u00f3ricos sobre las islas.<\/p>\n","protected":false},"excerpt":{"rendered":"<p>Tensi\u00f3n diplom\u00e1tica: Ushuaia figura sin \u201cMalvinas Argentinas\u201d en la web de LATAM Un nuevo episodio de tensi\u00f3n diplom\u00e1tica<\/p>\n","protected":false},"author":5,"featured_media":11066,"comment_status":"open","ping_status":"open","sticky":false,"template":"","format":"standard","meta":{"footnotes":""},"categories":[2],"tags":[443,3842],"class_list":["post-11064","post","type-post","status-publish","format-standard","has-post-thumbnail","hentry","category-tierra-del-fuego","tag-islas-malvinas","tag-latam"],"featured_image_urls":{"full":["https:\/\/opinionpublica.com.ar\/index\/wp-content\/uploads\/2025\/09\/047-LATAM-Airbus-A320-PR-TYI-SCSE-Tiago-Barba-scaled-1-1-696x481-1.jpg",696,481,false],"thumbnail":["https:\/\/opinionpublica.com.ar\/index\/wp-content\/uploads\/2025\/09\/047-LATAM-Airbus-A320-PR-TYI-SCSE-Tiago-Barba-scaled-1-1-696x481-1-150x150.jpg",150,150,true],"medium":["https:\/\/opinionpublica.com.ar\/index\/wp-content\/uploads\/2025\/09\/047-LATAM-Airbus-A320-PR-TYI-SCSE-Tiago-Barba-scaled-1-1-696x481-1-300x207.jpg",300,207,true],"medium_large":["https:\/\/opinionpublica.com.ar\/index\/wp-content\/uploads\/2025\/09\/047-LATAM-Airbus-A320-PR-TYI-SCSE-Tiago-Barba-scaled-1-1-696x481-1.jpg",640,442,false],"large":["https:\/\/opinionpublica.com.ar\/index\/wp-content\/uploads\/2025\/09\/047-LATAM-Airbus-A320-PR-TYI-SCSE-Tiago-Barba-scaled-1-1-696x481-1.jpg",640,442,false],"1536x1536":["https:\/\/opinionpublica.com.ar\/index\/wp-content\/uploads\/2025\/09\/047-LATAM-Airbus-A320-PR-TYI-SCSE-Tiago-Barba-scaled-1-1-696x481-1.jpg",696,481,false],"2048x2048":["https:\/\/opinionpublica.com.ar\/index\/wp-content\/uploads\/2025\/09\/047-LATAM-Airbus-A320-PR-TYI-SCSE-Tiago-Barba-scaled-1-1-696x481-1.jpg",696,481,false],"morenews-large":["https:\/\/opinionpublica.com.ar\/index\/wp-content\/uploads\/2025\/09\/047-LATAM-Airbus-A320-PR-TYI-SCSE-Tiago-Barba-scaled-1-1-696x481-1.jpg",696,481,false],"morenews-medium":["https:\/\/opinionpublica.com.ar\/index\/wp-content\/uploads\/2025\/09\/047-LATAM-Airbus-A320-PR-TYI-SCSE-Tiago-Barba-scaled-1-1-696x481-1-590x410.jpg",590,410,true]},"author_info":{"display_name":"Hal","author_link":"https:\/\/opinionpublica.com.ar\/index\/author\/hal\/"},"category_info":"<a href=\"https:\/\/opinionpublica.com.ar\/index\/category\/tierra-del-fuego\/\" rel=\"category tag\">Tierra del Fuego<\/a>","tag_info":"Tierra del Fuego","comment_count":"0","_links":{"self":[{"href":"https:\/\/opinionpublica.com.ar\/index\/wp-json\/wp\/v2\/posts\/11064","targetHints":{"allow":["GET"]}}],"collection":[{"href":"https:\/\/opinionpublica.com.ar\/index\/wp-json\/wp\/v2\/posts"}],"about":[{"href":"https:\/\/opinionpublica.com.ar\/index\/wp-json\/wp\/v2\/types\/post"}],"author":[{"embeddable":true,"href":"https:\/\/opinionpublica.com.ar\/index\/wp-json\/wp\/v2\/users\/5"}],"replies":[{"embeddable":true,"href":"https:\/\/opinionpublica.com.ar\/index\/wp-json\/wp\/v2\/comments?post=11064"}],"version-history":[{"count":1,"href":"https:\/\/opinionpublica.com.ar\/index\/wp-json\/wp\/v2\/posts\/11064\/revisions"}],"predecessor-version":[{"id":11067,"href":"https:\/\/opinionpublica.com.ar\/index\/wp-json\/wp\/v2\/posts\/11064\/revisions\/11067"}],"wp:featuredmedia":[{"embeddable":true,"href":"https:\/\/opinionpublica.com.ar\/index\/wp-json\/wp\/v2\/media\/11066"}],"wp:attachment":[{"href":"https:\/\/opinionpublica.com.ar\/index\/wp-json\/wp\/v2\/media?parent=11064"}],"wp:term":[{"taxonomy":"category","embeddable":true,"href":"https:\/\/opinionpublica.com.ar\/index\/wp-json\/wp\/v2\/categories?post=11064"},{"taxonomy":"post_tag","embeddable":true,"href":"https:\/\/opinionpublica.com.ar\/index\/wp-json\/wp\/v2\/tags?post=11064"}],"curies":[{"name":"wp","href":"https:\/\/api.w.org\/{rel}","templated":true}]}}