{"id":11068,"date":"2025-09-15T09:16:22","date_gmt":"2025-09-15T12:16:22","guid":{"rendered":"https:\/\/opinionpublica.com.ar\/index\/?p=11068"},"modified":"2025-09-15T09:16:22","modified_gmt":"2025-09-15T12:16:22","slug":"avanza-la-planificacion-para-peninsula-mitre","status":"publish","type":"post","link":"https:\/\/opinionpublica.com.ar\/index\/avanza-la-planificacion-para-peninsula-mitre\/","title":{"rendered":"Avanza la planificaci\u00f3n para Pen\u00ednsula Mitre"},"content":{"rendered":"<p><strong>Avanza la planificaci\u00f3n para Pen\u00ednsula Mitre<\/strong><\/p>\n<p><a href=\"https:\/\/opinionpublica.com.ar\/index\/wp-content\/uploads\/2025\/09\/20250914100536c660d4d76f525cb6261206f0b00b0ec5_min.jpg\"><img fetchpriority=\"high\" decoding=\"async\" class=\"alignnone size-full wp-image-11069\" src=\"https:\/\/opinionpublica.com.ar\/index\/wp-content\/uploads\/2025\/09\/20250914100536c660d4d76f525cb6261206f0b00b0ec5_min.jpg\" alt=\"\" width=\"500\" height=\"333\" srcset=\"https:\/\/opinionpublica.com.ar\/index\/wp-content\/uploads\/2025\/09\/20250914100536c660d4d76f525cb6261206f0b00b0ec5_min.jpg 500w, https:\/\/opinionpublica.com.ar\/index\/wp-content\/uploads\/2025\/09\/20250914100536c660d4d76f525cb6261206f0b00b0ec5_min-300x200.jpg 300w\" sizes=\"(max-width: 500px) 100vw, 500px\" \/><\/a><\/p>\n<p>La Secretar\u00eda de Ambiente present\u00f3 el balance anual y los pr\u00f3ximos pasos en la elaboraci\u00f3n del Plan de Manejo del \u00c1rea Natural Protegida Pen\u00ednsula Mitre. En diciembre se realizar\u00e1 un encuentro abierto a acad\u00e9micos, profesionales y personas con saberes populares.<\/p>\n<p>&nbsp;<\/p>\n<p>El Ministerio de Producci\u00f3n y Ambiente, a trav\u00e9s de la Secretar\u00eda de Ambiente, llev\u00f3 adelante la cuarta reuni\u00f3n de la Comisi\u00f3n Consultiva del \u00c1rea Natural Protegida Pen\u00ednsula Mitre (ANPPM).<\/p>\n<p>&nbsp;<\/p>\n<p>All\u00ed se present\u00f3 el balance de gesti\u00f3n 2024-2025, documento que ser\u00e1 remitido a la Legislatura provincial, y se expusieron avances en personal, registro de visitantes y acciones concretadas en la \u00faltima temporada.<\/p>\n<p>&nbsp;<\/p>\n<p>En este marco, la secretaria de Ambiente, Andrea Bianchi, anunci\u00f3 que en diciembre se desarrollar\u00e1 una jornada de conocimiento dedicada a Pen\u00ednsula Mitre. El encuentro convocar\u00e1 a acad\u00e9micos, profesionales y referentes con saberes populares para enriquecer el diagn\u00f3stico y la caracterizaci\u00f3n del \u00e1rea protegida, insumos claves en la elaboraci\u00f3n del Plan de Manejo y Gesti\u00f3n. con el objetivo de aportar al diagn\u00f3stico y caracterizaci\u00f3n del \u00e1rea protegida. \u201cContar con esta herramienta es fundamental para la gesti\u00f3n del \u00e1rea, en pos de garantizar la conservaci\u00f3n de sus valores naturales y culturales\u201d, subray\u00f3.<\/p>\n<p>&nbsp;<\/p>\n<p>La comisi\u00f3n consultiva valor\u00f3 los esfuerzos destinados a promover instancias participativas y coincidi\u00f3 en la necesidad de establecer una agenda com\u00fan de corto y mediano plazo.<\/p>\n<p>&nbsp;<\/p>\n<p>Entre las prioridades se remarc\u00f3 la construcci\u00f3n de infraestructura b\u00e1sica para guardaparques en los ingresos norte y sur, as\u00ed como el fortalecimiento de la fiscalizaci\u00f3n mediante convenios con instituciones aliadas.<\/p>\n<p>&nbsp;<\/p>\n<p>Otro de los puntos valorados fue la puesta en marcha del sistema digital de registro de visitantes, considerado esencial para conocer el uso real del \u00e1rea y planificar pol\u00edticas sobre bases concretas. En ese sentido, la Universidad Nacional de Tierra del Fuego present\u00f3 un proyecto destinado a ampliar el alcance y difusi\u00f3n de la herramienta.<\/p>\n<p>&nbsp;<\/p>\n<p>Finalmente, Bianchi resalt\u00f3 el trabajo del comit\u00e9 de seguimiento integrado por profesionales e instituciones. Seg\u00fan indic\u00f3, se trata de un espacio fundamental para aportar al conocimiento del \u00e1rea y consolidar la gobernanza participativa que demanda la elaboraci\u00f3n del Plan de Manejo. \u201cContar con esta herramienta es clave para garantizar la conservaci\u00f3n de los valores naturales y culturales de Pen\u00ednsula Mitre\u201d, concluy\u00f3.<\/p>\n<p>&nbsp;<\/p>\n<p>&nbsp;<\/p>\n","protected":false},"excerpt":{"rendered":"<p>Avanza la planificaci\u00f3n para Pen\u00ednsula Mitre La Secretar\u00eda de Ambiente present\u00f3 el balance anual y los pr\u00f3ximos pasos<\/p>\n","protected":false},"author":5,"featured_media":11069,"comment_status":"open","ping_status":"open","sticky":false,"template":"","format":"standard","meta":{"footnotes":""},"categories":[2],"tags":[3843,595],"class_list":["post-11068","post","type-post","status-publish","format-standard","has-post-thumbnail","hentry","category-tierra-del-fuego","tag-areas-naturales-protegidas","tag-peninsula-mitre"],"featured_image_urls":{"full":["https:\/\/opinionpublica.com.ar\/index\/wp-content\/uploads\/2025\/09\/20250914100536c660d4d76f525cb6261206f0b00b0ec5_min.jpg",500,333,false],"thumbnail":["https:\/\/opinionpublica.com.ar\/index\/wp-content\/uploads\/2025\/09\/20250914100536c660d4d76f525cb6261206f0b00b0ec5_min-150x150.jpg",150,150,true],"medium":["https:\/\/opinionpublica.com.ar\/index\/wp-content\/uploads\/2025\/09\/20250914100536c660d4d76f525cb6261206f0b00b0ec5_min-300x200.jpg",300,200,true],"medium_large":["https:\/\/opinionpublica.com.ar\/index\/wp-content\/uploads\/2025\/09\/20250914100536c660d4d76f525cb6261206f0b00b0ec5_min.jpg",500,333,false],"large":["https:\/\/opinionpublica.com.ar\/index\/wp-content\/uploads\/2025\/09\/20250914100536c660d4d76f525cb6261206f0b00b0ec5_min.jpg",500,333,false],"1536x1536":["https:\/\/opinionpublica.com.ar\/index\/wp-content\/uploads\/2025\/09\/20250914100536c660d4d76f525cb6261206f0b00b0ec5_min.jpg",500,333,false],"2048x2048":["https:\/\/opinionpublica.com.ar\/index\/wp-content\/uploads\/2025\/09\/20250914100536c660d4d76f525cb6261206f0b00b0ec5_min.jpg",500,333,false],"morenews-large":["https:\/\/opinionpublica.com.ar\/index\/wp-content\/uploads\/2025\/09\/20250914100536c660d4d76f525cb6261206f0b00b0ec5_min.jpg",500,333,false],"morenews-medium":["https:\/\/opinionpublica.com.ar\/index\/wp-content\/uploads\/2025\/09\/20250914100536c660d4d76f525cb6261206f0b00b0ec5_min.jpg",500,333,false]},"author_info":{"display_name":"Hal","author_link":"https:\/\/opinionpublica.com.ar\/index\/author\/hal\/"},"category_info":"<a href=\"https:\/\/opinionpublica.com.ar\/index\/category\/tierra-del-fuego\/\" rel=\"category tag\">Tierra del Fuego<\/a>","tag_info":"Tierra del Fuego","comment_count":"0","_links":{"self":[{"href":"https:\/\/opinionpublica.com.ar\/index\/wp-json\/wp\/v2\/posts\/11068","targetHints":{"allow":["GET"]}}],"collection":[{"href":"https:\/\/opinionpublica.com.ar\/index\/wp-json\/wp\/v2\/posts"}],"about":[{"href":"https:\/\/opinionpublica.com.ar\/index\/wp-json\/wp\/v2\/types\/post"}],"author":[{"embeddable":true,"href":"https:\/\/opinionpublica.com.ar\/index\/wp-json\/wp\/v2\/users\/5"}],"replies":[{"embeddable":true,"href":"https:\/\/opinionpublica.com.ar\/index\/wp-json\/wp\/v2\/comments?post=11068"}],"version-history":[{"count":1,"href":"https:\/\/opinionpublica.com.ar\/index\/wp-json\/wp\/v2\/posts\/11068\/revisions"}],"predecessor-version":[{"id":11070,"href":"https:\/\/opinionpublica.com.ar\/index\/wp-json\/wp\/v2\/posts\/11068\/revisions\/11070"}],"wp:featuredmedia":[{"embeddable":true,"href":"https:\/\/opinionpublica.com.ar\/index\/wp-json\/wp\/v2\/media\/11069"}],"wp:attachment":[{"href":"https:\/\/opinionpublica.com.ar\/index\/wp-json\/wp\/v2\/media?parent=11068"}],"wp:term":[{"taxonomy":"category","embeddable":true,"href":"https:\/\/opinionpublica.com.ar\/index\/wp-json\/wp\/v2\/categories?post=11068"},{"taxonomy":"post_tag","embeddable":true,"href":"https:\/\/opinionpublica.com.ar\/index\/wp-json\/wp\/v2\/tags?post=11068"}],"curies":[{"name":"wp","href":"https:\/\/api.w.org\/{rel}","templated":true}]}}