{"id":11071,"date":"2025-09-15T09:20:02","date_gmt":"2025-09-15T12:20:02","guid":{"rendered":"https:\/\/opinionpublica.com.ar\/index\/?p=11071"},"modified":"2025-09-15T09:20:02","modified_gmt":"2025-09-15T12:20:02","slug":"ultiman-detalles-para-la-inauguracion-del-hogar-de-dia-municipal-papa-francisco-en-rio-grande","status":"publish","type":"post","link":"https:\/\/opinionpublica.com.ar\/index\/ultiman-detalles-para-la-inauguracion-del-hogar-de-dia-municipal-papa-francisco-en-rio-grande\/","title":{"rendered":"Ultiman detalles para la inauguraci\u00f3n del Hogar de D\u00eda Municipal \u201cPapa Francisco\u201d en R\u00edo Grande"},"content":{"rendered":"<p><strong>Ultiman detalles para la inauguraci\u00f3n del Hogar de D\u00eda Municipal \u201cPapa Francisco\u201d en R\u00edo Grande<\/strong><\/p>\n<p><a href=\"https:\/\/opinionpublica.com.ar\/index\/wp-content\/uploads\/2025\/09\/20250915025854_w1261ybx0jhl9668s8yddef.jpg\"><img fetchpriority=\"high\" decoding=\"async\" class=\"alignnone size-full wp-image-11072\" src=\"https:\/\/opinionpublica.com.ar\/index\/wp-content\/uploads\/2025\/09\/20250915025854_w1261ybx0jhl9668s8yddef.jpg\" alt=\"\" width=\"880\" height=\"586\" srcset=\"https:\/\/opinionpublica.com.ar\/index\/wp-content\/uploads\/2025\/09\/20250915025854_w1261ybx0jhl9668s8yddef.jpg 880w, https:\/\/opinionpublica.com.ar\/index\/wp-content\/uploads\/2025\/09\/20250915025854_w1261ybx0jhl9668s8yddef-300x200.jpg 300w, https:\/\/opinionpublica.com.ar\/index\/wp-content\/uploads\/2025\/09\/20250915025854_w1261ybx0jhl9668s8yddef-768x511.jpg 768w\" sizes=\"(max-width: 880px) 100vw, 880px\" \/><\/a><\/p>\n<p>El nuevo espacio fue construido con fondos propios del Municipio y estar\u00e1 destinado al cuidado y la recreaci\u00f3n de los adultos mayores de la ciudad. El intendente Mart\u00edn P\u00e9rez supervis\u00f3 los trabajos finales de la obra antes de su inauguraci\u00f3n.<\/p>\n<p>&nbsp;<\/p>\n<p>El intendente Mart\u00edn Perez supervis\u00f3 los trabajos finales del Hogar de D\u00eda \u201cPapa Francisco\u201d, una obra orientada a la atenci\u00f3n y el cuidado de las personas mayores de R\u00edo Grande.<\/p>\n<p>La obra fue financiada por el Municipio y abrir\u00e1 sus puertas en los pr\u00f3ximos d\u00edas, seg\u00fan adelantaron las autoridades.<\/p>\n<p>En ese contexto, el intendente Perez, junto a la secretaria de G\u00e9nero y Desarrollo Comunitario, Ivana Ybars, y la secretaria de Obras P\u00fablicas, Silvina M\u00f3naco, recorri\u00f3 el edificio que se encuentra ubicado en Jorge Newbery y Elcano, supervisando los trabajos finales.<\/p>\n<p>&nbsp;<\/p>\n<p>Este nuevo espacio brindar\u00e1 talleres y actividades recreativas como zumba, pilates, stretching, pintura, reciclado y manualidades, entre otros, adem\u00e1s de propuestas de promoci\u00f3n de la salud, nutrici\u00f3n y autocuidado, con el objetivo de fortalecer la autonom\u00eda, bienestar y el sentido de comunidad entre vecinos y vecinas.<\/p>\n<p>&nbsp;<\/p>\n<p>\u201cDesde el inicio de nuestra gesti\u00f3n decidimos poner a los adultos mayores en el centro. Trabajamos con mucha responsabilidad para que se sientan acompa\u00f1ados desde nuestra Direcci\u00f3n del Adulto Mayor y hoy podemos decir que, en los pr\u00f3ximos d\u00edas, nuestra ciudad contar\u00e1 con un espacio \u00fanico para su atenci\u00f3n y cuidado. Nos pone muy felices poder finalizar una obra muy esperada por toda la comunidad\u00bb, destac\u00f3 el jefe comunal.<\/p>\n<p>&nbsp;<\/p>\n<p>Finalmente, la secretaria de Obras P\u00fablicas, Silvina M\u00f3naco, detall\u00f3 que \u201cactualmente se llevan adelante tareas de pintura interior y exterior, as\u00ed como el armado del mobiliario. El espacio cuenta con un sal\u00f3n de usos m\u00faltiples, cocina, aula-taller, ba\u00f1os adaptados y consultorio, adem\u00e1s de \u00e1reas en el exterior pensadas para el disfrute de los vecinos y vecinas al aire libre\u201d.<\/p>\n","protected":false},"excerpt":{"rendered":"<p>Ultiman detalles para la inauguraci\u00f3n del Hogar de D\u00eda Municipal \u201cPapa Francisco\u201d en R\u00edo Grande El nuevo espacio<\/p>\n","protected":false},"author":5,"featured_media":11072,"comment_status":"open","ping_status":"open","sticky":false,"template":"","format":"standard","meta":{"footnotes":""},"categories":[25],"tags":[3844,3845,260,1596,7],"class_list":["post-11071","post","type-post","status-publish","format-standard","has-post-thumbnail","hentry","category-rio-grande","tag-adultos-mayores","tag-hogar-de-dia-papa-francisco","tag-martin-perez","tag-municipio-de-rio-grande","tag-rio-grande"],"featured_image_urls":{"full":["https:\/\/opinionpublica.com.ar\/index\/wp-content\/uploads\/2025\/09\/20250915025854_w1261ybx0jhl9668s8yddef.jpg",880,586,false],"thumbnail":["https:\/\/opinionpublica.com.ar\/index\/wp-content\/uploads\/2025\/09\/20250915025854_w1261ybx0jhl9668s8yddef-150x150.jpg",150,150,true],"medium":["https:\/\/opinionpublica.com.ar\/index\/wp-content\/uploads\/2025\/09\/20250915025854_w1261ybx0jhl9668s8yddef-300x200.jpg",300,200,true],"medium_large":["https:\/\/opinionpublica.com.ar\/index\/wp-content\/uploads\/2025\/09\/20250915025854_w1261ybx0jhl9668s8yddef-768x511.jpg",640,426,true],"large":["https:\/\/opinionpublica.com.ar\/index\/wp-content\/uploads\/2025\/09\/20250915025854_w1261ybx0jhl9668s8yddef.jpg",640,426,false],"1536x1536":["https:\/\/opinionpublica.com.ar\/index\/wp-content\/uploads\/2025\/09\/20250915025854_w1261ybx0jhl9668s8yddef.jpg",880,586,false],"2048x2048":["https:\/\/opinionpublica.com.ar\/index\/wp-content\/uploads\/2025\/09\/20250915025854_w1261ybx0jhl9668s8yddef.jpg",880,586,false],"morenews-large":["https:\/\/opinionpublica.com.ar\/index\/wp-content\/uploads\/2025\/09\/20250915025854_w1261ybx0jhl9668s8yddef-825x575.jpg",825,575,true],"morenews-medium":["https:\/\/opinionpublica.com.ar\/index\/wp-content\/uploads\/2025\/09\/20250915025854_w1261ybx0jhl9668s8yddef-590x410.jpg",590,410,true]},"author_info":{"display_name":"Hal","author_link":"https:\/\/opinionpublica.com.ar\/index\/author\/hal\/"},"category_info":"<a href=\"https:\/\/opinionpublica.com.ar\/index\/category\/rio-grande\/\" rel=\"category tag\">Rio Grande<\/a>","tag_info":"Rio Grande","comment_count":"0","_links":{"self":[{"href":"https:\/\/opinionpublica.com.ar\/index\/wp-json\/wp\/v2\/posts\/11071","targetHints":{"allow":["GET"]}}],"collection":[{"href":"https:\/\/opinionpublica.com.ar\/index\/wp-json\/wp\/v2\/posts"}],"about":[{"href":"https:\/\/opinionpublica.com.ar\/index\/wp-json\/wp\/v2\/types\/post"}],"author":[{"embeddable":true,"href":"https:\/\/opinionpublica.com.ar\/index\/wp-json\/wp\/v2\/users\/5"}],"replies":[{"embeddable":true,"href":"https:\/\/opinionpublica.com.ar\/index\/wp-json\/wp\/v2\/comments?post=11071"}],"version-history":[{"count":2,"href":"https:\/\/opinionpublica.com.ar\/index\/wp-json\/wp\/v2\/posts\/11071\/revisions"}],"predecessor-version":[{"id":11074,"href":"https:\/\/opinionpublica.com.ar\/index\/wp-json\/wp\/v2\/posts\/11071\/revisions\/11074"}],"wp:featuredmedia":[{"embeddable":true,"href":"https:\/\/opinionpublica.com.ar\/index\/wp-json\/wp\/v2\/media\/11072"}],"wp:attachment":[{"href":"https:\/\/opinionpublica.com.ar\/index\/wp-json\/wp\/v2\/media?parent=11071"}],"wp:term":[{"taxonomy":"category","embeddable":true,"href":"https:\/\/opinionpublica.com.ar\/index\/wp-json\/wp\/v2\/categories?post=11071"},{"taxonomy":"post_tag","embeddable":true,"href":"https:\/\/opinionpublica.com.ar\/index\/wp-json\/wp\/v2\/tags?post=11071"}],"curies":[{"name":"wp","href":"https:\/\/api.w.org\/{rel}","templated":true}]}}