{"id":11075,"date":"2025-09-15T09:27:45","date_gmt":"2025-09-15T12:27:45","guid":{"rendered":"https:\/\/opinionpublica.com.ar\/index\/?p=11075"},"modified":"2025-09-15T09:27:45","modified_gmt":"2025-09-15T12:27:45","slug":"los-vinculos-de-elsztain-con-los-misiles-en-malvinas","status":"publish","type":"post","link":"https:\/\/opinionpublica.com.ar\/index\/los-vinculos-de-elsztain-con-los-misiles-en-malvinas\/","title":{"rendered":"Los v\u00ednculos de Elsztain con los misiles en Malvinas"},"content":{"rendered":"<p><strong>Los v\u00ednculos de Elsztain con los misiles en Malvinas<\/strong><\/p>\n<p><a href=\"https:\/\/opinionpublica.com.ar\/index\/wp-content\/uploads\/2025\/09\/20190627055026_rapier_lanzamiento_hebrides.jpg\"><img fetchpriority=\"high\" decoding=\"async\" class=\"alignnone size-full wp-image-11077\" src=\"https:\/\/opinionpublica.com.ar\/index\/wp-content\/uploads\/2025\/09\/20190627055026_rapier_lanzamiento_hebrides.jpg\" alt=\"\" width=\"880\" height=\"586\" srcset=\"https:\/\/opinionpublica.com.ar\/index\/wp-content\/uploads\/2025\/09\/20190627055026_rapier_lanzamiento_hebrides.jpg 880w, https:\/\/opinionpublica.com.ar\/index\/wp-content\/uploads\/2025\/09\/20190627055026_rapier_lanzamiento_hebrides-300x200.jpg 300w, https:\/\/opinionpublica.com.ar\/index\/wp-content\/uploads\/2025\/09\/20190627055026_rapier_lanzamiento_hebrides-768x511.jpg 768w\" sizes=\"(max-width: 880px) 100vw, 880px\" \/><\/a><\/p>\n<p>Los brit\u00e1nicos no usan en Malvinas misiles Rafael, sino su software MIC4AD, que integra todo el sistema de defensa. La tecnolog\u00eda de la empresa israel\u00ed, del magnate argentino, es el \u00abcerebro\u00bb del dispositivo militar.<\/p>\n<p>&nbsp;<\/p>\n<p>Los nuevos sistemas Sky Sabre instalados por Gran Breta\u00f1a en Malvinas, poseen el software de comando y control desarrollado por Rafael.<\/p>\n<p>&nbsp;<\/p>\n<p>Las recientes declaraciones de Gast\u00f3n Alberdi, uno de los fundadores del partido gobernante La Libertad Avanza, han sacudido el panorama pol\u00edtico y medi\u00e1tico argentino al acusar a Eduardo Elsztain, un influyente empresario y mecenas de la campa\u00f1a de Javier Milei, de proveer los misiles que el Reino Unido despleg\u00f3 en las Islas Malvinas. Esta denuncia, que pone en el centro de la escena a uno de los financistas premium de la campa\u00f1a presidencial libertaria, requiere un an\u00e1lisis detallado de los sistemas armament\u00edsticos mencionados y el rol de la empresa israel\u00ed en cuesti\u00f3n.<\/p>\n<p>&nbsp;<\/p>\n<p>Seg\u00fan Alberdi, la empresa Rafael Advanced Defense Systems, con sede en Israel y supuestamente vinculada a Elsztain a trav\u00e9s de su holding, fue la responsable de la venta de estos misiles a las fuerzas brit\u00e1nicas. Si bien la denuncia sobre el v\u00ednculo empresarial es el foco pol\u00edtico de la acusaci\u00f3n, es crucial desglosar el papel de Rafael en el equipamiento militar de las Malvinas para comprender la gravedad de la situaci\u00f3n.<\/p>\n<p><a href=\"https:\/\/opinionpublica.com.ar\/index\/wp-content\/uploads\/2025\/09\/gCo94m9cBkSaVpv980Z8WcM3Wns66N6vcWcXg9Ve-scaled.jpg\"><img decoding=\"async\" class=\"alignnone size-full wp-image-11076\" src=\"https:\/\/opinionpublica.com.ar\/index\/wp-content\/uploads\/2025\/09\/gCo94m9cBkSaVpv980Z8WcM3Wns66N6vcWcXg9Ve-scaled.jpg\" alt=\"\" width=\"2560\" height=\"1342\" srcset=\"https:\/\/opinionpublica.com.ar\/index\/wp-content\/uploads\/2025\/09\/gCo94m9cBkSaVpv980Z8WcM3Wns66N6vcWcXg9Ve-scaled.jpg 2560w, https:\/\/opinionpublica.com.ar\/index\/wp-content\/uploads\/2025\/09\/gCo94m9cBkSaVpv980Z8WcM3Wns66N6vcWcXg9Ve-300x157.jpg 300w, https:\/\/opinionpublica.com.ar\/index\/wp-content\/uploads\/2025\/09\/gCo94m9cBkSaVpv980Z8WcM3Wns66N6vcWcXg9Ve-1024x537.jpg 1024w, https:\/\/opinionpublica.com.ar\/index\/wp-content\/uploads\/2025\/09\/gCo94m9cBkSaVpv980Z8WcM3Wns66N6vcWcXg9Ve-768x403.jpg 768w, https:\/\/opinionpublica.com.ar\/index\/wp-content\/uploads\/2025\/09\/gCo94m9cBkSaVpv980Z8WcM3Wns66N6vcWcXg9Ve-1536x805.jpg 1536w, https:\/\/opinionpublica.com.ar\/index\/wp-content\/uploads\/2025\/09\/gCo94m9cBkSaVpv980Z8WcM3Wns66N6vcWcXg9Ve-2048x1074.jpg 2048w\" sizes=\"(max-width: 2560px) 100vw, 2560px\" \/><\/a><\/p>\n<p>Rafael Advanced Defense Systems es un fabricante l\u00edder en sistemas de defensa y armamento, conocido mundialmente por productos como la familia de misiles antitanque Spike y los misiles aire-aire Python y Derby. Sin embargo, la conexi\u00f3n directa de esta empresa con el armamento brit\u00e1nico en las Malvinas no se basa en la venta de un sistema de misiles completo como el ic\u00f3nico Iron Dome, sino en la provisi\u00f3n de un componente clave para su defensa a\u00e9rea.<\/p>\n<p>&nbsp;<\/p>\n<p>El sistema de defensa a\u00e9rea brit\u00e1nico en las islas, conocido como Sky Sabre, no utiliza misiles fabricados por Rafael. En su lugar, el Reino Unido ha integrado el Modular, Integrated C4I Air &amp; Missile Defense System (MIC4AD), un software de comando y control desarrollado por Rafael que act\u00faa como el \u00abcerebro\u00bb del sistema. El software conecta el radar de vigilancia (Saab Giraffe) con los lanzadores de misiles (MBDA Land Ceptor), permitiendo una respuesta r\u00e1pida y coordinada contra amenazas a\u00e9reas. En esencia, la tecnolog\u00eda de Rafael proporciona el sistema de gesti\u00f3n de combate que optimiza el rendimiento del armamento de otros fabricantes. La compra brit\u00e1nica se centr\u00f3 en la arquitectura de comando y control, no en los proyectiles en s\u00ed mismos. Esto no aten\u00faa la acusaci\u00f3n de Alberdi, sino que la contextualiza militarmente, demostrando que la empresa se\u00f1alada tiene un rol integral en la infraestructura de defensa de las islas.<\/p>\n<p>&nbsp;<\/p>\n<p>La denuncia de Alberdi, m\u00e1s all\u00e1 de la tecnolog\u00eda de los misiles, se enmarca en un contexto de serias implicaciones pol\u00edticas. El informante, que form\u00f3 parte del c\u00edrculo \u00edntimo de Javier Milei en sus inicios, no solo acusa a Elsztain de ser un \u00abtraidor a la patria\u00bb por estos negocios, sino que tambi\u00e9n vincula a la hermana del presidente, Karina Milei, con supuestas maniobras de recaudaci\u00f3n de fondos para la campa\u00f1a. Este relato, cargado de acusaciones personales y v\u00ednculos financieros oscuros, deslegitima a\u00fan m\u00e1s la figura de Javier Milei y su gobierno desde su n\u00facleo fundacional.<\/p>\n<p>&nbsp;<\/p>\n<p>La acusaci\u00f3n de Alberdi, que pone en el mismo plano los v\u00ednculos del presidente con un magnate y la venta de tecnolog\u00eda militar a una potencia ocupante de territorio argentino, es de extrema gravedad. El hecho de que un empresario de la talla de Elsztain, con inversiones en miner\u00eda y otros sectores estrat\u00e9gicos, sea se\u00f1alado como proveedor de un componente de la defensa brit\u00e1nica en Malvinas, refuerza la narrativa de la fusi\u00f3n de intereses privados y pol\u00edticos denunciada por el exmiembro de La Libertad Avanza. La situaci\u00f3n resalta la complejidad de las relaciones de poder en la Argentina, donde la figura de un mecenas de campa\u00f1a se ve envuelta en una controversia de alcance geopol\u00edtico, reviviendo el hist\u00f3rico y sensible debate sobre la soberan\u00eda de las Malvinas y la relaci\u00f3n con el Reino Unido.<\/p>\n","protected":false},"excerpt":{"rendered":"<p>Los v\u00ednculos de Elsztain con los misiles en Malvinas Los brit\u00e1nicos no usan en Malvinas misiles Rafael, sino<\/p>\n","protected":false},"author":5,"featured_media":11076,"comment_status":"open","ping_status":"open","sticky":false,"template":"","format":"standard","meta":{"footnotes":""},"categories":[3],"tags":[3846,443,3847],"class_list":["post-11075","post","type-post","status-publish","format-standard","has-post-thumbnail","hentry","category-nacionales","tag-eduardo-elsztain","tag-islas-malvinas","tag-rafael-system"],"featured_image_urls":{"full":["https:\/\/opinionpublica.com.ar\/index\/wp-content\/uploads\/2025\/09\/gCo94m9cBkSaVpv980Z8WcM3Wns66N6vcWcXg9Ve-scaled.jpg",2560,1342,false],"thumbnail":["https:\/\/opinionpublica.com.ar\/index\/wp-content\/uploads\/2025\/09\/gCo94m9cBkSaVpv980Z8WcM3Wns66N6vcWcXg9Ve-150x150.jpg",150,150,true],"medium":["https:\/\/opinionpublica.com.ar\/index\/wp-content\/uploads\/2025\/09\/gCo94m9cBkSaVpv980Z8WcM3Wns66N6vcWcXg9Ve-300x157.jpg",300,157,true],"medium_large":["https:\/\/opinionpublica.com.ar\/index\/wp-content\/uploads\/2025\/09\/gCo94m9cBkSaVpv980Z8WcM3Wns66N6vcWcXg9Ve-768x403.jpg",640,336,true],"large":["https:\/\/opinionpublica.com.ar\/index\/wp-content\/uploads\/2025\/09\/gCo94m9cBkSaVpv980Z8WcM3Wns66N6vcWcXg9Ve-1024x537.jpg",640,336,true],"1536x1536":["https:\/\/opinionpublica.com.ar\/index\/wp-content\/uploads\/2025\/09\/gCo94m9cBkSaVpv980Z8WcM3Wns66N6vcWcXg9Ve-1536x805.jpg",1536,805,true],"2048x2048":["https:\/\/opinionpublica.com.ar\/index\/wp-content\/uploads\/2025\/09\/gCo94m9cBkSaVpv980Z8WcM3Wns66N6vcWcXg9Ve-2048x1074.jpg",2048,1074,true],"morenews-large":["https:\/\/opinionpublica.com.ar\/index\/wp-content\/uploads\/2025\/09\/gCo94m9cBkSaVpv980Z8WcM3Wns66N6vcWcXg9Ve-825x575.jpg",825,575,true],"morenews-medium":["https:\/\/opinionpublica.com.ar\/index\/wp-content\/uploads\/2025\/09\/gCo94m9cBkSaVpv980Z8WcM3Wns66N6vcWcXg9Ve-590x410.jpg",590,410,true]},"author_info":{"display_name":"Hal","author_link":"https:\/\/opinionpublica.com.ar\/index\/author\/hal\/"},"category_info":"<a href=\"https:\/\/opinionpublica.com.ar\/index\/category\/nacionales\/\" rel=\"category tag\">Nacionales<\/a>","tag_info":"Nacionales","comment_count":"0","_links":{"self":[{"href":"https:\/\/opinionpublica.com.ar\/index\/wp-json\/wp\/v2\/posts\/11075","targetHints":{"allow":["GET"]}}],"collection":[{"href":"https:\/\/opinionpublica.com.ar\/index\/wp-json\/wp\/v2\/posts"}],"about":[{"href":"https:\/\/opinionpublica.com.ar\/index\/wp-json\/wp\/v2\/types\/post"}],"author":[{"embeddable":true,"href":"https:\/\/opinionpublica.com.ar\/index\/wp-json\/wp\/v2\/users\/5"}],"replies":[{"embeddable":true,"href":"https:\/\/opinionpublica.com.ar\/index\/wp-json\/wp\/v2\/comments?post=11075"}],"version-history":[{"count":1,"href":"https:\/\/opinionpublica.com.ar\/index\/wp-json\/wp\/v2\/posts\/11075\/revisions"}],"predecessor-version":[{"id":11078,"href":"https:\/\/opinionpublica.com.ar\/index\/wp-json\/wp\/v2\/posts\/11075\/revisions\/11078"}],"wp:featuredmedia":[{"embeddable":true,"href":"https:\/\/opinionpublica.com.ar\/index\/wp-json\/wp\/v2\/media\/11076"}],"wp:attachment":[{"href":"https:\/\/opinionpublica.com.ar\/index\/wp-json\/wp\/v2\/media?parent=11075"}],"wp:term":[{"taxonomy":"category","embeddable":true,"href":"https:\/\/opinionpublica.com.ar\/index\/wp-json\/wp\/v2\/categories?post=11075"},{"taxonomy":"post_tag","embeddable":true,"href":"https:\/\/opinionpublica.com.ar\/index\/wp-json\/wp\/v2\/tags?post=11075"}],"curies":[{"name":"wp","href":"https:\/\/api.w.org\/{rel}","templated":true}]}}