{"id":11079,"date":"2025-09-15T09:45:43","date_gmt":"2025-09-15T12:45:43","guid":{"rendered":"https:\/\/opinionpublica.com.ar\/index\/?p=11079"},"modified":"2025-09-15T09:45:43","modified_gmt":"2025-09-15T12:45:43","slug":"causa-leonelli-el-cierre-judicial-que-deja-abiertas-las-sospechas-de-encubrimiento","status":"publish","type":"post","link":"https:\/\/opinionpublica.com.ar\/index\/causa-leonelli-el-cierre-judicial-que-deja-abiertas-las-sospechas-de-encubrimiento\/","title":{"rendered":"Causa Leonelli: el cierre judicial que deja abiertas las sospechas de encubrimiento"},"content":{"rendered":"<p class=\"ftitulo cblack fz43 mb15 bold lh50\"><strong>Causa Leonelli: el cierre judicial que deja abiertas las sospechas de encubrimiento<\/strong><\/p>\n<p><a href=\"https:\/\/opinionpublica.com.ar\/index\/wp-content\/uploads\/2025\/09\/bfef34afbff2f6d7efa7f67712d12f91c87b26e2.jpg\"><img fetchpriority=\"high\" decoding=\"async\" class=\"alignnone size-full wp-image-11080\" src=\"https:\/\/opinionpublica.com.ar\/index\/wp-content\/uploads\/2025\/09\/bfef34afbff2f6d7efa7f67712d12f91c87b26e2.jpg\" alt=\"\" width=\"880\" height=\"512\" srcset=\"https:\/\/opinionpublica.com.ar\/index\/wp-content\/uploads\/2025\/09\/bfef34afbff2f6d7efa7f67712d12f91c87b26e2.jpg 880w, https:\/\/opinionpublica.com.ar\/index\/wp-content\/uploads\/2025\/09\/bfef34afbff2f6d7efa7f67712d12f91c87b26e2-300x175.jpg 300w, https:\/\/opinionpublica.com.ar\/index\/wp-content\/uploads\/2025\/09\/bfef34afbff2f6d7efa7f67712d12f91c87b26e2-768x447.jpg 768w\" sizes=\"(max-width: 880px) 100vw, 880px\" \/><\/a><\/p>\n<p class=\"fparrafo ctext fz18 lh25\">El Juzgado de Instrucci\u00f3n N.\u00ba 2, a cargo de la jueza Mar\u00eda Cristina Barrionuevo, resolvi\u00f3 este viernes archivar la investigaci\u00f3n que pesaba sobre el camarista Andr\u00e9s Leonelli por la presunta tenencia y manipulaci\u00f3n de material de abuso sexual infantil.<\/p>\n<p>La decisi\u00f3n, basada en una pericia inform\u00e1tica que concluy\u00f3 que no existi\u00f3 delito, llega sin embargo en medio de una cadena de irregularidades que deja m\u00e1s dudas que certezas: desaparici\u00f3n de pruebas, quiebre de la cadena de custodia y la intervenci\u00f3n de jueces con posibles conflictos de intereses.<\/p>\n<p>&nbsp;<\/p>\n<p><strong>Origen: un alerta internacional y los allanamientos<\/strong><\/p>\n<p>El expediente se inici\u00f3 a partir de un reporte del National Center for Missing &amp; Exploited Children (NCMEC) de Estados Unidos, que detect\u00f3 actividad vinculada a material de abuso sexual infantil desde una direcci\u00f3n IP de Ushuaia. Ese aviso deriv\u00f3 en allanamientos en el domicilio y el despacho de Leonelli, con secuestro de dispositivos electr\u00f3nicos y copias de respaldo.<\/p>\n<p>La clave de la resoluci\u00f3n judicial fue una pericia inform\u00e1tica realizada el 5 de septiembre, que determin\u00f3 que en abril de este a\u00f1o el magistrado subi\u00f3 miles de archivos laborales a su cuenta de Google Drive personal. Entre ellos se detectaron im\u00e1genes de un expediente por abuso infantil tramitado en 2016, cuando Leonelli ejerc\u00eda como juez en R\u00edo Grande.<\/p>\n<p>&nbsp;<\/p>\n<p><strong>Lo que se prob\u00f3 (y lo que no)<\/strong><\/p>\n<p>La pericia acredit\u00f3 tres puntos:<\/p>\n<p>Las im\u00e1genes exist\u00edan y estaban alojadas en la cuenta personal del magistrado.<\/p>\n<p>Eran coincidentes con un expediente judicial archivado en 2016.<\/p>\n<p>Ingresaron a la nube en una carga masiva del 15 de abril.<\/p>\n<p>Pero la resoluci\u00f3n judicial omiti\u00f3 responder preguntas de fondo: \u00bfpor qu\u00e9 material de extrema sensibilidad termin\u00f3 en una cuenta personal?, \u00bfqui\u00e9n garantiz\u00f3 la custodia de esas pruebas?, \u00bfqu\u00e9 controles fallaron para que permanecieran a\u00f1os fuera de los protocolos oficiales?<\/p>\n<p>&nbsp;<\/p>\n<p><strong>Pruebas desaparecidas y cadena de custodia rota<\/strong><\/p>\n<p>Uno de los aspectos m\u00e1s graves fue la desaparici\u00f3n de dos CDs con evidencia, que seg\u00fan registros internos llegaron \u201csellados y en perfecto estado\u201d a la Mesa de Entradas, pero nunca aparecieron en el \u00e1rea de destino.<\/p>\n<p>El memorando que deja constancia de la recepci\u00f3n y posterior ausencia de los discos confirma que la ruptura de la cadena de custodia ocurri\u00f3 dentro del propio edificio judicial. A pesar de ello, no se abrieron sumarios internos ni se brindaron explicaciones p\u00fablicas.<\/p>\n<p>&nbsp;<\/p>\n<p><strong>Conflictos de inter\u00e9s: jueces que votan siendo socios<\/strong><\/p>\n<p>La intervenci\u00f3n de la C\u00e1mara de Apelaciones profundiz\u00f3 las sospechas. La nulidad de peritajes clave fue votada por magistrados cuestionados por sus v\u00ednculos comerciales con Leonelli en emprendimientos inmobiliarios locales. Para juristas y abogados independientes, se trata de un conflicto de inter\u00e9s de manual que debi\u00f3 haber generado excusaciones autom\u00e1ticas.<\/p>\n<p>&nbsp;<\/p>\n<p><strong>El cierre del expediente<\/strong><\/p>\n<p>La fiscal especializada consider\u00f3 que no exist\u00edan elementos suficientes para sostener un delito doloso y pidi\u00f3 el archivo, lo que fue convalidado por la jueza Barrionuevo. Para sectores de la sociedad civil y referentes jur\u00eddicos, la resoluci\u00f3n constituye un cierre prematuro que protege m\u00e1s al sistema judicial que a la ciudadan\u00eda.<\/p>\n<p>&nbsp;<\/p>\n<p><strong>Voces divididas<\/strong><\/p>\n<p>Defensa: el abogado Gustavo Ariznavarreta afirm\u00f3 que se trat\u00f3 de una \u201cconfusi\u00f3n t\u00e9cnica\u201d y que las im\u00e1genes eran parte de un expediente de 2016.<\/p>\n<p>&nbsp;<\/p>\n<p>Cr\u00edticos: juristas como Jorge Pintos sostienen que la sola tenencia constituye un delito y que el caso expuso \u201cnegocios cruzados, encubrimientos y silencios\u201d dentro de la Justicia fueguina.<\/p>\n<p>&nbsp;<\/p>\n<p>\u00bfQui\u00e9n sustrajo los CDs y por qu\u00e9 no hay sumarios internos?<\/p>\n<p>&nbsp;<\/p>\n<p>\u00bfPor qu\u00e9 un juez con v\u00ednculos comerciales vot\u00f3 en el caso sin excusarse?<\/p>\n<p>&nbsp;<\/p>\n<p>\u00bfQu\u00e9 protocolos existen para resguardar pruebas digitales de abuso infantil?<\/p>\n<p>&nbsp;<\/p>\n<p>\u00bfPor qu\u00e9 el Consejo de la Magistratura no fue notificado inmediatamente?<\/p>\n<p>&nbsp;<\/p>\n<p><strong>Lo que deja el caso<\/strong><\/p>\n<p>El archivo formal de la causa Leonelli ofrece una radiograf\u00eda preocupante: pruebas desaparecidas dentro del Poder Judicial, magistrados votando con posibles incompatibilidades y una conclusi\u00f3n que, lejos de disipar dudas, fortalece la idea de autoprotecci\u00f3n institucional.<\/p>\n<p>&nbsp;<\/p>\n<p>Hasta que no haya sumarios, sanciones y reformas concretas \u2014como una cadena de custodia digital inviolable, protocolos de incompatibilidad y pericias externas independientes\u2014, la percepci\u00f3n ser\u00e1 una: la Justicia se blind\u00f3 a s\u00ed misma, dejando desprotegida a la sociedad y a las infancias que deb\u00eda resguardar.<\/p>\n<p>&nbsp;<\/p>\n","protected":false},"excerpt":{"rendered":"<p>Causa Leonelli: el cierre judicial que deja abiertas las sospechas de encubrimiento El Juzgado de Instrucci\u00f3n N.\u00ba 2,<\/p>\n","protected":false},"author":5,"featured_media":11080,"comment_status":"open","ping_status":"open","sticky":false,"template":"","format":"standard","meta":{"footnotes":""},"categories":[2],"tags":[3582,208,3848],"class_list":["post-11079","post","type-post","status-publish","format-standard","has-post-thumbnail","hentry","category-tierra-del-fuego","tag-andres-leonelli","tag-justicia","tag-pedofilia"],"featured_image_urls":{"full":["https:\/\/opinionpublica.com.ar\/index\/wp-content\/uploads\/2025\/09\/bfef34afbff2f6d7efa7f67712d12f91c87b26e2.jpg",880,512,false],"thumbnail":["https:\/\/opinionpublica.com.ar\/index\/wp-content\/uploads\/2025\/09\/bfef34afbff2f6d7efa7f67712d12f91c87b26e2-150x150.jpg",150,150,true],"medium":["https:\/\/opinionpublica.com.ar\/index\/wp-content\/uploads\/2025\/09\/bfef34afbff2f6d7efa7f67712d12f91c87b26e2-300x175.jpg",300,175,true],"medium_large":["https:\/\/opinionpublica.com.ar\/index\/wp-content\/uploads\/2025\/09\/bfef34afbff2f6d7efa7f67712d12f91c87b26e2-768x447.jpg",640,373,true],"large":["https:\/\/opinionpublica.com.ar\/index\/wp-content\/uploads\/2025\/09\/bfef34afbff2f6d7efa7f67712d12f91c87b26e2.jpg",640,372,false],"1536x1536":["https:\/\/opinionpublica.com.ar\/index\/wp-content\/uploads\/2025\/09\/bfef34afbff2f6d7efa7f67712d12f91c87b26e2.jpg",880,512,false],"2048x2048":["https:\/\/opinionpublica.com.ar\/index\/wp-content\/uploads\/2025\/09\/bfef34afbff2f6d7efa7f67712d12f91c87b26e2.jpg",880,512,false],"morenews-large":["https:\/\/opinionpublica.com.ar\/index\/wp-content\/uploads\/2025\/09\/bfef34afbff2f6d7efa7f67712d12f91c87b26e2-825x512.jpg",825,512,true],"morenews-medium":["https:\/\/opinionpublica.com.ar\/index\/wp-content\/uploads\/2025\/09\/bfef34afbff2f6d7efa7f67712d12f91c87b26e2-590x410.jpg",590,410,true]},"author_info":{"display_name":"Hal","author_link":"https:\/\/opinionpublica.com.ar\/index\/author\/hal\/"},"category_info":"<a href=\"https:\/\/opinionpublica.com.ar\/index\/category\/tierra-del-fuego\/\" rel=\"category tag\">Tierra del Fuego<\/a>","tag_info":"Tierra del Fuego","comment_count":"0","_links":{"self":[{"href":"https:\/\/opinionpublica.com.ar\/index\/wp-json\/wp\/v2\/posts\/11079","targetHints":{"allow":["GET"]}}],"collection":[{"href":"https:\/\/opinionpublica.com.ar\/index\/wp-json\/wp\/v2\/posts"}],"about":[{"href":"https:\/\/opinionpublica.com.ar\/index\/wp-json\/wp\/v2\/types\/post"}],"author":[{"embeddable":true,"href":"https:\/\/opinionpublica.com.ar\/index\/wp-json\/wp\/v2\/users\/5"}],"replies":[{"embeddable":true,"href":"https:\/\/opinionpublica.com.ar\/index\/wp-json\/wp\/v2\/comments?post=11079"}],"version-history":[{"count":1,"href":"https:\/\/opinionpublica.com.ar\/index\/wp-json\/wp\/v2\/posts\/11079\/revisions"}],"predecessor-version":[{"id":11081,"href":"https:\/\/opinionpublica.com.ar\/index\/wp-json\/wp\/v2\/posts\/11079\/revisions\/11081"}],"wp:featuredmedia":[{"embeddable":true,"href":"https:\/\/opinionpublica.com.ar\/index\/wp-json\/wp\/v2\/media\/11080"}],"wp:attachment":[{"href":"https:\/\/opinionpublica.com.ar\/index\/wp-json\/wp\/v2\/media?parent=11079"}],"wp:term":[{"taxonomy":"category","embeddable":true,"href":"https:\/\/opinionpublica.com.ar\/index\/wp-json\/wp\/v2\/categories?post=11079"},{"taxonomy":"post_tag","embeddable":true,"href":"https:\/\/opinionpublica.com.ar\/index\/wp-json\/wp\/v2\/tags?post=11079"}],"curies":[{"name":"wp","href":"https:\/\/api.w.org\/{rel}","templated":true}]}}