{"id":11082,"date":"2025-09-15T09:51:45","date_gmt":"2025-09-15T12:51:45","guid":{"rendered":"https:\/\/opinionpublica.com.ar\/index\/?p=11082"},"modified":"2025-09-15T09:51:45","modified_gmt":"2025-09-15T12:51:45","slug":"pesca-artesanal-tension-entre-modelos-productivos","status":"publish","type":"post","link":"https:\/\/opinionpublica.com.ar\/index\/pesca-artesanal-tension-entre-modelos-productivos\/","title":{"rendered":"Pesca artesanal: Tensi\u00f3n entre modelos productivos"},"content":{"rendered":"<p><strong>Pesca artesanal: Tensi\u00f3n entre modelos productivos<\/strong><\/p>\n<p><a href=\"https:\/\/opinionpublica.com.ar\/index\/wp-content\/uploads\/2024\/08\/puerto-almanza-1.jpeg\"><img fetchpriority=\"high\" decoding=\"async\" class=\"alignnone size-full wp-image-5076\" src=\"https:\/\/opinionpublica.com.ar\/index\/wp-content\/uploads\/2024\/08\/puerto-almanza-1.jpeg\" alt=\"\" width=\"2000\" height=\"1333\" srcset=\"https:\/\/opinionpublica.com.ar\/index\/wp-content\/uploads\/2024\/08\/puerto-almanza-1.jpeg 2000w, https:\/\/opinionpublica.com.ar\/index\/wp-content\/uploads\/2024\/08\/puerto-almanza-1-300x200.jpeg 300w, https:\/\/opinionpublica.com.ar\/index\/wp-content\/uploads\/2024\/08\/puerto-almanza-1-1024x682.jpeg 1024w, https:\/\/opinionpublica.com.ar\/index\/wp-content\/uploads\/2024\/08\/puerto-almanza-1-768x512.jpeg 768w, https:\/\/opinionpublica.com.ar\/index\/wp-content\/uploads\/2024\/08\/puerto-almanza-1-1536x1024.jpeg 1536w\" sizes=\"(max-width: 2000px) 100vw, 2000px\" \/><\/a><\/p>\n<p>El referente del sector, Carlos C\u00e1rcamo, valor\u00f3 los controles actuales dispuestos sobre la especie centolla, pero puso sus reparos por el impacto que los emprendimientos industriales puede causar en la actividad de pescadores tradicionales.<\/p>\n<p>&nbsp;<\/p>\n<p><strong>promo invierno<\/strong><\/p>\n<p>El pescador artesanal Carlos C\u00e1rcamo expres\u00f3 su preocupaci\u00f3n por el desplazamiento que est\u00e1n sufriendo los trabajadores del canal Beagle ante el avance de proyectos industriales en \u00e1reas hist\u00f3ricamente dedicadas a la pesca artesanal. Si bien reconoci\u00f3 que el control sobre la actividad mejor\u00f3 notablemente en los \u00faltimos a\u00f1os, advirti\u00f3 que \u201cnos est\u00e1n corriendo de zonas donde pesc\u00e1bamos centolla y cada vez el cuello de botella es m\u00e1s chico\u201d.<\/p>\n<p>&nbsp;<\/p>\n<p>En di\u00e1logo con Zoom a Diario, destac\u00f3 que actualmente existe un monitoreo constante de la actividad pesquera. \u201cHay un control efectivo. Tenemos sistemas de geolocalizaci\u00f3n por sat\u00e9lite que permiten saber d\u00f3nde estamos, cu\u00e1nto tiempo navegamos, e incluso se controla en qu\u00e9 momento baja la velocidad de la embarcaci\u00f3n\u201d, explic\u00f3. Seg\u00fan Carcamo, estas medidas impactaron positivamente en el combate de la pesca ilegal: \u201cLa centolla que se vende m\u00e1s barata en Chile es ilegal. Ac\u00e1 tenemos costos muy altos y controles estrictos. Cuando alguien ofrece precios por debajo, hay que sospechar\u201d.<\/p>\n<p><a href=\"https:\/\/opinionpublica.com.ar\/index\/wp-content\/uploads\/2024\/08\/puerto-almanza-barco.jpg\"><img decoding=\"async\" class=\"alignnone size-full wp-image-5078\" src=\"https:\/\/opinionpublica.com.ar\/index\/wp-content\/uploads\/2024\/08\/puerto-almanza-barco.jpg\" alt=\"\" width=\"800\" height=\"600\" srcset=\"https:\/\/opinionpublica.com.ar\/index\/wp-content\/uploads\/2024\/08\/puerto-almanza-barco.jpg 800w, https:\/\/opinionpublica.com.ar\/index\/wp-content\/uploads\/2024\/08\/puerto-almanza-barco-300x225.jpg 300w, https:\/\/opinionpublica.com.ar\/index\/wp-content\/uploads\/2024\/08\/puerto-almanza-barco-768x576.jpg 768w\" sizes=\"(max-width: 800px) 100vw, 800px\" \/><\/a><\/p>\n<p>El punto m\u00e1s conflictivo para el sector artesanal tiene que ver con los crecientes problemas de convivencia con proyectos industriales, especialmente el avance del cultivo de mejillones impulsado por el grupo Newsan. \u201cEra un piloto con dos espejos de agua y ahora ya son diez. Nos desplazaron de lugares hist\u00f3ricos de pesca\u201d, se\u00f1al\u00f3.<\/p>\n<p>&nbsp;<\/p>\n<p>Adem\u00e1s, record\u00f3 que ya existieron experiencias previas de exportaci\u00f3n de mejillones en Almanza que no recibieron respaldo oficial: \u201cNo son los primeros en exportar. Ya lo hab\u00edan hecho Gualdez y Avira Argentina. La diferencia es que ahora toda la atenci\u00f3n est\u00e1 puesta en una sola empresa, y los pescadores artesanales quedamos relegados\u201d.<\/p>\n<p>&nbsp;<\/p>\n<p>C\u00e1rcamo tambi\u00e9n apunt\u00f3 contra los crecientes requisitos t\u00e9cnicos para operar legalmente, que excluyen a muchos peque\u00f1os productores: \u201cLos requerimientos para sacar mariscos se incrementaron tanto que muchos no los pueden cumplir. No podemos competir con una empresa que tiene semejante capital. Incluso pasamos de usar un muelle a no poder usarlo m\u00e1s porque est\u00e1 ocupado\u201d.<\/p>\n<p>&nbsp;<\/p>\n<p>En la actualidad, hay entre 16 y 17 embarcaciones habilitadas para pescar centolla en el canal argentino, con un l\u00edmite de 100 trampas por unidad. Esa cifra contrasta con la escala que se permite en la parte chilena del canal: \u201cEn Navarino o Puerto Toro, una sola embarcaci\u00f3n puede tener mil trampas. Ac\u00e1 somos 16 y usamos en total 2.000. La depredaci\u00f3n no se hace de este lado\u201d, afirm\u00f3.<\/p>\n<p>&nbsp;<\/p>\n<p>Si bien valor\u00f3 los avances en trazabilidad y fiscalizaci\u00f3n, C\u00e1rcamo subray\u00f3 que \u201cla coexistencia con la industria es cada vez m\u00e1s dif\u00edcil\u201d y sostuvo que el Estado deber\u00eda garantizar condiciones de equidad para todos los actores del sector. \u201cNosotros est\u00e1bamos primero. Almanza era un pueblo de pescadores donde no ven\u00eda nadie. Hoy lo ven con fines tur\u00edsticos y productivos, y terminamos quedando relegados. Somos invisibles para la sociedad y vamos a ir desapareciendo\u201d, concluy\u00f3.<\/p>\n","protected":false},"excerpt":{"rendered":"<p>Pesca artesanal: Tensi\u00f3n entre modelos productivos El referente del sector, Carlos C\u00e1rcamo, valor\u00f3 los controles actuales dispuestos sobre<\/p>\n","protected":false},"author":5,"featured_media":5078,"comment_status":"open","ping_status":"open","sticky":false,"template":"","format":"standard","meta":{"footnotes":""},"categories":[2],"tags":[48,158],"class_list":["post-11082","post","type-post","status-publish","format-standard","has-post-thumbnail","hentry","category-tierra-del-fuego","tag-pesca-artesanal","tag-puerto-almanza"],"featured_image_urls":{"full":["https:\/\/opinionpublica.com.ar\/index\/wp-content\/uploads\/2024\/08\/puerto-almanza-barco.jpg",800,600,false],"thumbnail":["https:\/\/opinionpublica.com.ar\/index\/wp-content\/uploads\/2024\/08\/puerto-almanza-barco-150x150.jpg",150,150,true],"medium":["https:\/\/opinionpublica.com.ar\/index\/wp-content\/uploads\/2024\/08\/puerto-almanza-barco-300x225.jpg",300,225,true],"medium_large":["https:\/\/opinionpublica.com.ar\/index\/wp-content\/uploads\/2024\/08\/puerto-almanza-barco-768x576.jpg",640,480,true],"large":["https:\/\/opinionpublica.com.ar\/index\/wp-content\/uploads\/2024\/08\/puerto-almanza-barco.jpg",640,480,false],"1536x1536":["https:\/\/opinionpublica.com.ar\/index\/wp-content\/uploads\/2024\/08\/puerto-almanza-barco.jpg",800,600,false],"2048x2048":["https:\/\/opinionpublica.com.ar\/index\/wp-content\/uploads\/2024\/08\/puerto-almanza-barco.jpg",800,600,false],"morenews-large":["https:\/\/opinionpublica.com.ar\/index\/wp-content\/uploads\/2024\/08\/puerto-almanza-barco-800x575.jpg",800,575,true],"morenews-medium":["https:\/\/opinionpublica.com.ar\/index\/wp-content\/uploads\/2024\/08\/puerto-almanza-barco-590x410.jpg",590,410,true]},"author_info":{"display_name":"Hal","author_link":"https:\/\/opinionpublica.com.ar\/index\/author\/hal\/"},"category_info":"<a href=\"https:\/\/opinionpublica.com.ar\/index\/category\/tierra-del-fuego\/\" rel=\"category tag\">Tierra del Fuego<\/a>","tag_info":"Tierra del Fuego","comment_count":"0","_links":{"self":[{"href":"https:\/\/opinionpublica.com.ar\/index\/wp-json\/wp\/v2\/posts\/11082","targetHints":{"allow":["GET"]}}],"collection":[{"href":"https:\/\/opinionpublica.com.ar\/index\/wp-json\/wp\/v2\/posts"}],"about":[{"href":"https:\/\/opinionpublica.com.ar\/index\/wp-json\/wp\/v2\/types\/post"}],"author":[{"embeddable":true,"href":"https:\/\/opinionpublica.com.ar\/index\/wp-json\/wp\/v2\/users\/5"}],"replies":[{"embeddable":true,"href":"https:\/\/opinionpublica.com.ar\/index\/wp-json\/wp\/v2\/comments?post=11082"}],"version-history":[{"count":1,"href":"https:\/\/opinionpublica.com.ar\/index\/wp-json\/wp\/v2\/posts\/11082\/revisions"}],"predecessor-version":[{"id":11083,"href":"https:\/\/opinionpublica.com.ar\/index\/wp-json\/wp\/v2\/posts\/11082\/revisions\/11083"}],"wp:featuredmedia":[{"embeddable":true,"href":"https:\/\/opinionpublica.com.ar\/index\/wp-json\/wp\/v2\/media\/5078"}],"wp:attachment":[{"href":"https:\/\/opinionpublica.com.ar\/index\/wp-json\/wp\/v2\/media?parent=11082"}],"wp:term":[{"taxonomy":"category","embeddable":true,"href":"https:\/\/opinionpublica.com.ar\/index\/wp-json\/wp\/v2\/categories?post=11082"},{"taxonomy":"post_tag","embeddable":true,"href":"https:\/\/opinionpublica.com.ar\/index\/wp-json\/wp\/v2\/tags?post=11082"}],"curies":[{"name":"wp","href":"https:\/\/api.w.org\/{rel}","templated":true}]}}