{"id":11084,"date":"2025-09-15T09:57:34","date_gmt":"2025-09-15T12:57:34","guid":{"rendered":"https:\/\/opinionpublica.com.ar\/index\/?p=11084"},"modified":"2025-09-15T09:57:34","modified_gmt":"2025-09-15T12:57:34","slug":"gustavo-ventura-tierra-del-fuego-necesita-un-cambio-de-paradigma-urgente-para-reactivar-su-economia","status":"publish","type":"post","link":"https:\/\/opinionpublica.com.ar\/index\/gustavo-ventura-tierra-del-fuego-necesita-un-cambio-de-paradigma-urgente-para-reactivar-su-economia\/","title":{"rendered":"Gustavo Ventura: \u201cTierra del Fuego necesita un cambio de paradigma urgente para reactivar su econom\u00eda\u201d"},"content":{"rendered":"<p><strong>Gustavo Ventura: \u201cTierra del Fuego necesita un cambio de paradigma urgente para reactivar su econom\u00eda\u201d<\/strong><\/p>\n<p><a href=\"https:\/\/opinionpublica.com.ar\/index\/wp-content\/uploads\/2025\/09\/IMG-20250915-WA0005.jpg\"><img fetchpriority=\"high\" decoding=\"async\" class=\"alignnone size-full wp-image-11085\" src=\"https:\/\/opinionpublica.com.ar\/index\/wp-content\/uploads\/2025\/09\/IMG-20250915-WA0005.jpg\" alt=\"\" width=\"1125\" height=\"579\" srcset=\"https:\/\/opinionpublica.com.ar\/index\/wp-content\/uploads\/2025\/09\/IMG-20250915-WA0005.jpg 1125w, https:\/\/opinionpublica.com.ar\/index\/wp-content\/uploads\/2025\/09\/IMG-20250915-WA0005-300x154.jpg 300w, https:\/\/opinionpublica.com.ar\/index\/wp-content\/uploads\/2025\/09\/IMG-20250915-WA0005-1024x527.jpg 1024w, https:\/\/opinionpublica.com.ar\/index\/wp-content\/uploads\/2025\/09\/IMG-20250915-WA0005-768x395.jpg 768w\" sizes=\"(max-width: 1125px) 100vw, 1125px\" \/><\/a><\/p>\n<p>En una entrevista realizada por el periodista Lucio Di Matteo en el streaming \u201cReplay\u201d, el referente del Partido Arraigo y Renovaci\u00f3n (PAR), empresario y presidente de la Fundaci\u00f3n Argentina Desarrolla Gustavo Ventura, analiz\u00f3 la grave situaci\u00f3n econ\u00f3mica que atraviesa Tierra del Fuego y plante\u00f3 los ejes de un nuevo modelo de desarrollo productivo para la provincia.<\/p>\n<p>&nbsp;<\/p>\n<p>Durante el reportaje, Ventura advirti\u00f3 sobre el escenario cr\u00edtico de la industria fueguina y del sector hidrocarbur\u00edfero, con posibles ca\u00eddas de contratos y despidos a partir de 2026, en un contexto de baja actividad tur\u00edstica y cierre de comercios que impacta en la construcci\u00f3n, el comercio y los aserraderos. \u201cLa desocupaci\u00f3n crece mes a mes y la provincia no puede seguir sin un plan serio para generar empleo\u201d, se\u00f1al\u00f3.<\/p>\n<p>&nbsp;<\/p>\n<p>El dirigente critic\u00f3 la falta de respuestas del gobierno provincial actual y enfatiz\u00f3 la necesidad de \u201cun cambio de paradigma\u201d que combine inversi\u00f3n p\u00fablica y privada con desarrollo econ\u00f3mico sustentable. Ventura revel\u00f3 que equipos t\u00e9cnicos de su fundaci\u00f3n, integrados por m\u00e1s de 80 profesionales, ya est\u00e1n trabajando en este nuevo modelo para \u201cponer en marcha el motor productivo de la provincia\u201d. Al respecto se\u00f1al\u00f3 que dada la grave situaci\u00f3n que atraviesa la provincias pone a disposici\u00f3n del Gobernador los mismos para generar alternativas, tender puentes con los sectores productivos, empresariales y sectores acad\u00e9micos tanto de la provincia como nacionales.<\/p>\n<p>&nbsp;<\/p>\n<p>Al detallar los ejes estrat\u00e9gicos del plan, Ventura mencion\u00f3 cuatro sectores fundamentales:<\/p>\n<p>\u2022 Turismo<\/p>\n<p>\u2022 Hidrocarburos<\/p>\n<p>\u2022 Pesca<\/p>\n<p>\u2022 Nueva industria tecnol\u00f3gica (software, inteligencia artificial y desarrollo de proyectos vinculados a la econom\u00eda del conocimiento)<\/p>\n<p>&nbsp;<\/p>\n<p>En este sentido, remarc\u00f3 las ventajas competitivas que ofrece Tierra del Fuego: el r\u00e9gimen impositivo de la Ley 19.640, la posibilidad de trabajar en la formaci\u00f3n de j\u00f3venes, las condiciones clim\u00e1ticas favorables para centros de datos y la necesidad de un \u201cgobierno \u00e1gil y din\u00e1mico\u201d que acompa\u00f1e estas inversiones sumado a cuestiones como un Banco de Tierra del Fuego con una nueva mirada enfocada en el acompa\u00f1amiento a emprendedores, pymes y empresas con deseo de inversi\u00f3n, sin dejar de lado un nuevo marco legal que constituya con seguridad jur\u00eddica que acompa\u00f1e.<\/p>\n<p>&nbsp;<\/p>\n<p>Consultado sobre la cuesti\u00f3n energ\u00e9tica, Ventura la defini\u00f3 como un pilar fundamental para el desarrollo de la isla. \u201cNo podemos pensar en motorizaci\u00f3n econ\u00f3mica, en nuevas inversiones y en formaci\u00f3n de capital humano sin energ\u00eda. El interconectado es vital y por otro lado, espero que el proyecto con China no sea un anuncio m\u00e1s en tiempo electoral, como sucedi\u00f3 con el puerto de R\u00edo Grande, el puerto comercial de Ushuaia, o las promesas de infraestructura en salud y educaci\u00f3n\u201d, advirti\u00f3.<\/p>\n<p>&nbsp;<\/p>\n<p>Finalmente, al ser consultado sobre las recientes elecciones en la provincia de Buenos Aires, Ventura analiz\u00f3: \u201cLa sociedad envi\u00f3 un mensaje. No creo que los aparatos pol\u00edticos que dicen haber definido la elecci\u00f3n lo hayan hecho. Pueden mover un par de puntos, pero cuando perd\u00e9s por m\u00e1s de diez hay un mensaje claro: la econom\u00eda no est\u00e1 funcionando\u201d.<\/p>\n<p>&nbsp;<\/p>\n<p>Link de la nota completa: <a href=\"https:\/\/www.youtube.com\/live\/6fa8BGYNTC4?si=TsDqj5px-DyOF7au\">https:\/\/www.youtube.com\/live\/6fa8BGYNTC4?si=TsDqj5px-DyOF7au<\/a><\/p>\n","protected":false},"excerpt":{"rendered":"<p>Gustavo Ventura: \u201cTierra del Fuego necesita un cambio de paradigma urgente para reactivar su econom\u00eda\u201d En una entrevista<\/p>\n","protected":false},"author":5,"featured_media":11085,"comment_status":"open","ping_status":"open","sticky":false,"template":"","format":"standard","meta":{"footnotes":""},"categories":[1096,2],"tags":[12,144,5],"class_list":["post-11084","post","type-post","status-publish","format-standard","has-post-thumbnail","hentry","category-destacada","category-tierra-del-fuego","tag-economia","tag-gustavo-ventura","tag-tierra-del-fuego"],"featured_image_urls":{"full":["https:\/\/opinionpublica.com.ar\/index\/wp-content\/uploads\/2025\/09\/IMG-20250915-WA0005.jpg",1125,579,false],"thumbnail":["https:\/\/opinionpublica.com.ar\/index\/wp-content\/uploads\/2025\/09\/IMG-20250915-WA0005-150x150.jpg",150,150,true],"medium":["https:\/\/opinionpublica.com.ar\/index\/wp-content\/uploads\/2025\/09\/IMG-20250915-WA0005-300x154.jpg",300,154,true],"medium_large":["https:\/\/opinionpublica.com.ar\/index\/wp-content\/uploads\/2025\/09\/IMG-20250915-WA0005-768x395.jpg",640,329,true],"large":["https:\/\/opinionpublica.com.ar\/index\/wp-content\/uploads\/2025\/09\/IMG-20250915-WA0005-1024x527.jpg",640,329,true],"1536x1536":["https:\/\/opinionpublica.com.ar\/index\/wp-content\/uploads\/2025\/09\/IMG-20250915-WA0005.jpg",1125,579,false],"2048x2048":["https:\/\/opinionpublica.com.ar\/index\/wp-content\/uploads\/2025\/09\/IMG-20250915-WA0005.jpg",1125,579,false],"morenews-large":["https:\/\/opinionpublica.com.ar\/index\/wp-content\/uploads\/2025\/09\/IMG-20250915-WA0005-825x575.jpg",825,575,true],"morenews-medium":["https:\/\/opinionpublica.com.ar\/index\/wp-content\/uploads\/2025\/09\/IMG-20250915-WA0005-590x410.jpg",590,410,true]},"author_info":{"display_name":"Hal","author_link":"https:\/\/opinionpublica.com.ar\/index\/author\/hal\/"},"category_info":"<a href=\"https:\/\/opinionpublica.com.ar\/index\/category\/destacada\/\" rel=\"category tag\">Destacada<\/a> <a href=\"https:\/\/opinionpublica.com.ar\/index\/category\/tierra-del-fuego\/\" rel=\"category tag\">Tierra del Fuego<\/a>","tag_info":"Tierra del Fuego","comment_count":"0","_links":{"self":[{"href":"https:\/\/opinionpublica.com.ar\/index\/wp-json\/wp\/v2\/posts\/11084","targetHints":{"allow":["GET"]}}],"collection":[{"href":"https:\/\/opinionpublica.com.ar\/index\/wp-json\/wp\/v2\/posts"}],"about":[{"href":"https:\/\/opinionpublica.com.ar\/index\/wp-json\/wp\/v2\/types\/post"}],"author":[{"embeddable":true,"href":"https:\/\/opinionpublica.com.ar\/index\/wp-json\/wp\/v2\/users\/5"}],"replies":[{"embeddable":true,"href":"https:\/\/opinionpublica.com.ar\/index\/wp-json\/wp\/v2\/comments?post=11084"}],"version-history":[{"count":1,"href":"https:\/\/opinionpublica.com.ar\/index\/wp-json\/wp\/v2\/posts\/11084\/revisions"}],"predecessor-version":[{"id":11086,"href":"https:\/\/opinionpublica.com.ar\/index\/wp-json\/wp\/v2\/posts\/11084\/revisions\/11086"}],"wp:featuredmedia":[{"embeddable":true,"href":"https:\/\/opinionpublica.com.ar\/index\/wp-json\/wp\/v2\/media\/11085"}],"wp:attachment":[{"href":"https:\/\/opinionpublica.com.ar\/index\/wp-json\/wp\/v2\/media?parent=11084"}],"wp:term":[{"taxonomy":"category","embeddable":true,"href":"https:\/\/opinionpublica.com.ar\/index\/wp-json\/wp\/v2\/categories?post=11084"},{"taxonomy":"post_tag","embeddable":true,"href":"https:\/\/opinionpublica.com.ar\/index\/wp-json\/wp\/v2\/tags?post=11084"}],"curies":[{"name":"wp","href":"https:\/\/api.w.org\/{rel}","templated":true}]}}