{"id":11087,"date":"2025-09-16T09:01:04","date_gmt":"2025-09-16T12:01:04","guid":{"rendered":"https:\/\/opinionpublica.com.ar\/index\/?p=11087"},"modified":"2025-09-16T09:01:04","modified_gmt":"2025-09-16T12:01:04","slug":"lo-peor-ya-paso-y-el-rumbo-es-el-correcto","status":"publish","type":"post","link":"https:\/\/opinionpublica.com.ar\/index\/lo-peor-ya-paso-y-el-rumbo-es-el-correcto\/","title":{"rendered":"\u201cLo peor ya pas\u00f3 y el rumbo es el correcto\u201d"},"content":{"rendered":"<p><strong>\u201cLo peor ya pas\u00f3 y el rumbo es el correcto\u201d<\/strong><\/p>\n<p>En un discurso con fuerte tono pol\u00edtico y econ\u00f3mico, el Presidente reafirm\u00f3 el equilibrio fiscal como pilar innegociable de su gesti\u00f3n, agradeci\u00f3 el respaldo social en la etapa m\u00e1s dura del ajuste y llam\u00f3 a construir consensos con gobernadores y legisladores. Anunci\u00f3 aumentos en salud, educaci\u00f3n y obra p\u00fablica, y defendi\u00f3 el rol del sector privado en la recuperaci\u00f3n.<\/p>\n<p><a href=\"https:\/\/opinionpublica.com.ar\/index\/wp-content\/uploads\/2024\/11\/javier-milei-trabajando-computadora.webp\"><img fetchpriority=\"high\" decoding=\"async\" class=\"alignnone size-full wp-image-6835\" src=\"https:\/\/opinionpublica.com.ar\/index\/wp-content\/uploads\/2024\/11\/javier-milei-trabajando-computadora.webp\" alt=\"\" width=\"610\" height=\"343\" srcset=\"https:\/\/opinionpublica.com.ar\/index\/wp-content\/uploads\/2024\/11\/javier-milei-trabajando-computadora.webp 610w, https:\/\/opinionpublica.com.ar\/index\/wp-content\/uploads\/2024\/11\/javier-milei-trabajando-computadora-300x169.webp 300w\" sizes=\"(max-width: 610px) 100vw, 610px\" \/><\/a><\/p>\n<p>El presidente Javier Milei habl\u00f3 en cadena nacional para presentar el Presupuesto 2026, en un discurso que tuvo una l\u00ednea clara: reafirmar el rumbo econ\u00f3mico, mostrar empat\u00eda con la realidad social y apelar al consenso pol\u00edtico. \u201cLo peor ya pas\u00f3\u201d, asegur\u00f3 con tono optimista.<\/p>\n<p>&nbsp;<\/p>\n<p>Al dirigirse a la pol\u00edtica, fue firme: \u201cEl futuro de la Argentina depende de que el pueblo y la pol\u00edtica se comprometan con el orden fiscal\u201d. Enfatiz\u00f3 la necesidad de acuerdos con gobernadores, diputados y senadores que \u201cquieren una Argentina distinta\u201d.<\/p>\n<p>&nbsp;<\/p>\n<p>A la sociedad, le agradeci\u00f3 el apoyo frente al ajuste: \u201cQueremos agradecerles a los argentinos por el enorme apoyo que demostraron a lo largo de este primer per\u00edodo\u201d. Reconoci\u00f3 las dificultades, pero asegur\u00f3 que \u201cel rumbo es el correcto\u201d.<\/p>\n<p>&nbsp;<\/p>\n<p>En ese sentido, reafirm\u00f3: \u201cRoma no se construy\u00f3 en un d\u00eda\u201d, y destac\u00f3 que los logros iniciales, como la baja de la inflaci\u00f3n y del gasto, son solo el comienzo. \u201cEl equilibrio fiscal no se negocia\u201d, repiti\u00f3 como consigna innegociable.<\/p>\n<p>&nbsp;<\/p>\n<p>Reconoci\u00f3 que muchos a\u00fan no ven mejoras: \u201cEntendemos que muchos a\u00fan no lo perciban en su realidad material\u201d, pero asegur\u00f3 que el nuevo presupuesto buscar\u00e1 sostener el orden fiscal sin abandonar la inversi\u00f3n social y productiva.<\/p>\n<p>&nbsp;<\/p>\n<p>Anunci\u00f3 aumentos por encima de la inflaci\u00f3n en \u00e1reas clave: 5% en jubilaciones, 17% en salud, 8% en educaci\u00f3n, y m\u00e1s de 4,8 billones para universidades. Tambi\u00e9n se reactivar\u00e1 la obra p\u00fablica: \u201cEste super\u00e1vit permitir\u00e1 financiar al sector privado para desarrollar obras fundamentales\u201d.<\/p>\n<p>&nbsp;<\/p>\n<p>Milei plante\u00f3 un cambio en la relaci\u00f3n con el sector empresario: \u201cTenemos que dejar de ver a los empresarios como enemigos p\u00fablicos\u201d, y propuso restituir la presunci\u00f3n de inocencia fiscal. \u201cSe acab\u00f3 esa absurda idea de que el Estado considere a todos sus ciudadanos como criminales\u201d.<\/p>\n<p>&nbsp;<\/p>\n<p>Fue un mensaje con fuerte tono pol\u00edtico y econ\u00f3mico, que cerr\u00f3 con una reafirmaci\u00f3n del rumbo y una invitaci\u00f3n al consenso: \u201cTrabajando codo a codo con los gobernadores, diputados y senadores, vamos a lograr las reformas de fondo\u201d. Y concluy\u00f3: \u201cSabemos que el camino es arduo, pero sabemos que el rumbo es el correcto\u201d.<\/p>\n<p>&nbsp;<\/p>\n","protected":false},"excerpt":{"rendered":"<p>\u201cLo peor ya pas\u00f3 y el rumbo es el correcto\u201d En un discurso con fuerte tono pol\u00edtico y<\/p>\n","protected":false},"author":5,"featured_media":7053,"comment_status":"open","ping_status":"open","sticky":false,"template":"","format":"standard","meta":{"footnotes":""},"categories":[3],"tags":[692,881],"class_list":["post-11087","post","type-post","status-publish","format-standard","has-post-thumbnail","hentry","category-nacionales","tag-javier-milei","tag-presupuesto"],"featured_image_urls":{"full":["https:\/\/opinionpublica.com.ar\/index\/wp-content\/uploads\/2024\/11\/wjp55GhKP_600x600__1-milei-uala.jpg",600,600,false],"thumbnail":["https:\/\/opinionpublica.com.ar\/index\/wp-content\/uploads\/2024\/11\/wjp55GhKP_600x600__1-milei-uala-150x150.jpg",150,150,true],"medium":["https:\/\/opinionpublica.com.ar\/index\/wp-content\/uploads\/2024\/11\/wjp55GhKP_600x600__1-milei-uala-300x300.jpg",300,300,true],"medium_large":["https:\/\/opinionpublica.com.ar\/index\/wp-content\/uploads\/2024\/11\/wjp55GhKP_600x600__1-milei-uala.jpg",600,600,false],"large":["https:\/\/opinionpublica.com.ar\/index\/wp-content\/uploads\/2024\/11\/wjp55GhKP_600x600__1-milei-uala.jpg",600,600,false],"1536x1536":["https:\/\/opinionpublica.com.ar\/index\/wp-content\/uploads\/2024\/11\/wjp55GhKP_600x600__1-milei-uala.jpg",600,600,false],"2048x2048":["https:\/\/opinionpublica.com.ar\/index\/wp-content\/uploads\/2024\/11\/wjp55GhKP_600x600__1-milei-uala.jpg",600,600,false],"morenews-large":["https:\/\/opinionpublica.com.ar\/index\/wp-content\/uploads\/2024\/11\/wjp55GhKP_600x600__1-milei-uala-600x575.jpg",600,575,true],"morenews-medium":["https:\/\/opinionpublica.com.ar\/index\/wp-content\/uploads\/2024\/11\/wjp55GhKP_600x600__1-milei-uala-590x410.jpg",590,410,true]},"author_info":{"display_name":"Hal","author_link":"https:\/\/opinionpublica.com.ar\/index\/author\/hal\/"},"category_info":"<a href=\"https:\/\/opinionpublica.com.ar\/index\/category\/nacionales\/\" rel=\"category tag\">Nacionales<\/a>","tag_info":"Nacionales","comment_count":"0","_links":{"self":[{"href":"https:\/\/opinionpublica.com.ar\/index\/wp-json\/wp\/v2\/posts\/11087","targetHints":{"allow":["GET"]}}],"collection":[{"href":"https:\/\/opinionpublica.com.ar\/index\/wp-json\/wp\/v2\/posts"}],"about":[{"href":"https:\/\/opinionpublica.com.ar\/index\/wp-json\/wp\/v2\/types\/post"}],"author":[{"embeddable":true,"href":"https:\/\/opinionpublica.com.ar\/index\/wp-json\/wp\/v2\/users\/5"}],"replies":[{"embeddable":true,"href":"https:\/\/opinionpublica.com.ar\/index\/wp-json\/wp\/v2\/comments?post=11087"}],"version-history":[{"count":1,"href":"https:\/\/opinionpublica.com.ar\/index\/wp-json\/wp\/v2\/posts\/11087\/revisions"}],"predecessor-version":[{"id":11088,"href":"https:\/\/opinionpublica.com.ar\/index\/wp-json\/wp\/v2\/posts\/11087\/revisions\/11088"}],"wp:featuredmedia":[{"embeddable":true,"href":"https:\/\/opinionpublica.com.ar\/index\/wp-json\/wp\/v2\/media\/7053"}],"wp:attachment":[{"href":"https:\/\/opinionpublica.com.ar\/index\/wp-json\/wp\/v2\/media?parent=11087"}],"wp:term":[{"taxonomy":"category","embeddable":true,"href":"https:\/\/opinionpublica.com.ar\/index\/wp-json\/wp\/v2\/categories?post=11087"},{"taxonomy":"post_tag","embeddable":true,"href":"https:\/\/opinionpublica.com.ar\/index\/wp-json\/wp\/v2\/tags?post=11087"}],"curies":[{"name":"wp","href":"https:\/\/api.w.org\/{rel}","templated":true}]}}