{"id":11089,"date":"2025-09-16T09:09:05","date_gmt":"2025-09-16T12:09:05","guid":{"rendered":"https:\/\/opinionpublica.com.ar\/index\/?p=11089"},"modified":"2025-09-16T09:10:17","modified_gmt":"2025-09-16T12:10:17","slug":"11089-2","status":"publish","type":"post","link":"https:\/\/opinionpublica.com.ar\/index\/11089-2\/","title":{"rendered":"Las exportaciones fueguinas crecieron un 19,2%"},"content":{"rendered":"<p><strong>Las exportaciones fueguinas crecieron un 19,2%<\/strong><\/p>\n<p>Tierra del Fuego registr\u00f3 ventas externas por m\u00e1s de 260 millones de d\u00f3lares, con fuerte impulso del petr\u00f3leo y de la industria pesquera. La regi\u00f3n Patagonia export\u00f3 en total 5.816 millones de d\u00f3lares y aport\u00f3 el 14,6% de las exportaciones nacionales.<\/p>\n<p><a href=\"https:\/\/opinionpublica.com.ar\/index\/wp-content\/uploads\/2024\/04\/puerto-pasajeros-ushuaia.jpg\"><img fetchpriority=\"high\" decoding=\"async\" class=\"alignnone size-full wp-image-2075\" src=\"https:\/\/opinionpublica.com.ar\/index\/wp-content\/uploads\/2024\/04\/puerto-pasajeros-ushuaia.jpg\" alt=\"\" width=\"1280\" height=\"853\" srcset=\"https:\/\/opinionpublica.com.ar\/index\/wp-content\/uploads\/2024\/04\/puerto-pasajeros-ushuaia.jpg 1280w, https:\/\/opinionpublica.com.ar\/index\/wp-content\/uploads\/2024\/04\/puerto-pasajeros-ushuaia-300x200.jpg 300w, https:\/\/opinionpublica.com.ar\/index\/wp-content\/uploads\/2024\/04\/puerto-pasajeros-ushuaia-1024x682.jpg 1024w, https:\/\/opinionpublica.com.ar\/index\/wp-content\/uploads\/2024\/04\/puerto-pasajeros-ushuaia-768x512.jpg 768w\" sizes=\"(max-width: 1280px) 100vw, 1280px\" \/><\/a><\/p>\n<p>El informe sobre el Origen Provincial de las Exportaciones, elaborado por el INDEC, indica que Tierra del Fuego export\u00f3 bienes por m\u00e1s de 260 millones de d\u00f3lares durante el primer semestre de 2025, lo que represent\u00f3 un incremento del 19,2% respecto de lo sucedido en el mismo per\u00edodo del a\u00f1o anterior.<\/p>\n<p>&nbsp;<\/p>\n<p>El rubro m\u00e1s destacado fue el de petr\u00f3leo crudo, con env\u00edos por 118 millones de d\u00f3lares, seguido por pescados y mariscos elaborados, que mostr\u00f3 una suba extraordinaria del 289,1% interanual. Tambi\u00e9n se registraron alzas en gas de petr\u00f3leo y otros hidrocarburos gaseosos, con un 3,6% de incremento.<\/p>\n<p>&nbsp;<\/p>\n<p>En el desglose por grandes rubros, Combustibles y Energ\u00eda alcanzaron los 181 millones de d\u00f3lares, con un crecimiento del 16,5%. Los Productos Primarios sumaron 43 millones de d\u00f3lares, con una mejora del 18,3%. Las Manufacturas de Origen Industrial se expandieron un 6%, mientras que las Manufacturas de Origen Agropecuario treparon a 15 millones de d\u00f3lares, con un incremento del 131,8%.<\/p>\n<p>&nbsp;<\/p>\n<p>Los principales destinos de las exportaciones fueguinas fueron \u201cResto de ALADI\u201d, que absorbi\u00f3 105 millones de d\u00f3lares, y el bloque USMCA (Estados Unidos, M\u00e9xico y Canad\u00e1), con 79 millones.<\/p>\n<p>&nbsp;<\/p>\n<p><strong>Regi\u00f3n Patagonia<\/strong><\/p>\n<p>En el primer semestre de 2025, las ventas al exterior de la regi\u00f3n Patagonia totalizaron 5.816 millones de d\u00f3lares, con el 14,6% de participaci\u00f3n en el total general de las exportaciones del pa\u00eds.<\/p>\n<p>&nbsp;<\/p>\n<p>Esto implic\u00f3 una suba del 15,6% respecto del mismo per\u00edodo de 2024. Los principales destinos fueron Estados Unidos (32,8%), Chile (24,9%), Suiza (7,2%) y Brasil (6,6%).<\/p>\n<p>&nbsp;<\/p>\n<p>En la distribuci\u00f3n provincial, Neuqu\u00e9n encabez\u00f3 las ventas externas con el 37,6% del total patag\u00f3nico, seguido por Chubut (30,1%), Santa Cruz (21,5%), R\u00edo Negro (6,4%) y Tierra del Fuego (4,5%).<\/p>\n<p>&nbsp;<\/p>\n<p>Por rubros, la regi\u00f3n export\u00f3 mayoritariamente Combustibles y Energ\u00eda, con 3.569 millones de d\u00f3lares (61,4% del total y un crecimiento del 19,9%). Le siguieron las Manufacturas de Origen Industrial con 1.287 millones (22,1% y un alza del 6,8%), los Productos Primarios con 789 millones (13,6% y una suba del 11,4%) y las Manufacturas de Origen Agropecuario con 170 millones (2,9% y un aumento del 21,9%).<\/p>\n","protected":false},"excerpt":{"rendered":"<p>Las exportaciones fueguinas crecieron un 19,2% Tierra del Fuego registr\u00f3 ventas externas por m\u00e1s de 260 millones de<\/p>\n","protected":false},"author":5,"featured_media":2953,"comment_status":"open","ping_status":"open","sticky":false,"template":"","format":"standard","meta":{"footnotes":""},"categories":[2],"tags":[3849,3850],"class_list":["post-11089","post","type-post","status-publish","format-standard","has-post-thumbnail","hentry","category-tierra-del-fuego","tag-actividad-productiva","tag-primer-semestre-de-2025"],"featured_image_urls":{"full":["https:\/\/opinionpublica.com.ar\/index\/wp-content\/uploads\/2024\/05\/exportacion-ushuaia.jpg",1024,576,false],"thumbnail":["https:\/\/opinionpublica.com.ar\/index\/wp-content\/uploads\/2024\/05\/exportacion-ushuaia-150x150.jpg",150,150,true],"medium":["https:\/\/opinionpublica.com.ar\/index\/wp-content\/uploads\/2024\/05\/exportacion-ushuaia-300x169.jpg",300,169,true],"medium_large":["https:\/\/opinionpublica.com.ar\/index\/wp-content\/uploads\/2024\/05\/exportacion-ushuaia-768x432.jpg",640,360,true],"large":["https:\/\/opinionpublica.com.ar\/index\/wp-content\/uploads\/2024\/05\/exportacion-ushuaia.jpg",640,360,false],"1536x1536":["https:\/\/opinionpublica.com.ar\/index\/wp-content\/uploads\/2024\/05\/exportacion-ushuaia.jpg",1024,576,false],"2048x2048":["https:\/\/opinionpublica.com.ar\/index\/wp-content\/uploads\/2024\/05\/exportacion-ushuaia.jpg",1024,576,false],"morenews-large":["https:\/\/opinionpublica.com.ar\/index\/wp-content\/uploads\/2024\/05\/exportacion-ushuaia-825x575.jpg",825,575,true],"morenews-medium":["https:\/\/opinionpublica.com.ar\/index\/wp-content\/uploads\/2024\/05\/exportacion-ushuaia-590x410.jpg",590,410,true]},"author_info":{"display_name":"Hal","author_link":"https:\/\/opinionpublica.com.ar\/index\/author\/hal\/"},"category_info":"<a href=\"https:\/\/opinionpublica.com.ar\/index\/category\/tierra-del-fuego\/\" rel=\"category tag\">Tierra del Fuego<\/a>","tag_info":"Tierra del Fuego","comment_count":"0","_links":{"self":[{"href":"https:\/\/opinionpublica.com.ar\/index\/wp-json\/wp\/v2\/posts\/11089","targetHints":{"allow":["GET"]}}],"collection":[{"href":"https:\/\/opinionpublica.com.ar\/index\/wp-json\/wp\/v2\/posts"}],"about":[{"href":"https:\/\/opinionpublica.com.ar\/index\/wp-json\/wp\/v2\/types\/post"}],"author":[{"embeddable":true,"href":"https:\/\/opinionpublica.com.ar\/index\/wp-json\/wp\/v2\/users\/5"}],"replies":[{"embeddable":true,"href":"https:\/\/opinionpublica.com.ar\/index\/wp-json\/wp\/v2\/comments?post=11089"}],"version-history":[{"count":2,"href":"https:\/\/opinionpublica.com.ar\/index\/wp-json\/wp\/v2\/posts\/11089\/revisions"}],"predecessor-version":[{"id":11091,"href":"https:\/\/opinionpublica.com.ar\/index\/wp-json\/wp\/v2\/posts\/11089\/revisions\/11091"}],"wp:featuredmedia":[{"embeddable":true,"href":"https:\/\/opinionpublica.com.ar\/index\/wp-json\/wp\/v2\/media\/2953"}],"wp:attachment":[{"href":"https:\/\/opinionpublica.com.ar\/index\/wp-json\/wp\/v2\/media?parent=11089"}],"wp:term":[{"taxonomy":"category","embeddable":true,"href":"https:\/\/opinionpublica.com.ar\/index\/wp-json\/wp\/v2\/categories?post=11089"},{"taxonomy":"post_tag","embeddable":true,"href":"https:\/\/opinionpublica.com.ar\/index\/wp-json\/wp\/v2\/tags?post=11089"}],"curies":[{"name":"wp","href":"https:\/\/api.w.org\/{rel}","templated":true}]}}