{"id":11092,"date":"2025-09-16T09:15:08","date_gmt":"2025-09-16T12:15:08","guid":{"rendered":"https:\/\/opinionpublica.com.ar\/index\/?p=11092"},"modified":"2025-09-16T09:15:08","modified_gmt":"2025-09-16T12:15:08","slug":"blanco-advirtio-que-la-baja-de-aranceles-a-televisores-seria-un-golpe-letal-para-la-industria-fueguina","status":"publish","type":"post","link":"https:\/\/opinionpublica.com.ar\/index\/blanco-advirtio-que-la-baja-de-aranceles-a-televisores-seria-un-golpe-letal-para-la-industria-fueguina\/","title":{"rendered":"Blanco advirti\u00f3 que la baja de aranceles a televisores \u201cser\u00eda un golpe letal para la industria fueguina\u201d"},"content":{"rendered":"<p><strong>Blanco advirti\u00f3 que la baja de aranceles a televisores \u201cser\u00eda un golpe letal para la industria fueguina\u201d<\/strong><\/p>\n<p><a href=\"https:\/\/opinionpublica.com.ar\/index\/wp-content\/uploads\/2024\/11\/Blanco-pablo-senador.jpeg\"><img fetchpriority=\"high\" decoding=\"async\" class=\"alignnone size-full wp-image-7100\" src=\"https:\/\/opinionpublica.com.ar\/index\/wp-content\/uploads\/2024\/11\/Blanco-pablo-senador.jpeg\" alt=\"\" width=\"1426\" height=\"950\" srcset=\"https:\/\/opinionpublica.com.ar\/index\/wp-content\/uploads\/2024\/11\/Blanco-pablo-senador.jpeg 1426w, https:\/\/opinionpublica.com.ar\/index\/wp-content\/uploads\/2024\/11\/Blanco-pablo-senador-300x200.jpeg 300w, https:\/\/opinionpublica.com.ar\/index\/wp-content\/uploads\/2024\/11\/Blanco-pablo-senador-1024x682.jpeg 1024w, https:\/\/opinionpublica.com.ar\/index\/wp-content\/uploads\/2024\/11\/Blanco-pablo-senador-768x512.jpeg 768w\" sizes=\"(max-width: 1426px) 100vw, 1426px\" \/><\/a><\/p>\n<p>El senador nacional por Tierra del Fuego critic\u00f3 al Gobierno nacional por su falta de autocr\u00edtica tras las \u00faltimas derrotas electorales y alert\u00f3 que las medidas econ\u00f3micas incluidas en el acuerdo con el FMI podr\u00edan significar \u201cmiles de desocupados\u201d en la provincia. Tambi\u00e9n cuestion\u00f3 la estrategia oficial de repartir ATN entre gobernadores para asegurar votos en el Congreso.<\/p>\n<p>&nbsp;<\/p>\n<p>El senador nacional Pablo Blanco de la UCR advirti\u00f3 que el Gobierno nacional atraviesa una etapa de \u201ctosudez\u201d y \u201cfalta de autocr\u00edtica\u201d luego de las recientes elecciones en Corrientes y Buenos Aires, y que su estrategia de repartir fondos discrecionales a las provincias \u201cno cambiar\u00e1 el resultado de las votaciones\u201d en el Congreso.<\/p>\n<p>&nbsp;<\/p>\n<p>En di\u00e1logo con FM La Isla, Blanco se\u00f1al\u00f3 que el oficialismo busca quebrar la unidad de algunos gobernadores \u201cdialoguistas\u201d mediante el env\u00edo de Aportes del Tesoro Nacional (ATN), pero sostuvo que esa maniobra \u201cno modificar\u00e1 la relaci\u00f3n de fuerzas\u201d en el Senado, donde \u201clos dos tercios est\u00e1n garantizados\u201d para rechazar los vetos presidenciales en temas sensibles como el financiamiento de universidades y el Hospital Garrahan.<\/p>\n<p>&nbsp;<\/p>\n<p><strong>Cr\u00edticas al rumbo econ\u00f3mico<\/strong><\/p>\n<p>El legislador radical afirm\u00f3 que el presidente Javier Milei \u201csigue sin comprender el mensaje de las urnas\u201d y que, en lugar de rectificar, \u201cse mantiene con la misma tozudez\u201d.<\/p>\n<p>&nbsp;<\/p>\n<p>Blanco puso especial atenci\u00f3n en el discurso que el mandatario pronunciar\u00e1 durante la presentaci\u00f3n del Presupuesto 2026, y advirti\u00f3 que el mismo podr\u00eda traer \u201cmalas noticias para Tierra del Fuego\u201d.<\/p>\n<p>&nbsp;<\/p>\n<p>\u201cDe buena fuente me comentaron que se avanzar\u00e1 con la quita de aranceles a la importaci\u00f3n de televisores. Eso ser\u00eda darle la muerte a nuestra industria electr\u00f3nica. Ojal\u00e1 est\u00e9 equivocado\u201d, expres\u00f3.<\/p>\n<p>&nbsp;<\/p>\n<p>Para el senador, esa medida \u2014parte de los compromisos con el FMI\u2014 significar\u00eda un golpe directo al r\u00e9gimen de promoci\u00f3n fueguino, se\u00f1alando que \u201cla apertura de importaciones y la baja de aranceles afectar\u00e1 seriamente a la industria, nos quedar\u00edamos con miles de desocupados, porque ninguna ciudad est\u00e1 en condiciones de absorber semejante impacto\u201d.<\/p>\n<p>&nbsp;<\/p>\n<p><strong>Falta de di\u00e1logo pol\u00edtico<\/strong><\/p>\n<p>Blanco tambi\u00e9n critic\u00f3 al Ejecutivo por lo que describi\u00f3 como \u201cla inexistencia de di\u00e1logo pol\u00edtico\u201d.<\/p>\n<p>&nbsp;<\/p>\n<p>Seg\u00fan dijo, \u201caunque uno converse con el Gobierno, despu\u00e9s no cumplen lo que acuerdan, as\u00ed es muy dif\u00edcil construir\u201d.<\/p>\n<p>&nbsp;<\/p>\n<p>El senador remarc\u00f3 que la estrategia oficial de acercarse solo a determinados gobernadores \u201cdesorienta\u201d y no contribuye a fortalecer consensos. \u201cMuchos gobernadores cada d\u00eda le creen menos al Presidente. Prometen, pero despu\u00e9s no cumplen nada\u201d, se\u00f1al\u00f3, al tiempo que defendi\u00f3 la cohesi\u00f3n del bloque Provincias Unidas, que tendr\u00e1 su pr\u00f3ximo encuentro en Chubut el 30 de septiembre.<\/p>\n<p>&nbsp;<\/p>\n<p><strong>Impacto electoral en Tierra del Fuego<\/strong><\/p>\n<p>De cara a las elecciones del 26 de octubre, Blanco sostuvo que el oficialismo ha perdido apoyo en la provincia: \u201cHace tres o cuatro meses Milei ten\u00eda un respaldo mayor, pero ha disminuido bastante. No todo tiene que ver con la plata; la falta de empat\u00eda en temas como el Garrahan, la discapacidad o la industria local le est\u00e1 pasando factura\u201d.<\/p>\n<p>&nbsp;<\/p>\n<p>Finalmente, el senador record\u00f3 que los votos de legisladores fueguinos fueron clave para aprobar el acuerdo con el FMI y advirti\u00f3 que sus consecuencias \u201cponen en riesgo el futuro de la provincia\u201d. \u201cCon la baja de aranceles, las empresas ya no tendr\u00e1n razones para seguir en Tierra del Fuego. Y lo que nos quedar\u00e1 ser\u00e1n miles de desocupados. Esa es la realidad incontrastable\u201d, concluy\u00f3.<\/p>\n","protected":false},"excerpt":{"rendered":"<p>Blanco advirti\u00f3 que la baja de aranceles a televisores \u201cser\u00eda un golpe letal para la industria fueguina\u201d El<\/p>\n","protected":false},"author":5,"featured_media":466,"comment_status":"open","ping_status":"open","sticky":false,"template":"","format":"standard","meta":{"footnotes":""},"categories":[2],"tags":[67,68],"class_list":["post-11092","post","type-post","status-publish","format-standard","has-post-thumbnail","hentry","category-tierra-del-fuego","tag-pablo-blanco","tag-senador"],"featured_image_urls":{"full":["https:\/\/opinionpublica.com.ar\/index\/wp-content\/uploads\/2024\/03\/Pablo-Blanco-senador-Tierra-del-Fuego-e1684777758347.jpg",750,500,false],"thumbnail":["https:\/\/opinionpublica.com.ar\/index\/wp-content\/uploads\/2024\/03\/Pablo-Blanco-senador-Tierra-del-Fuego-e1684777758347-150x150.jpg",150,150,true],"medium":["https:\/\/opinionpublica.com.ar\/index\/wp-content\/uploads\/2024\/03\/Pablo-Blanco-senador-Tierra-del-Fuego-e1684777758347-300x200.jpg",300,200,true],"medium_large":["https:\/\/opinionpublica.com.ar\/index\/wp-content\/uploads\/2024\/03\/Pablo-Blanco-senador-Tierra-del-Fuego-e1684777758347.jpg",640,427,false],"large":["https:\/\/opinionpublica.com.ar\/index\/wp-content\/uploads\/2024\/03\/Pablo-Blanco-senador-Tierra-del-Fuego-e1684777758347.jpg",640,427,false],"1536x1536":["https:\/\/opinionpublica.com.ar\/index\/wp-content\/uploads\/2024\/03\/Pablo-Blanco-senador-Tierra-del-Fuego-e1684777758347.jpg",750,500,false],"2048x2048":["https:\/\/opinionpublica.com.ar\/index\/wp-content\/uploads\/2024\/03\/Pablo-Blanco-senador-Tierra-del-Fuego-e1684777758347.jpg",750,500,false],"morenews-large":["https:\/\/opinionpublica.com.ar\/index\/wp-content\/uploads\/2024\/03\/Pablo-Blanco-senador-Tierra-del-Fuego-e1684777758347.jpg",750,500,false],"morenews-medium":["https:\/\/opinionpublica.com.ar\/index\/wp-content\/uploads\/2024\/03\/Pablo-Blanco-senador-Tierra-del-Fuego-e1684777758347-590x410.jpg",590,410,true]},"author_info":{"display_name":"Hal","author_link":"https:\/\/opinionpublica.com.ar\/index\/author\/hal\/"},"category_info":"<a href=\"https:\/\/opinionpublica.com.ar\/index\/category\/tierra-del-fuego\/\" rel=\"category tag\">Tierra del Fuego<\/a>","tag_info":"Tierra del Fuego","comment_count":"0","_links":{"self":[{"href":"https:\/\/opinionpublica.com.ar\/index\/wp-json\/wp\/v2\/posts\/11092","targetHints":{"allow":["GET"]}}],"collection":[{"href":"https:\/\/opinionpublica.com.ar\/index\/wp-json\/wp\/v2\/posts"}],"about":[{"href":"https:\/\/opinionpublica.com.ar\/index\/wp-json\/wp\/v2\/types\/post"}],"author":[{"embeddable":true,"href":"https:\/\/opinionpublica.com.ar\/index\/wp-json\/wp\/v2\/users\/5"}],"replies":[{"embeddable":true,"href":"https:\/\/opinionpublica.com.ar\/index\/wp-json\/wp\/v2\/comments?post=11092"}],"version-history":[{"count":1,"href":"https:\/\/opinionpublica.com.ar\/index\/wp-json\/wp\/v2\/posts\/11092\/revisions"}],"predecessor-version":[{"id":11093,"href":"https:\/\/opinionpublica.com.ar\/index\/wp-json\/wp\/v2\/posts\/11092\/revisions\/11093"}],"wp:featuredmedia":[{"embeddable":true,"href":"https:\/\/opinionpublica.com.ar\/index\/wp-json\/wp\/v2\/media\/466"}],"wp:attachment":[{"href":"https:\/\/opinionpublica.com.ar\/index\/wp-json\/wp\/v2\/media?parent=11092"}],"wp:term":[{"taxonomy":"category","embeddable":true,"href":"https:\/\/opinionpublica.com.ar\/index\/wp-json\/wp\/v2\/categories?post=11092"},{"taxonomy":"post_tag","embeddable":true,"href":"https:\/\/opinionpublica.com.ar\/index\/wp-json\/wp\/v2\/tags?post=11092"}],"curies":[{"name":"wp","href":"https:\/\/api.w.org\/{rel}","templated":true}]}}