{"id":11094,"date":"2025-09-16T09:23:20","date_gmt":"2025-09-16T12:23:20","guid":{"rendered":"https:\/\/opinionpublica.com.ar\/index\/?p=11094"},"modified":"2025-09-16T09:23:20","modified_gmt":"2025-09-16T12:23:20","slug":"denuncias-varias-apuntan-a-la-empresa-fuego-cleaning","status":"publish","type":"post","link":"https:\/\/opinionpublica.com.ar\/index\/denuncias-varias-apuntan-a-la-empresa-fuego-cleaning\/","title":{"rendered":"Denuncias varias apuntan a la empresa Fuego Cleaning"},"content":{"rendered":"<p><strong>Denuncias varias apuntan a la empresa Fuego Cleaning<\/strong><\/p>\n<p style=\"text-align: left;\"><a href=\"https:\/\/opinionpublica.com.ar\/index\/wp-content\/uploads\/2025\/09\/20250915145237_limpieza.jpg\"><img fetchpriority=\"high\" decoding=\"async\" class=\"alignnone size-full wp-image-11095\" src=\"https:\/\/opinionpublica.com.ar\/index\/wp-content\/uploads\/2025\/09\/20250915145237_limpieza.jpg\" alt=\"\" width=\"880\" height=\"512\" srcset=\"https:\/\/opinionpublica.com.ar\/index\/wp-content\/uploads\/2025\/09\/20250915145237_limpieza.jpg 880w, https:\/\/opinionpublica.com.ar\/index\/wp-content\/uploads\/2025\/09\/20250915145237_limpieza-300x175.jpg 300w, https:\/\/opinionpublica.com.ar\/index\/wp-content\/uploads\/2025\/09\/20250915145237_limpieza-768x447.jpg 768w\" sizes=\"(max-width: 880px) 100vw, 880px\" \/><\/a><\/p>\n<p>Diferentes denuncias cuestionan el accionar de la empresa Fuego Cleaning, contratista del Grupo Mirgor. La firma realiza tareas de limpieza, y sus trabajadores se\u00f1alan que hay \u201cuna serie de situaciones, no solo de flexibilizaci\u00f3n laboral, sino tambi\u00e9n de persecuci\u00f3n y malos tratos en el ambiente de trabajo\u201d. Tambi\u00e9n tienen irregularidades con los pagos y descuentos indebidos que van entre 100 y 400 mil pesos. Aseguran que el propietario es un ex delegado metal\u00fargico, que proh\u00edbe la actividad sindical.<\/p>\n<p>&nbsp;<\/p>\n<p>Melissa Villalba, delegada por el Centro de Empleados de Comercio en la empresa Fuego Cleaning que desempe\u00f1a tareas de limpieza en las plantas del Grupo Mirgor; comenz\u00f3 se\u00f1alando: \u201cSomos personal de limpieza, un servicio que es tercerizado por Mirgor. Ingresamos a trabajar en el a\u00f1o 2024 y desde ah\u00ed venimos teniendo una serie de situaciones, no solo de flexibilizaci\u00f3n laboral, sino tambi\u00e9n de persecuci\u00f3n y malos tratos en el ambiente de trabajo\u201d.<\/p>\n<p>&nbsp;<\/p>\n<p>Luego coment\u00f3 que \u201ca rasgos m\u00e1s generales, fuimos perdiendo lo que es el 20% de zona, tambi\u00e9n transporte, vianda, desayuno y tuvimos reducci\u00f3n de descansos. En diciembre, tambi\u00e9n sufrimos el despido de diez compa\u00f1eros, por los cuales estuvimos moviliz\u00e1ndonos frente a la planta que est\u00e1 ubicada por la calle Einstein. Y bueno, hace unos cuatro meses la empresa Fuego Cleaning gana la licitaci\u00f3n para entrar a trabajar a otras plantas de Mirgor. O sea, se sum\u00f3 m\u00e1s trabajo con lo que pensamos que iban a ingresar nuevos compa\u00f1eros. Pero no, no solo no ingresaron nuevos compa\u00f1eros, sino que lo que nos pas\u00f3 es que nos empezaron a dividir y con la misma dotaci\u00f3n que ten\u00edamos, nos llevaron a las diferentes nuevas plantas\u201d, indic\u00f3 la delegada.<\/p>\n<p>&nbsp;<\/p>\n<p>Villalba advirti\u00f3 que \u201cdesde entonces, trabajamos haciendo cada uno m\u00e1s puestos. Un compa\u00f1ero hace tres o cuatro puestos, en un sector donde tendr\u00edan que estar trabajando dos o tres personas. Y sumado a eso, incluso no solo que no se tom\u00f3 gente, sino que siguieron avanzando con m\u00e1s despidos. Tambi\u00e9n, al ser empresa nueva, no tenemos antig\u00fcedad, que es lo que nos da m\u00e1s poder como trabajadores\u201d.<\/p>\n<p>&nbsp;<\/p>\n<p>\u201cEntonces, al no tener antig\u00fcedad, lo \u00fanico que hacen es liquidar a la gente. Y b\u00e1sicamente tambi\u00e9n esta persecuci\u00f3n laboral va directamente a aquellos compa\u00f1eros que, por ejemplo, se niegan a capacitaciones que nos quieren dar fuera del horario laboral, horas extras que algunos no quieren realizar por la falta de tiempo. Entonces, siempre un compa\u00f1ero que quiere plantarse o que quiere que se le reconozcan los derechos, son los compa\u00f1eros que son a futuro despedidos\u201d, repas\u00f3 la representante de los trabajadores.<\/p>\n<p>&nbsp;<\/p>\n<p>Despu\u00e9s, coment\u00f3 que \u201cLa empresa es de Rodolfo Meli\u00e1n, que es un ex-delegado metal\u00fargico. Y todos los que son nuestros supervisores tambi\u00e9n eran operarios metal\u00fargicos. Pero, el di\u00e1logo fue muy dif\u00edcil desde un primer momento. La primera vez que realizamos una asamblea, suspendieron a todos los compa\u00f1eros que formaron parte, justamente para implantar este miedo. Y tambi\u00e9n el mismo Rodolfo Meli\u00e1n, lo trae a cada uno de nuestros compa\u00f1eros a la oficina y les informa que si se llega a tomar alguna medida sindical que va a tener consecuencias y despidos. La posibilidad de di\u00e1logo es nula\u201d, reiter\u00f3.<\/p>\n<p>&nbsp;<\/p>\n<p>En el mismo sentido, mencion\u00f3 que son \u201cdos delegadas, que ya tenemos una demanda para quitarnos la tutela sindical, suspendernos 15 d\u00edas y despu\u00e9s despedirnos con causa. Tambi\u00e9n tenemos problemas con el tema del pago de los salarios, que siempre sufren descuentos de m\u00e1s de 100.000 pesos y m\u00e1s de 400.000 en los \u00faltimos meses. Ahora se est\u00e1 entablando una especie de mesa de di\u00e1logo entre el sindicato y la empresa, pero no dialogan con nosotras, que somos las que estamos directamente hablando con los compa\u00f1eros\u201d, afirm\u00f3.<\/p>\n<p>&nbsp;<\/p>\n<p>Sobre los descuentos salariales que sufren como delegadas, dijo que \u201cEn principio los descuentos para nosotras son por permisos gremiales, que no deber\u00edan descontarnos porque est\u00e1n avalados por ley. Y ahora, en este \u00faltimo mes, en vez de poner permisos gremiales, en los recibos aparecen permisos personales, cuando claramente no son permisos personales, porque no solicitamos eso. Y otro de los argumentos es que hay problemas con la contadora o la contadora tuvo inconvenientes y se confundi\u00f3. Y ahora estamos en lo que es una diligencia para hacer el paso previo a la demanda, por la falta de pagos que ya viene desde noviembre\u201d, asegur\u00f3 Melissa Villalba.<\/p>\n<p>&nbsp;<\/p>\n<p>Finalmente, se\u00f1al\u00f3 que pudieron avanzar con \u201chacer denuncias individuales por violencia y persecuci\u00f3n laboral. Pero nada, no qued\u00f3 en absolutamente nada. Ni siquiera el Ministerio de Trabajo ingresa a Mirgor, se quedan detr\u00e1s de los molinetes, y la empresa no est\u00e1 obligada a ir y sentarse a dialogar. Solo declinan las instancias. Yo fui a denunciar por violencia y desde el mismo Ministerio me dijeron que es lo m\u00e1ximo que se pod\u00eda hacer. Solo contactar a la empresa y de \u00faltima solicitar que se d\u00e9 alguna capacitaci\u00f3n para frenar con la violencia laboral, pero ni siquiera la empresa est\u00e1 obligada a dar esa capacitaci\u00f3n\u201d, concluy\u00f3 la delegada.<\/p>\n<p>&nbsp;<\/p>\n","protected":false},"excerpt":{"rendered":"<p>Denuncias varias apuntan a la empresa Fuego Cleaning Diferentes denuncias cuestionan el accionar de la empresa Fuego Cleaning,<\/p>\n","protected":false},"author":5,"featured_media":11095,"comment_status":"open","ping_status":"open","sticky":false,"template":"","format":"standard","meta":{"footnotes":""},"categories":[2],"tags":[3852,232,3853,3851,287,864],"class_list":["post-11094","post","type-post","status-publish","format-standard","has-post-thumbnail","hentry","category-tierra-del-fuego","tag-delegada","tag-denuncia","tag-fuego-cleaning","tag-limpieza","tag-mirgor","tag-trabajo"],"featured_image_urls":{"full":["https:\/\/opinionpublica.com.ar\/index\/wp-content\/uploads\/2025\/09\/20250915145237_limpieza.jpg",880,512,false],"thumbnail":["https:\/\/opinionpublica.com.ar\/index\/wp-content\/uploads\/2025\/09\/20250915145237_limpieza-150x150.jpg",150,150,true],"medium":["https:\/\/opinionpublica.com.ar\/index\/wp-content\/uploads\/2025\/09\/20250915145237_limpieza-300x175.jpg",300,175,true],"medium_large":["https:\/\/opinionpublica.com.ar\/index\/wp-content\/uploads\/2025\/09\/20250915145237_limpieza-768x447.jpg",640,373,true],"large":["https:\/\/opinionpublica.com.ar\/index\/wp-content\/uploads\/2025\/09\/20250915145237_limpieza.jpg",640,372,false],"1536x1536":["https:\/\/opinionpublica.com.ar\/index\/wp-content\/uploads\/2025\/09\/20250915145237_limpieza.jpg",880,512,false],"2048x2048":["https:\/\/opinionpublica.com.ar\/index\/wp-content\/uploads\/2025\/09\/20250915145237_limpieza.jpg",880,512,false],"morenews-large":["https:\/\/opinionpublica.com.ar\/index\/wp-content\/uploads\/2025\/09\/20250915145237_limpieza-825x512.jpg",825,512,true],"morenews-medium":["https:\/\/opinionpublica.com.ar\/index\/wp-content\/uploads\/2025\/09\/20250915145237_limpieza-590x410.jpg",590,410,true]},"author_info":{"display_name":"Hal","author_link":"https:\/\/opinionpublica.com.ar\/index\/author\/hal\/"},"category_info":"<a href=\"https:\/\/opinionpublica.com.ar\/index\/category\/tierra-del-fuego\/\" rel=\"category tag\">Tierra del Fuego<\/a>","tag_info":"Tierra del Fuego","comment_count":"0","_links":{"self":[{"href":"https:\/\/opinionpublica.com.ar\/index\/wp-json\/wp\/v2\/posts\/11094","targetHints":{"allow":["GET"]}}],"collection":[{"href":"https:\/\/opinionpublica.com.ar\/index\/wp-json\/wp\/v2\/posts"}],"about":[{"href":"https:\/\/opinionpublica.com.ar\/index\/wp-json\/wp\/v2\/types\/post"}],"author":[{"embeddable":true,"href":"https:\/\/opinionpublica.com.ar\/index\/wp-json\/wp\/v2\/users\/5"}],"replies":[{"embeddable":true,"href":"https:\/\/opinionpublica.com.ar\/index\/wp-json\/wp\/v2\/comments?post=11094"}],"version-history":[{"count":1,"href":"https:\/\/opinionpublica.com.ar\/index\/wp-json\/wp\/v2\/posts\/11094\/revisions"}],"predecessor-version":[{"id":11096,"href":"https:\/\/opinionpublica.com.ar\/index\/wp-json\/wp\/v2\/posts\/11094\/revisions\/11096"}],"wp:featuredmedia":[{"embeddable":true,"href":"https:\/\/opinionpublica.com.ar\/index\/wp-json\/wp\/v2\/media\/11095"}],"wp:attachment":[{"href":"https:\/\/opinionpublica.com.ar\/index\/wp-json\/wp\/v2\/media?parent=11094"}],"wp:term":[{"taxonomy":"category","embeddable":true,"href":"https:\/\/opinionpublica.com.ar\/index\/wp-json\/wp\/v2\/categories?post=11094"},{"taxonomy":"post_tag","embeddable":true,"href":"https:\/\/opinionpublica.com.ar\/index\/wp-json\/wp\/v2\/tags?post=11094"}],"curies":[{"name":"wp","href":"https:\/\/api.w.org\/{rel}","templated":true}]}}