{"id":11097,"date":"2025-09-16T09:28:54","date_gmt":"2025-09-16T12:28:54","guid":{"rendered":"https:\/\/opinionpublica.com.ar\/index\/?p=11097"},"modified":"2025-09-16T09:28:54","modified_gmt":"2025-09-16T12:28:54","slug":"detalles-de-la-moratoria-para-aliviar-deudas-tributarias","status":"publish","type":"post","link":"https:\/\/opinionpublica.com.ar\/index\/detalles-de-la-moratoria-para-aliviar-deudas-tributarias\/","title":{"rendered":"Detalles de la moratoria para aliviar deudas tributarias"},"content":{"rendered":"<p><strong>Detalles de la moratoria para aliviar deudas tributarias<\/strong><\/p>\n<p><a href=\"https:\/\/opinionpublica.com.ar\/index\/wp-content\/uploads\/2025\/09\/2025091510061054bb7b9e28cdc2d7d722a3572b67c73a_min.jpg\"><img fetchpriority=\"high\" decoding=\"async\" class=\"alignnone size-full wp-image-11098\" src=\"https:\/\/opinionpublica.com.ar\/index\/wp-content\/uploads\/2025\/09\/2025091510061054bb7b9e28cdc2d7d722a3572b67c73a_min.jpg\" alt=\"\" width=\"500\" height=\"333\" srcset=\"https:\/\/opinionpublica.com.ar\/index\/wp-content\/uploads\/2025\/09\/2025091510061054bb7b9e28cdc2d7d722a3572b67c73a_min.jpg 500w, https:\/\/opinionpublica.com.ar\/index\/wp-content\/uploads\/2025\/09\/2025091510061054bb7b9e28cdc2d7d722a3572b67c73a_min-300x200.jpg 300w\" sizes=\"(max-width: 500px) 100vw, 500px\" \/><\/a><\/p>\n<p>La Agencia de Recaudaci\u00f3n Fueguina (AREF) avanza en un proyecto de ley que establecer\u00e1 un nuevo r\u00e9gimen especial para regularizar deudas fiscales en la provincia. El objetivo es ofrecer un alivio a contribuyentes afectados por la ca\u00edda del consumo y la actividad econ\u00f3mica, en un contexto nacional de fuerte recesi\u00f3n.<\/p>\n<p style=\"text-align: left;\">\n<p>Juan Mart\u00edn Fern\u00e1ndez, Director General de Asuntos Jur\u00eddicos de la Agencia de Recaudaci\u00f3n Fueguina (AREF), explic\u00f3 que la iniciativa ya fue girada al Ministerio de Econom\u00eda y se espera que en breve llegue a la Legislatura para su tratamiento. El plan permitir\u00eda saldar deudas vencidas hasta el 31 de agosto de 2025 con beneficios en intereses, recargos y multas.<\/p>\n<p>&nbsp;<\/p>\n<p>Fern\u00e1ndez indic\u00f3 que el esquema prev\u00e9 una diferenciaci\u00f3n entre grandes y peque\u00f1os contribuyentes. \u201cLa remisi\u00f3n de intereses para quienes est\u00e9n encuadrados como peque\u00f1os ser\u00e1 del 100% si se opta por el pago en una sola cuota\u201d, detall\u00f3. En cambio, los grandes contribuyentes \u2014definidos como aquellos con una base imponible superior a los 2.000 millones de pesos en los \u00faltimos 12 meses\u2014 podr\u00e1n acceder a un esquema de condonaci\u00f3n parcial, comenzando con un 50% en caso de pago \u00fanico.<\/p>\n<p>&nbsp;<\/p>\n<p>Adem\u00e1s, se establecer\u00e1 un tope en las tasas de inter\u00e9s para los planes de pago, que no superar\u00e1 el 2,5% en ninguna de sus modalidades. Los peque\u00f1os contribuyentes podr\u00e1n acceder a hasta 60 cuotas y los grandes, a 36. Fern\u00e1ndez aclar\u00f3 que los beneficios ir\u00e1n disminuyendo a medida que aumente el n\u00famero de cuotas elegidas.<\/p>\n<p><a href=\"https:\/\/opinionpublica.com.ar\/index\/wp-content\/uploads\/2024\/04\/aref.jpg\"><img decoding=\"async\" class=\"alignnone size-full wp-image-2586\" src=\"https:\/\/opinionpublica.com.ar\/index\/wp-content\/uploads\/2024\/04\/aref.jpg\" alt=\"\" width=\"310\" height=\"163\" srcset=\"https:\/\/opinionpublica.com.ar\/index\/wp-content\/uploads\/2024\/04\/aref.jpg 310w, https:\/\/opinionpublica.com.ar\/index\/wp-content\/uploads\/2024\/04\/aref-300x158.jpg 300w\" sizes=\"(max-width: 310px) 100vw, 310px\" \/><\/a><\/p>\n<p>Desde la AREF estiman que entre 1.500 y 1.700 contribuyentes podr\u00edan ingresar al r\u00e9gimen. Este universo incluye personas f\u00edsicas, peque\u00f1os comerciantes y empresas. \u201cEl r\u00e9gimen de morosidad en general en la provincia est\u00e1 entre el 5% y el 7%. Dentro de ese porcentaje est\u00e1n los potenciales beneficiarios\u201d, indic\u00f3 el funcionario.<\/p>\n<p>&nbsp;<\/p>\n<p>Consultado por el impacto en las finanzas provinciales, Fern\u00e1ndez asegur\u00f3 que, aunque los ingresos que podr\u00edan recuperarse \u201csiempre vienen bien\u201d, el esp\u00edritu de la norma no es recaudatorio. \u201cSe trata de una medida que apunta m\u00e1s al alivio que a la recaudaci\u00f3n. Es una herramienta \u00fatil para ayudar a quienes est\u00e1n en dificultades a mantenerse al d\u00eda\u201d, afirm\u00f3.<\/p>\n<p>&nbsp;<\/p>\n<p>En ese sentido, remarc\u00f3 que el proyecto tambi\u00e9n responde a planteos de distintos sectores productivos, comerciales y de servicios que se manifestaron ante el Ejecutivo. En un contexto de ca\u00edda de transferencias nacionales, la provincia busca fortalecer su recaudaci\u00f3n propia sin asfixiar a quienes sostienen la actividad econ\u00f3mica.<\/p>\n<p>&nbsp;<\/p>\n<p>El texto legal ser\u00eda tratado por la Legislatura entre noviembre y diciembre, salvo que se convoque a una sesi\u00f3n extraordinaria. \u201cNo deber\u00eda generar grandes pol\u00e9micas, porque es una herramienta en favor de la sostenibilidad de la actividad privada\u201d, se\u00f1al\u00f3 Fern\u00e1ndez.<\/p>\n<p>&nbsp;<\/p>\n","protected":false},"excerpt":{"rendered":"<p>Detalles de la moratoria para aliviar deudas tributarias La Agencia de Recaudaci\u00f3n Fueguina (AREF) avanza en un proyecto<\/p>\n","protected":false},"author":5,"featured_media":2585,"comment_status":"open","ping_status":"open","sticky":false,"template":"","format":"standard","meta":{"footnotes":""},"categories":[2],"tags":[525,3854],"class_list":["post-11097","post","type-post","status-publish","format-standard","has-post-thumbnail","hentry","category-tierra-del-fuego","tag-aref","tag-deudas-tributarias"],"featured_image_urls":{"full":["https:\/\/opinionpublica.com.ar\/index\/wp-content\/uploads\/2024\/04\/aref-1.jpg",800,450,false],"thumbnail":["https:\/\/opinionpublica.com.ar\/index\/wp-content\/uploads\/2024\/04\/aref-1-150x150.jpg",150,150,true],"medium":["https:\/\/opinionpublica.com.ar\/index\/wp-content\/uploads\/2024\/04\/aref-1-300x169.jpg",300,169,true],"medium_large":["https:\/\/opinionpublica.com.ar\/index\/wp-content\/uploads\/2024\/04\/aref-1-768x432.jpg",640,360,true],"large":["https:\/\/opinionpublica.com.ar\/index\/wp-content\/uploads\/2024\/04\/aref-1.jpg",640,360,false],"1536x1536":["https:\/\/opinionpublica.com.ar\/index\/wp-content\/uploads\/2024\/04\/aref-1.jpg",800,450,false],"2048x2048":["https:\/\/opinionpublica.com.ar\/index\/wp-content\/uploads\/2024\/04\/aref-1.jpg",800,450,false],"morenews-large":["https:\/\/opinionpublica.com.ar\/index\/wp-content\/uploads\/2024\/04\/aref-1.jpg",800,450,false],"morenews-medium":["https:\/\/opinionpublica.com.ar\/index\/wp-content\/uploads\/2024\/04\/aref-1-590x410.jpg",590,410,true]},"author_info":{"display_name":"Hal","author_link":"https:\/\/opinionpublica.com.ar\/index\/author\/hal\/"},"category_info":"<a href=\"https:\/\/opinionpublica.com.ar\/index\/category\/tierra-del-fuego\/\" rel=\"category tag\">Tierra del Fuego<\/a>","tag_info":"Tierra del Fuego","comment_count":"0","_links":{"self":[{"href":"https:\/\/opinionpublica.com.ar\/index\/wp-json\/wp\/v2\/posts\/11097","targetHints":{"allow":["GET"]}}],"collection":[{"href":"https:\/\/opinionpublica.com.ar\/index\/wp-json\/wp\/v2\/posts"}],"about":[{"href":"https:\/\/opinionpublica.com.ar\/index\/wp-json\/wp\/v2\/types\/post"}],"author":[{"embeddable":true,"href":"https:\/\/opinionpublica.com.ar\/index\/wp-json\/wp\/v2\/users\/5"}],"replies":[{"embeddable":true,"href":"https:\/\/opinionpublica.com.ar\/index\/wp-json\/wp\/v2\/comments?post=11097"}],"version-history":[{"count":1,"href":"https:\/\/opinionpublica.com.ar\/index\/wp-json\/wp\/v2\/posts\/11097\/revisions"}],"predecessor-version":[{"id":11099,"href":"https:\/\/opinionpublica.com.ar\/index\/wp-json\/wp\/v2\/posts\/11097\/revisions\/11099"}],"wp:featuredmedia":[{"embeddable":true,"href":"https:\/\/opinionpublica.com.ar\/index\/wp-json\/wp\/v2\/media\/2585"}],"wp:attachment":[{"href":"https:\/\/opinionpublica.com.ar\/index\/wp-json\/wp\/v2\/media?parent=11097"}],"wp:term":[{"taxonomy":"category","embeddable":true,"href":"https:\/\/opinionpublica.com.ar\/index\/wp-json\/wp\/v2\/categories?post=11097"},{"taxonomy":"post_tag","embeddable":true,"href":"https:\/\/opinionpublica.com.ar\/index\/wp-json\/wp\/v2\/tags?post=11097"}],"curies":[{"name":"wp","href":"https:\/\/api.w.org\/{rel}","templated":true}]}}