{"id":11100,"date":"2025-09-16T15:07:48","date_gmt":"2025-09-16T18:07:48","guid":{"rendered":"https:\/\/opinionpublica.com.ar\/index\/?p=11100"},"modified":"2025-09-16T15:07:48","modified_gmt":"2025-09-16T18:07:48","slug":"de-los-24-distritos-tierra-del-fuego-es-uno-de-los-que-paga-mas-caro-el-gas","status":"publish","type":"post","link":"https:\/\/opinionpublica.com.ar\/index\/de-los-24-distritos-tierra-del-fuego-es-uno-de-los-que-paga-mas-caro-el-gas\/","title":{"rendered":"De los 24 distritos, Tierra del Fuego es uno de los que paga m\u00e1s caro el gas"},"content":{"rendered":"<p style=\"text-align: left;\"><strong>De los 24 distritos, Tierra del Fuego es uno de los que paga m\u00e1s caro el gas<\/strong><\/p>\n<p><a href=\"https:\/\/opinionpublica.com.ar\/index\/wp-content\/uploads\/2025\/09\/IMG-20250916-WA0028.jpg\"><img fetchpriority=\"high\" decoding=\"async\" class=\"alignnone size-full wp-image-11101\" src=\"https:\/\/opinionpublica.com.ar\/index\/wp-content\/uploads\/2025\/09\/IMG-20250916-WA0028.jpg\" alt=\"\" width=\"1090\" height=\"886\" srcset=\"https:\/\/opinionpublica.com.ar\/index\/wp-content\/uploads\/2025\/09\/IMG-20250916-WA0028.jpg 1090w, https:\/\/opinionpublica.com.ar\/index\/wp-content\/uploads\/2025\/09\/IMG-20250916-WA0028-300x244.jpg 300w, https:\/\/opinionpublica.com.ar\/index\/wp-content\/uploads\/2025\/09\/IMG-20250916-WA0028-1024x832.jpg 1024w, https:\/\/opinionpublica.com.ar\/index\/wp-content\/uploads\/2025\/09\/IMG-20250916-WA0028-768x624.jpg 768w\" sizes=\"(max-width: 1090px) 100vw, 1090px\" \/><\/a><\/p>\n<p>Pablo Gonz\u00e1lez, ex presidente de YPF, fue entrevistado en el programa \u201cEl Futuro Est\u00e1 en Tus Manos\u201d, conducido por el ex intendente de Ushuaia Mario Daniele, junto a Eva Medina y Pedro Schvartzman. En el inicio de la entrevista, Gonz\u00e1lez subray\u00f3 que, de los 24 distritos del pa\u00eds, Neuqu\u00e9n, Santa Cruz, Chubut y Tierra del Fuego son los que pagan m\u00e1s caro el gas, a pesar de ser provincias productoras de hidrocarburos.<\/p>\n<p>&nbsp;<\/p>\n<p>En el plano electoral, Gonz\u00e1lez remarc\u00f3 que \u201chay que seguir apostando a la unidad y ofrecerle a la gente una propuesta con un programa de gobierno\u201d. Tambi\u00e9n fue claro respecto al futuro: \u201cYo quiero que en 2027 ganemos y que se deje de perseguir judicialmente a Cristina Fern\u00e1ndez de Kirchner\u201d. Cont\u00f3 que la visit\u00f3 la semana pasada y que la encontr\u00f3 \u201ccon mucha fuerza\u201d.<\/p>\n<p>&nbsp;<\/p>\n<p>En su diagn\u00f3stico, desde que Javier Milei asumi\u00f3 la presidencia \u201cno vino ninguna empresa grande al pa\u00eds. Ninguna. Es m\u00e1s, se fueron\u201d. Critic\u00f3 con dureza la falta de obra p\u00fablica: \u201cEste gobierno no hace obra p\u00fablica, lo \u00fanico que hace es cambiarle el nombre a las que hicimos nosotros\u201d.<\/p>\n<p>&nbsp;<\/p>\n<p>Advirti\u00f3 adem\u00e1s sobre el cambio de prioridades en el sector energ\u00e9tico tras la sanci\u00f3n de la Ley Bases: \u201cEl paradigma energ\u00e9tico de la Argentina cambi\u00f3. Se exporta m\u00e1s y se consume menos. Quienes exportan ganan, pero quienes pierden son los argentinos y las argentinas que cargan combustible y pagan lo mismo que en pa\u00edses que no producen petr\u00f3leo. Si quer\u00e9s un precio m\u00e1s bajo, ten\u00e9s que ir a las 3 de la ma\u00f1ana a una estaci\u00f3n de servicio\u201d.<\/p>\n<p>&nbsp;<\/p>\n<p>Gonz\u00e1lez record\u00f3 que \u201capenas est\u00e1 desarrollado el 12% de Vaca Muerta\u201d y que la Ley Bases de Milei fij\u00f3 que el precio interno de los combustibles est\u00e9 atado al Brent, la referencia internacional del crudo. \u201cEso significa que cuando sube el petr\u00f3leo en el mundo, autom\u00e1ticamente sube la nafta en la Argentina. Y ya se prob\u00f3 que cuando baj\u00f3 el petr\u00f3leo, ac\u00e1 la nafta no baj\u00f3\u201d, subray\u00f3.<\/p>\n<p>&nbsp;<\/p>\n<p>Tambi\u00e9n reivindic\u00f3 el proyecto F\u00e9nix de R\u00edo Grande, al que calific\u00f3 como \u201cun muy buen proyecto\u201d.<\/p>\n<p>&nbsp;<\/p>\n<p>En otro pasaje fue lapidario con el Fondo Monetario Internacional: \u201cLo \u00fanico que hace el FMI es respaldar modelos de ajuste que no benefician a la gente, sino a las empresas que ellos eligen. Y punto\u201d. Tambi\u00e9n advirti\u00f3 sobre la nueva forma de disputa global por los recursos estrat\u00e9gicos: \u201cYa no hay golpes de Estado ni guerras por petr\u00f3leo. Hoy lo que sucede es que una jueza de Nueva York puede dictar sentencia para que un fondo buitre se quede con Vaca Muerta y con los recursos que generan el super\u00e1vit energ\u00e9tico de la Argentina. Eso es grav\u00edsimo\u201d.<\/p>\n<p>&nbsp;<\/p>\n<p>Adem\u00e1s, Gonz\u00e1lez denunci\u00f3 una persecuci\u00f3n pol\u00edtica en R\u00edo Gallegos, se\u00f1alando que esa pr\u00e1ctica busca condicionar a dirigentes opositores.<\/p>\n<p>&nbsp;<\/p>\n<p style=\"text-align: left;\">Por \u00faltimo, tuvo palabras de reconocimiento hacia Mart\u00edn P\u00e9rez, intendente de R\u00edo Grande, a quien record\u00f3 de los hist\u00f3ricos Patagonazos contra las medidas de Mauricio Macri. \u201cHablo con \u00e9l cada tanto, me parece un pibe que tiene un futuro enorme\u201d, expres\u00f3.<\/p>\n<p>&nbsp;<\/p>\n<p><a href=\"https:\/\/www.youtube.com\/watch?v=v2lGMtUrb5M\">https:\/\/www.youtube.com\/watch?v=v2lGMtUrb5M<\/a><\/p>\n","protected":false},"excerpt":{"rendered":"<p>De los 24 distritos, Tierra del Fuego es uno de los que paga m\u00e1s caro el gas Pablo<\/p>\n","protected":false},"author":5,"featured_media":11101,"comment_status":"open","ping_status":"open","sticky":false,"template":"","format":"standard","meta":{"footnotes":""},"categories":[1170,2],"tags":[1900,3855],"class_list":["post-11100","post","type-post","status-publish","format-standard","has-post-thumbnail","hentry","category-columna-especial","category-tierra-del-fuego","tag-mario-daniele","tag-pablo-gonzalez"],"featured_image_urls":{"full":["https:\/\/opinionpublica.com.ar\/index\/wp-content\/uploads\/2025\/09\/IMG-20250916-WA0028.jpg",1090,886,false],"thumbnail":["https:\/\/opinionpublica.com.ar\/index\/wp-content\/uploads\/2025\/09\/IMG-20250916-WA0028-150x150.jpg",150,150,true],"medium":["https:\/\/opinionpublica.com.ar\/index\/wp-content\/uploads\/2025\/09\/IMG-20250916-WA0028-300x244.jpg",300,244,true],"medium_large":["https:\/\/opinionpublica.com.ar\/index\/wp-content\/uploads\/2025\/09\/IMG-20250916-WA0028-768x624.jpg",640,520,true],"large":["https:\/\/opinionpublica.com.ar\/index\/wp-content\/uploads\/2025\/09\/IMG-20250916-WA0028-1024x832.jpg",640,520,true],"1536x1536":["https:\/\/opinionpublica.com.ar\/index\/wp-content\/uploads\/2025\/09\/IMG-20250916-WA0028.jpg",1090,886,false],"2048x2048":["https:\/\/opinionpublica.com.ar\/index\/wp-content\/uploads\/2025\/09\/IMG-20250916-WA0028.jpg",1090,886,false],"morenews-large":["https:\/\/opinionpublica.com.ar\/index\/wp-content\/uploads\/2025\/09\/IMG-20250916-WA0028-825x575.jpg",825,575,true],"morenews-medium":["https:\/\/opinionpublica.com.ar\/index\/wp-content\/uploads\/2025\/09\/IMG-20250916-WA0028-590x410.jpg",590,410,true]},"author_info":{"display_name":"Hal","author_link":"https:\/\/opinionpublica.com.ar\/index\/author\/hal\/"},"category_info":"<a href=\"https:\/\/opinionpublica.com.ar\/index\/category\/columna-especial\/\" rel=\"category tag\">Columna Especial<\/a> <a href=\"https:\/\/opinionpublica.com.ar\/index\/category\/tierra-del-fuego\/\" rel=\"category tag\">Tierra del Fuego<\/a>","tag_info":"Tierra del Fuego","comment_count":"1","_links":{"self":[{"href":"https:\/\/opinionpublica.com.ar\/index\/wp-json\/wp\/v2\/posts\/11100","targetHints":{"allow":["GET"]}}],"collection":[{"href":"https:\/\/opinionpublica.com.ar\/index\/wp-json\/wp\/v2\/posts"}],"about":[{"href":"https:\/\/opinionpublica.com.ar\/index\/wp-json\/wp\/v2\/types\/post"}],"author":[{"embeddable":true,"href":"https:\/\/opinionpublica.com.ar\/index\/wp-json\/wp\/v2\/users\/5"}],"replies":[{"embeddable":true,"href":"https:\/\/opinionpublica.com.ar\/index\/wp-json\/wp\/v2\/comments?post=11100"}],"version-history":[{"count":1,"href":"https:\/\/opinionpublica.com.ar\/index\/wp-json\/wp\/v2\/posts\/11100\/revisions"}],"predecessor-version":[{"id":11102,"href":"https:\/\/opinionpublica.com.ar\/index\/wp-json\/wp\/v2\/posts\/11100\/revisions\/11102"}],"wp:featuredmedia":[{"embeddable":true,"href":"https:\/\/opinionpublica.com.ar\/index\/wp-json\/wp\/v2\/media\/11101"}],"wp:attachment":[{"href":"https:\/\/opinionpublica.com.ar\/index\/wp-json\/wp\/v2\/media?parent=11100"}],"wp:term":[{"taxonomy":"category","embeddable":true,"href":"https:\/\/opinionpublica.com.ar\/index\/wp-json\/wp\/v2\/categories?post=11100"},{"taxonomy":"post_tag","embeddable":true,"href":"https:\/\/opinionpublica.com.ar\/index\/wp-json\/wp\/v2\/tags?post=11100"}],"curies":[{"name":"wp","href":"https:\/\/api.w.org\/{rel}","templated":true}]}}