{"id":11282,"date":"2025-10-01T08:08:44","date_gmt":"2025-10-01T11:08:44","guid":{"rendered":"https:\/\/opinionpublica.com.ar\/index\/?p=11282"},"modified":"2025-10-01T08:08:44","modified_gmt":"2025-10-01T11:08:44","slug":"gobernadores-del-interior-articulan-ofensiva-politica","status":"publish","type":"post","link":"https:\/\/opinionpublica.com.ar\/index\/gobernadores-del-interior-articulan-ofensiva-politica\/","title":{"rendered":"Gobernadores del interior articulan ofensiva pol\u00edtica"},"content":{"rendered":"<p><strong>Gobernadores del interior articulan ofensiva pol\u00edtica<\/strong><\/p>\n<p>En un encuentro en Chubut, los mandatarios de Provincias Unidas descalificaron al Gobierno nacional y al kirchnerismo, trazando un rumbo electoral propio. Criticaron la falta de di\u00e1logo, el ajuste y anunciaron que en 2027 impulsar\u00e1n un Presidente de perfil federal.<\/p>\n<p><a href=\"https:\/\/opinionpublica.com.ar\/index\/wp-content\/uploads\/2025\/07\/frente-electoral-de-gobernadores-2071448.jpg\"><img fetchpriority=\"high\" decoding=\"async\" class=\"alignnone size-full wp-image-10533\" src=\"https:\/\/opinionpublica.com.ar\/index\/wp-content\/uploads\/2025\/07\/frente-electoral-de-gobernadores-2071448.jpg\" alt=\"\" width=\"987\" height=\"555\" srcset=\"https:\/\/opinionpublica.com.ar\/index\/wp-content\/uploads\/2025\/07\/frente-electoral-de-gobernadores-2071448.jpg 987w, https:\/\/opinionpublica.com.ar\/index\/wp-content\/uploads\/2025\/07\/frente-electoral-de-gobernadores-2071448-300x169.jpg 300w, https:\/\/opinionpublica.com.ar\/index\/wp-content\/uploads\/2025\/07\/frente-electoral-de-gobernadores-2071448-768x432.jpg 768w\" sizes=\"(max-width: 987px) 100vw, 987px\" \/><\/a><\/p>\n<p>Con una convocatoria completa, los gobernadores de Provincias Unidas celebraron una cumbre en Puerto Madryn que funcion\u00f3 como lanzamiento de una alternativa pol\u00edtica frente a la polarizaci\u00f3n.<\/p>\n<p>&nbsp;<\/p>\n<p>Los mandatarios desplegaron duras cr\u00edticas contra el Presidente Javier Milei, a quien acusaron de soberbia, inducci\u00f3n a la recesi\u00f3n y abandono del interior productivo.<\/p>\n<p>&nbsp;<\/p>\n<p>Simult\u00e1neamente, descartaron al kirchnerismo como una opci\u00f3n viable, en un claro intento por posicionarse como una tercera fuerza.<\/p>\n<p>&nbsp;<\/p>\n<p>El bloque tambi\u00e9n manifest\u00f3 su enojo por la ef\u00edmera eliminaci\u00f3n de las retenciones al agro, una medida que tildaron de \u201cestafa\u201d y \u201celectoralista\u201d.<\/p>\n<p>&nbsp;<\/p>\n<p>El c\u00f3nclave sirvi\u00f3 para ratificar una estrategia com\u00fan de cara a los comicios de octubre, aunque con la vista puesta en un objetivo mayor: la elecci\u00f3n presidencial de 2027, para la cual prometieron consagrar un mandatario de raigambre federal. El pr\u00f3ximo encuentro del espacio est\u00e1 agendado para el 9 de octubre en la provincia de Jujuy.<\/p>\n<p><a href=\"https:\/\/opinionpublica.com.ar\/index\/wp-content\/uploads\/2024\/03\/ignacio-torres-chubutjpg.webp\"><img decoding=\"async\" class=\"alignnone size-full wp-image-608\" src=\"https:\/\/opinionpublica.com.ar\/index\/wp-content\/uploads\/2024\/03\/ignacio-torres-chubutjpg.webp\" alt=\"\" width=\"1200\" height=\"675\" srcset=\"https:\/\/opinionpublica.com.ar\/index\/wp-content\/uploads\/2024\/03\/ignacio-torres-chubutjpg.webp 1200w, https:\/\/opinionpublica.com.ar\/index\/wp-content\/uploads\/2024\/03\/ignacio-torres-chubutjpg-300x169.webp 300w, https:\/\/opinionpublica.com.ar\/index\/wp-content\/uploads\/2024\/03\/ignacio-torres-chubutjpg-1024x576.webp 1024w, https:\/\/opinionpublica.com.ar\/index\/wp-content\/uploads\/2024\/03\/ignacio-torres-chubutjpg-768x432.webp 768w\" sizes=\"(max-width: 1200px) 100vw, 1200px\" \/><\/a><\/p>\n<p>El anfitri\u00f3n gobernador Ignacio Torres (y su vicegobernador Gustavo Menna, radical) junto a sus pares Mart\u00edn Llaryora, Maximiliano Pullaro, Gustavo Vald\u00e9s, Carlos Sadir y Claudio Vidal, encabez\u00f3 una jornada de neto corte opositor.<\/p>\n<p>&nbsp;<\/p>\n<p>El exgobernador Juan Schiaretti fue uno de los oradores m\u00e1s duros, al denunciar que la administraci\u00f3n nacional \u201cauto induce\u201d la recesi\u00f3n econ\u00f3mica. \u201cNo se puede gobernar induciendo la recesi\u00f3n para ver si a los martillazos consigue un n\u00famero m\u00e1s bajo de inflaci\u00f3n\u201d, afirm\u00f3.<\/p>\n<p>&nbsp;<\/p>\n<p>Por su parte, Pullaro de la invencible asegur\u00f3 que Provincias Unidas es la \u201c\u00fanica posibilidad\u201d para que el kirchnerismo no retorne al poder, y cuestion\u00f3 la estrategia oficial de reducir el debate a una pulseada entre \u201clos candidatos de Cristina y los candidatos de Karina\u201d.<\/p>\n<p>&nbsp;<\/p>\n<p>En la misma sinton\u00eda, Llaryora proclam\u00f3 que en los pr\u00f3ximos comicios \u201cla sorpresa la vamos a dar nosotros\u201d y areng\u00f3 a sus colegas anunciando que el 2027 ser\u00e1 el a\u00f1o para \u201cponer un presidente federal\u201d.<\/p>\n<p><a href=\"https:\/\/opinionpublica.com.ar\/index\/wp-content\/uploads\/2024\/04\/claudio-vidal-webp.webp\"><img decoding=\"async\" class=\"alignnone size-full wp-image-2425\" src=\"https:\/\/opinionpublica.com.ar\/index\/wp-content\/uploads\/2024\/04\/claudio-vidal-webp.webp\" alt=\"\" width=\"1000\" height=\"667\" srcset=\"https:\/\/opinionpublica.com.ar\/index\/wp-content\/uploads\/2024\/04\/claudio-vidal-webp.webp 1000w, https:\/\/opinionpublica.com.ar\/index\/wp-content\/uploads\/2024\/04\/claudio-vidal-webp-300x200.webp 300w, https:\/\/opinionpublica.com.ar\/index\/wp-content\/uploads\/2024\/04\/claudio-vidal-webp-768x512.webp 768w\" sizes=\"(max-width: 1000px) 100vw, 1000px\" \/><\/a><\/p>\n<p>El eje de las cr\u00edticas se centr\u00f3 en el estilo de gesti\u00f3n y la falta de canales de di\u00e1logo con la Casa Rosada. Torres destac\u00f3 la humildad de su espacio para concertar con quienes piensan distinto, en contraste con la actitud de \u201cburlarse y decir pavadas por las redes sociales\u201d.<\/p>\n<p>&nbsp;<\/p>\n<p>Vald\u00e9s se quej\u00f3 del trato recibido en Buenos Aires, donde afirm\u00f3 que a los gobernadores \u201clos ningunean, destratan y no los atienden\u201d, y remarc\u00f3 la importancia de la educaci\u00f3n p\u00fablica gratuita como un pilar nacional.<\/p>\n<p>&nbsp;<\/p>\n<p>Desde Santa Cruz, Claudio Vidal elev\u00f3 el tono al considerar que el rumbo actual \u201cclaramente nos lleva al abismo\u201d y que el ajuste es la \u201creceta para generar m\u00e1s pobreza\u201d.<\/p>\n<p>&nbsp;<\/p>\n<p>Carlos Sadir, por su parte, reclam\u00f3 la discusi\u00f3n de un Presupuesto para 2026, algo que no ocurre desde hace a\u00f1os.<\/p>\n<p>&nbsp;<\/p>\n<p>El bloque se perfila as\u00ed como una plataforma que busca blindar sus territorios y capitalizar el desgaste de los dos polos principales de la pol\u00edtica nacional.<\/p>\n","protected":false},"excerpt":{"rendered":"<p>Gobernadores del interior articulan ofensiva pol\u00edtica En un encuentro en Chubut, los mandatarios de Provincias Unidas descalificaron al<\/p>\n","protected":false},"author":5,"featured_media":11283,"comment_status":"open","ping_status":"open","sticky":false,"template":"","format":"standard","meta":{"footnotes":""},"categories":[3],"tags":[353,107,119,3871],"class_list":["post-11282","post","type-post","status-publish","format-standard","has-post-thumbnail","hentry","category-nacionales","tag-claudio-vidal","tag-gobernadores","tag-ignacio-torres","tag-provincias-unidas"],"featured_image_urls":{"full":["https:\/\/opinionpublica.com.ar\/index\/wp-content\/uploads\/2025\/10\/Revista-Puerto-Chubut-Cumbre-de-gobernadores-de-Provincias-Unidas-en-Puerto-Madryn-img-02.jpg",760,507,false],"thumbnail":["https:\/\/opinionpublica.com.ar\/index\/wp-content\/uploads\/2025\/10\/Revista-Puerto-Chubut-Cumbre-de-gobernadores-de-Provincias-Unidas-en-Puerto-Madryn-img-02-150x150.jpg",150,150,true],"medium":["https:\/\/opinionpublica.com.ar\/index\/wp-content\/uploads\/2025\/10\/Revista-Puerto-Chubut-Cumbre-de-gobernadores-de-Provincias-Unidas-en-Puerto-Madryn-img-02-300x200.jpg",300,200,true],"medium_large":["https:\/\/opinionpublica.com.ar\/index\/wp-content\/uploads\/2025\/10\/Revista-Puerto-Chubut-Cumbre-de-gobernadores-de-Provincias-Unidas-en-Puerto-Madryn-img-02.jpg",640,427,false],"large":["https:\/\/opinionpublica.com.ar\/index\/wp-content\/uploads\/2025\/10\/Revista-Puerto-Chubut-Cumbre-de-gobernadores-de-Provincias-Unidas-en-Puerto-Madryn-img-02.jpg",640,427,false],"1536x1536":["https:\/\/opinionpublica.com.ar\/index\/wp-content\/uploads\/2025\/10\/Revista-Puerto-Chubut-Cumbre-de-gobernadores-de-Provincias-Unidas-en-Puerto-Madryn-img-02.jpg",760,507,false],"2048x2048":["https:\/\/opinionpublica.com.ar\/index\/wp-content\/uploads\/2025\/10\/Revista-Puerto-Chubut-Cumbre-de-gobernadores-de-Provincias-Unidas-en-Puerto-Madryn-img-02.jpg",760,507,false],"morenews-large":["https:\/\/opinionpublica.com.ar\/index\/wp-content\/uploads\/2025\/10\/Revista-Puerto-Chubut-Cumbre-de-gobernadores-de-Provincias-Unidas-en-Puerto-Madryn-img-02.jpg",760,507,false],"morenews-medium":["https:\/\/opinionpublica.com.ar\/index\/wp-content\/uploads\/2025\/10\/Revista-Puerto-Chubut-Cumbre-de-gobernadores-de-Provincias-Unidas-en-Puerto-Madryn-img-02-590x410.jpg",590,410,true]},"author_info":{"display_name":"Hal","author_link":"https:\/\/opinionpublica.com.ar\/index\/author\/hal\/"},"category_info":"<a href=\"https:\/\/opinionpublica.com.ar\/index\/category\/nacionales\/\" rel=\"category tag\">Nacionales<\/a>","tag_info":"Nacionales","comment_count":"0","_links":{"self":[{"href":"https:\/\/opinionpublica.com.ar\/index\/wp-json\/wp\/v2\/posts\/11282","targetHints":{"allow":["GET"]}}],"collection":[{"href":"https:\/\/opinionpublica.com.ar\/index\/wp-json\/wp\/v2\/posts"}],"about":[{"href":"https:\/\/opinionpublica.com.ar\/index\/wp-json\/wp\/v2\/types\/post"}],"author":[{"embeddable":true,"href":"https:\/\/opinionpublica.com.ar\/index\/wp-json\/wp\/v2\/users\/5"}],"replies":[{"embeddable":true,"href":"https:\/\/opinionpublica.com.ar\/index\/wp-json\/wp\/v2\/comments?post=11282"}],"version-history":[{"count":1,"href":"https:\/\/opinionpublica.com.ar\/index\/wp-json\/wp\/v2\/posts\/11282\/revisions"}],"predecessor-version":[{"id":11284,"href":"https:\/\/opinionpublica.com.ar\/index\/wp-json\/wp\/v2\/posts\/11282\/revisions\/11284"}],"wp:featuredmedia":[{"embeddable":true,"href":"https:\/\/opinionpublica.com.ar\/index\/wp-json\/wp\/v2\/media\/11283"}],"wp:attachment":[{"href":"https:\/\/opinionpublica.com.ar\/index\/wp-json\/wp\/v2\/media?parent=11282"}],"wp:term":[{"taxonomy":"category","embeddable":true,"href":"https:\/\/opinionpublica.com.ar\/index\/wp-json\/wp\/v2\/categories?post=11282"},{"taxonomy":"post_tag","embeddable":true,"href":"https:\/\/opinionpublica.com.ar\/index\/wp-json\/wp\/v2\/tags?post=11282"}],"curies":[{"name":"wp","href":"https:\/\/api.w.org\/{rel}","templated":true}]}}