{"id":11285,"date":"2025-10-01T08:25:32","date_gmt":"2025-10-01T11:25:32","guid":{"rendered":"https:\/\/opinionpublica.com.ar\/index\/?p=11285"},"modified":"2025-10-01T08:25:32","modified_gmt":"2025-10-01T11:25:32","slug":"milei-firmo-el-decreto-para-que-ee-uu-realice-en-ushuaia-el-operativo-tridente","status":"publish","type":"post","link":"https:\/\/opinionpublica.com.ar\/index\/milei-firmo-el-decreto-para-que-ee-uu-realice-en-ushuaia-el-operativo-tridente\/","title":{"rendered":"Milei firm\u00f3 el decreto para que EE.UU. realice en Ushuaia el \u201cOperativo Tridente\u201d"},"content":{"rendered":"<p><strong>Milei firm\u00f3 el decreto para que EE.UU. realice en Ushuaia el \u201cOperativo Tridente\u201d<\/strong><\/p>\n<p><a href=\"https:\/\/opinionpublica.com.ar\/index\/wp-content\/uploads\/2024\/11\/javier-milei-trabajando-computadora.webp\"><img fetchpriority=\"high\" decoding=\"async\" class=\"alignnone size-full wp-image-6835\" src=\"https:\/\/opinionpublica.com.ar\/index\/wp-content\/uploads\/2024\/11\/javier-milei-trabajando-computadora.webp\" alt=\"\" width=\"610\" height=\"343\" srcset=\"https:\/\/opinionpublica.com.ar\/index\/wp-content\/uploads\/2024\/11\/javier-milei-trabajando-computadora.webp 610w, https:\/\/opinionpublica.com.ar\/index\/wp-content\/uploads\/2024\/11\/javier-milei-trabajando-computadora-300x169.webp 300w\" sizes=\"(max-width: 610px) 100vw, 610px\" \/><\/a><\/p>\n<p>El Presidente de la Naci\u00f3n lo orden\u00f3, pero no consult\u00f3 al Congreso Nacional como lo establece la legislaci\u00f3n. Los ejercicios militares se desarrollar\u00e1n entre el 20 de octubre y el 15 de noviembre. Ushuaia ser\u00e1 escenario de un ejercicio militar combinado autorizado por ese decreto que habilita el ingreso temporal de medios y personal de EE.UU. Operar\u00e1n en la ciudad, su entorno terrestre y mar\u00edtimo.<\/p>\n<p>&nbsp;<\/p>\n<p>El Decreto 697\/2025, publicado el 30 de septiembre en el Bolet\u00edn Oficial, es la base legal por la cual el Gobierno nacional autoriz\u00f3 la entrada de personal y medios de EE.UU. para participar del ejercicio militar combinado denominado Tridente.<\/p>\n<p>El Decreto de Necesidad y Urgencia establece que las maniobras militares se desarrollar\u00e1n entre el lunes 20 de octubre y el s\u00e1bado 15 de noviembre de 2025. Seg\u00fan se lee en el Bolet\u00edn Oficial de la Naci\u00f3n, el ejercicio tendr\u00e1 lugar en las bases navales de Ushuaia, Mar del Plata y Puerto Belgrano, as\u00ed como en las \u00e1reas mar\u00edtimas y terrestres que se asignen para la instrucci\u00f3n militar.<\/p>\n<p>&nbsp;<\/p>\n<p>El documento autoriza el ingreso temporal de medios y personal de las Fuerzas Armadas de EE.UU. para esos entrenamientos y operaciones combinadas. En otro de sus p\u00e1rrafos se menciona que \u201clos costos correspondientes ser\u00e1n cubiertos con partidas presupuestarias del Ministerio de Defensa\u201d.<\/p>\n<p>&nbsp;<\/p>\n<p>Sobre el \u201cpuenteo\u201d realizado por el Gobierno nacional sobre el Congreso, \u00fanica instituci\u00f3n a la que le corresponde autorizar el ingreso de tropas extranjeras al pa\u00eds, el decreto invoca \u201cla naturaleza excepcional del caso\u201d y justifica el uso del decreto de necesidad y urgencia (DNU), alegando que los plazos estipulados de los ejercicios \u201cdificultan el tr\u00e1mite ordinario legislativo\u201d.<\/p>\n<p>&nbsp;<\/p>\n<p>Es importante destacar que en el DNU no se detalla el n\u00famero exacto de efectivos, capacidades (submarinos, buques, etc.) ni condiciones operativas espec\u00edficas. Esos detalles fueron expuestos en los anexos I y II del Bolet\u00edn Oficial, que aunque son referenciados, no est\u00e1n reproducidos en el cuerpo del decreto.<\/p>\n<p>&nbsp;<\/p>\n<p>Si bien en el decreto 697\/25 no se menciona en ning\u00fan art\u00edculo la instalaci\u00f3n te de fuerzas estadounidenses en la Base Naval Integrada en Ushuaia en construcci\u00f3n, ni en ninguna otra base argentina, fuentes pol\u00edticas dejaron traslucir que el ejercicio \u201cTridente\u201d representar\u00e1 una aproximaci\u00f3n al terreno por parte de los militares norteamericanos, con vistas a la concreci\u00f3n de una presencia constante en las aguas de la Bah\u00eda de Ushuaia, el Canal Beagle y el Pasaje de Drake.<\/p>\n<p>&nbsp;<\/p>\n<p>Para ello, ineludiblemente el Gobierno nacional necesitar\u00eda de la aprobaci\u00f3n del Congreso de la Naci\u00f3n, por lo que necesita para ello obtener en las pr\u00f3ximas elecciones una mayor cantidad de parlamentarios bajo su color pol\u00edtico, a fin de hacer realidad lo que todav\u00eda es un proyecto que inquieta al pueblo fueguino.<\/p>\n<p>&nbsp;<\/p>\n<p><strong>MILEI AUTORIZA EJERCICIOS MILITARES CON EEUU EN TERRITORIO ARGENTINO SIN AUTORIZACI\u00d3N DEL CONGRESO<\/strong><\/p>\n<p>&nbsp;<\/p>\n<p>ART\u00cdCULO 2\u00b0.- Autor\u00edzase el ingreso de medios y personal de las Fuerzas Armadas de los ESTADOS UNIDOS DE AM\u00c9RICA para la participaci\u00f3n en el Ejercicio \u201cTRIDENTE\u201d, a llevarse a cabo en territorio argentino, en las Bases Navales de MAR DEL PLATA, USHUAIA y PUERTO BELGRANO y en los espacios destinados para instrucci\u00f3n militar, mar\u00edtimos y terrestres, entre los d\u00edas 20 de octubre y 15 de noviembre de 2025, conforme se detalla en el ANEXO II (IF-2025-108002151-APN-SAID#MD), que forma parte integrante de la presente medida<\/p>\n","protected":false},"excerpt":{"rendered":"<p>Milei firm\u00f3 el decreto para que EE.UU. realice en Ushuaia el \u201cOperativo Tridente\u201d El Presidente de la Naci\u00f3n<\/p>\n","protected":false},"author":5,"featured_media":8123,"comment_status":"open","ping_status":"open","sticky":false,"template":"","format":"standard","meta":{"footnotes":""},"categories":[2],"tags":[539,692,3889],"class_list":["post-11285","post","type-post","status-publish","format-standard","has-post-thumbnail","hentry","category-tierra-del-fuego","tag-estados-unidos","tag-javier-milei","tag-operacion-tridente"],"featured_image_urls":{"full":["https:\/\/opinionpublica.com.ar\/index\/wp-content\/uploads\/2025\/01\/Javier-Milei-260724.jpg",1280,853,false],"thumbnail":["https:\/\/opinionpublica.com.ar\/index\/wp-content\/uploads\/2025\/01\/Javier-Milei-260724-150x150.jpg",150,150,true],"medium":["https:\/\/opinionpublica.com.ar\/index\/wp-content\/uploads\/2025\/01\/Javier-Milei-260724-300x200.jpg",300,200,true],"medium_large":["https:\/\/opinionpublica.com.ar\/index\/wp-content\/uploads\/2025\/01\/Javier-Milei-260724-768x512.jpg",640,427,true],"large":["https:\/\/opinionpublica.com.ar\/index\/wp-content\/uploads\/2025\/01\/Javier-Milei-260724-1024x682.jpg",640,426,true],"1536x1536":["https:\/\/opinionpublica.com.ar\/index\/wp-content\/uploads\/2025\/01\/Javier-Milei-260724.jpg",1280,853,false],"2048x2048":["https:\/\/opinionpublica.com.ar\/index\/wp-content\/uploads\/2025\/01\/Javier-Milei-260724.jpg",1280,853,false],"morenews-large":["https:\/\/opinionpublica.com.ar\/index\/wp-content\/uploads\/2025\/01\/Javier-Milei-260724-825x575.jpg",825,575,true],"morenews-medium":["https:\/\/opinionpublica.com.ar\/index\/wp-content\/uploads\/2025\/01\/Javier-Milei-260724-590x410.jpg",590,410,true]},"author_info":{"display_name":"Hal","author_link":"https:\/\/opinionpublica.com.ar\/index\/author\/hal\/"},"category_info":"<a href=\"https:\/\/opinionpublica.com.ar\/index\/category\/tierra-del-fuego\/\" rel=\"category tag\">Tierra del Fuego<\/a>","tag_info":"Tierra del Fuego","comment_count":"0","_links":{"self":[{"href":"https:\/\/opinionpublica.com.ar\/index\/wp-json\/wp\/v2\/posts\/11285","targetHints":{"allow":["GET"]}}],"collection":[{"href":"https:\/\/opinionpublica.com.ar\/index\/wp-json\/wp\/v2\/posts"}],"about":[{"href":"https:\/\/opinionpublica.com.ar\/index\/wp-json\/wp\/v2\/types\/post"}],"author":[{"embeddable":true,"href":"https:\/\/opinionpublica.com.ar\/index\/wp-json\/wp\/v2\/users\/5"}],"replies":[{"embeddable":true,"href":"https:\/\/opinionpublica.com.ar\/index\/wp-json\/wp\/v2\/comments?post=11285"}],"version-history":[{"count":1,"href":"https:\/\/opinionpublica.com.ar\/index\/wp-json\/wp\/v2\/posts\/11285\/revisions"}],"predecessor-version":[{"id":11286,"href":"https:\/\/opinionpublica.com.ar\/index\/wp-json\/wp\/v2\/posts\/11285\/revisions\/11286"}],"wp:featuredmedia":[{"embeddable":true,"href":"https:\/\/opinionpublica.com.ar\/index\/wp-json\/wp\/v2\/media\/8123"}],"wp:attachment":[{"href":"https:\/\/opinionpublica.com.ar\/index\/wp-json\/wp\/v2\/media?parent=11285"}],"wp:term":[{"taxonomy":"category","embeddable":true,"href":"https:\/\/opinionpublica.com.ar\/index\/wp-json\/wp\/v2\/categories?post=11285"},{"taxonomy":"post_tag","embeddable":true,"href":"https:\/\/opinionpublica.com.ar\/index\/wp-json\/wp\/v2\/tags?post=11285"}],"curies":[{"name":"wp","href":"https:\/\/api.w.org\/{rel}","templated":true}]}}