{"id":11349,"date":"2025-10-07T09:25:44","date_gmt":"2025-10-07T12:25:44","guid":{"rendered":"https:\/\/opinionpublica.com.ar\/index\/?p=11349"},"modified":"2025-10-07T09:25:44","modified_gmt":"2025-10-07T12:25:44","slug":"la-falta-de-gestion-de-melella-y-vuoto-en-la-mira","status":"publish","type":"post","link":"https:\/\/opinionpublica.com.ar\/index\/la-falta-de-gestion-de-melella-y-vuoto-en-la-mira\/","title":{"rendered":"La falta de gesti\u00f3n de Melella y Vuoto, en la mira"},"content":{"rendered":"<p><strong>La falta de gesti\u00f3n de Melella y Vuoto, en la mira<\/strong><\/p>\n<p>La edil Daiana Freiberger desvincul\u00f3 el sello \u00abFuerza Patria\u00bb de sus l\u00edderes y lo asoci\u00f3 directamente a la mala administraci\u00f3n de recursos en el \u00e1mbito municipal y provincial. La concejal de Ushuaia alert\u00f3 sobre el impacto directo del aumento de tarifas en el bolsillo de los vecinos y reclam\u00f3 transparencia.<\/p>\n<p><a href=\"https:\/\/opinionpublica.com.ar\/index\/wp-content\/uploads\/2025\/04\/f1280x720-126773_258448_5050-DAIANA-FREIBERGER.jpg\"><img fetchpriority=\"high\" decoding=\"async\" class=\"alignnone size-full wp-image-9482\" src=\"https:\/\/opinionpublica.com.ar\/index\/wp-content\/uploads\/2025\/04\/f1280x720-126773_258448_5050-DAIANA-FREIBERGER.jpg\" alt=\"\" width=\"1280\" height=\"720\" srcset=\"https:\/\/opinionpublica.com.ar\/index\/wp-content\/uploads\/2025\/04\/f1280x720-126773_258448_5050-DAIANA-FREIBERGER.jpg 1280w, https:\/\/opinionpublica.com.ar\/index\/wp-content\/uploads\/2025\/04\/f1280x720-126773_258448_5050-DAIANA-FREIBERGER-300x169.jpg 300w, https:\/\/opinionpublica.com.ar\/index\/wp-content\/uploads\/2025\/04\/f1280x720-126773_258448_5050-DAIANA-FREIBERGER-1024x576.jpg 1024w, https:\/\/opinionpublica.com.ar\/index\/wp-content\/uploads\/2025\/04\/f1280x720-126773_258448_5050-DAIANA-FREIBERGER-768x432.jpg 768w\" sizes=\"(max-width: 1280px) 100vw, 1280px\" \/><\/a><\/p>\n<p>La concejal Daiana Freiberger, referente del bloque Provincia Grande y militante del frente Defendamos Tierra del Fuego, le tir\u00f3 con munici\u00f3n gruesa al espacio pol\u00edtico Fuerza Patria, que tiene como principales figuras al intendente de Ushuaia Walter Vuoto y al gobernador de la provincia, Gustavo Melella. La edil asegur\u00f3 en una entrevista brindada a Radio Provincia que la etiqueta pol\u00edtica esconde la impericia que resulta de una \u201cfalta de gesti\u00f3n\u201d tanto en la ciudad como en la provincia, una situaci\u00f3n que, seg\u00fan ella, pagan caro los fueguinos en su d\u00eda a d\u00eda.<\/p>\n<p>&nbsp;<\/p>\n<p>Para Freiberger, la supuesta ineficiencia tiene nombre y apellido. \u201cDetr\u00e1s de Fuerza Patria est\u00e1 esto, est\u00e1 la gesti\u00f3n deficiente de los recursos que lleva adelante Walter Vuoto, est\u00e1 la falta de respuesta ante las necesidades de las familias de Tierra del Fuego por parte del gobierno de la provincia\u201d, dispar\u00f3 la concejal, sin medias tintas.<\/p>\n<p>&nbsp;<\/p>\n<p>En su cr\u00edtica, la referente se centr\u00f3 en el constante incremento de tarifas, que golpea fuerte en la econom\u00eda familiar. \u201cEste \u00faltimo mes tuvimos un nuevo incremento en nuestras facturas de luz, que lo vamos viendo todos los meses, y esto es lo que significa Fuerza Patria\u201d.<\/p>\n<p>&nbsp;<\/p>\n<p>Freiberguer se pregunt\u00f3 \u201cqu\u00e9 es lo que hay detr\u00e1s del sello, qu\u00e9 es lo que hay detr\u00e1s de un nombre que parece que est\u00e1 tra\u00eddo del norte y en realidad no lo es\u201d, explic\u00f3 la edil, haciendo una distinci\u00f3n entre la marca y el resultado de la administraci\u00f3n.<\/p>\n<p>&nbsp;<\/p>\n<p>Finalmente, Freiberger subray\u00f3 la urgencia de debatir abiertamente el destino de los recursos p\u00fablicos y la necesidad de volver a las bases con una gesti\u00f3n transparente y de cara al vecino, tal como lo plantea su espacio. \u201cNosotros vivimos y transitamos las consecuencias de la falta de una debida gesti\u00f3n de los recursos provinciales y municipales abocados directamente a las necesidades de los vecinos\u201d, concluy\u00f3 la concejal.<\/p>\n","protected":false},"excerpt":{"rendered":"<p>La falta de gesti\u00f3n de Melella y Vuoto, en la mira La edil Daiana Freiberger desvincul\u00f3 el sello<\/p>\n","protected":false},"author":5,"featured_media":9482,"comment_status":"open","ping_status":"open","sticky":false,"template":"","format":"standard","meta":{"footnotes":""},"categories":[27,2],"tags":[726],"class_list":["post-11349","post","type-post","status-publish","format-standard","has-post-thumbnail","hentry","category-politica","category-tierra-del-fuego","tag-daiana-freiberger"],"featured_image_urls":{"full":["https:\/\/opinionpublica.com.ar\/index\/wp-content\/uploads\/2025\/04\/f1280x720-126773_258448_5050-DAIANA-FREIBERGER.jpg",1280,720,false],"thumbnail":["https:\/\/opinionpublica.com.ar\/index\/wp-content\/uploads\/2025\/04\/f1280x720-126773_258448_5050-DAIANA-FREIBERGER-150x150.jpg",150,150,true],"medium":["https:\/\/opinionpublica.com.ar\/index\/wp-content\/uploads\/2025\/04\/f1280x720-126773_258448_5050-DAIANA-FREIBERGER-300x169.jpg",300,169,true],"medium_large":["https:\/\/opinionpublica.com.ar\/index\/wp-content\/uploads\/2025\/04\/f1280x720-126773_258448_5050-DAIANA-FREIBERGER-768x432.jpg",640,360,true],"large":["https:\/\/opinionpublica.com.ar\/index\/wp-content\/uploads\/2025\/04\/f1280x720-126773_258448_5050-DAIANA-FREIBERGER-1024x576.jpg",640,360,true],"1536x1536":["https:\/\/opinionpublica.com.ar\/index\/wp-content\/uploads\/2025\/04\/f1280x720-126773_258448_5050-DAIANA-FREIBERGER.jpg",1280,720,false],"2048x2048":["https:\/\/opinionpublica.com.ar\/index\/wp-content\/uploads\/2025\/04\/f1280x720-126773_258448_5050-DAIANA-FREIBERGER.jpg",1280,720,false],"morenews-large":["https:\/\/opinionpublica.com.ar\/index\/wp-content\/uploads\/2025\/04\/f1280x720-126773_258448_5050-DAIANA-FREIBERGER-825x575.jpg",825,575,true],"morenews-medium":["https:\/\/opinionpublica.com.ar\/index\/wp-content\/uploads\/2025\/04\/f1280x720-126773_258448_5050-DAIANA-FREIBERGER-590x410.jpg",590,410,true]},"author_info":{"display_name":"Hal","author_link":"https:\/\/opinionpublica.com.ar\/index\/author\/hal\/"},"category_info":"<a href=\"https:\/\/opinionpublica.com.ar\/index\/category\/politica\/\" rel=\"category tag\">Politica<\/a> <a href=\"https:\/\/opinionpublica.com.ar\/index\/category\/tierra-del-fuego\/\" rel=\"category tag\">Tierra del Fuego<\/a>","tag_info":"Tierra del Fuego","comment_count":"0","_links":{"self":[{"href":"https:\/\/opinionpublica.com.ar\/index\/wp-json\/wp\/v2\/posts\/11349","targetHints":{"allow":["GET"]}}],"collection":[{"href":"https:\/\/opinionpublica.com.ar\/index\/wp-json\/wp\/v2\/posts"}],"about":[{"href":"https:\/\/opinionpublica.com.ar\/index\/wp-json\/wp\/v2\/types\/post"}],"author":[{"embeddable":true,"href":"https:\/\/opinionpublica.com.ar\/index\/wp-json\/wp\/v2\/users\/5"}],"replies":[{"embeddable":true,"href":"https:\/\/opinionpublica.com.ar\/index\/wp-json\/wp\/v2\/comments?post=11349"}],"version-history":[{"count":1,"href":"https:\/\/opinionpublica.com.ar\/index\/wp-json\/wp\/v2\/posts\/11349\/revisions"}],"predecessor-version":[{"id":11350,"href":"https:\/\/opinionpublica.com.ar\/index\/wp-json\/wp\/v2\/posts\/11349\/revisions\/11350"}],"wp:featuredmedia":[{"embeddable":true,"href":"https:\/\/opinionpublica.com.ar\/index\/wp-json\/wp\/v2\/media\/9482"}],"wp:attachment":[{"href":"https:\/\/opinionpublica.com.ar\/index\/wp-json\/wp\/v2\/media?parent=11349"}],"wp:term":[{"taxonomy":"category","embeddable":true,"href":"https:\/\/opinionpublica.com.ar\/index\/wp-json\/wp\/v2\/categories?post=11349"},{"taxonomy":"post_tag","embeddable":true,"href":"https:\/\/opinionpublica.com.ar\/index\/wp-json\/wp\/v2\/tags?post=11349"}],"curies":[{"name":"wp","href":"https:\/\/api.w.org\/{rel}","templated":true}]}}