{"id":11351,"date":"2025-10-07T09:38:03","date_gmt":"2025-10-07T12:38:03","guid":{"rendered":"https:\/\/opinionpublica.com.ar\/index\/?p=11351"},"modified":"2025-10-07T09:38:03","modified_gmt":"2025-10-07T12:38:03","slug":"dudas-en-el-pj-por-el-impacto-del-caso-espert","status":"publish","type":"post","link":"https:\/\/opinionpublica.com.ar\/index\/dudas-en-el-pj-por-el-impacto-del-caso-espert\/","title":{"rendered":"Dudas en el PJ por el impacto del caso Espert:"},"content":{"rendered":"<p><strong>Dudas en el PJ por el impacto del caso Espert: creen que la polarizaci\u00f3n extrema puede diluir su efecto<\/strong><\/p>\n<p>Advierten que el Gobierno puede capturar votos de los espacios de centro. Sin embargo, ven una degradaci\u00f3n de la confianza en la gesti\u00f3n libertaria y su plan econ\u00f3mico<\/p>\n<p><a href=\"https:\/\/opinionpublica.com.ar\/index\/wp-content\/uploads\/2025\/10\/20250602082111_espert.jpg\"><img fetchpriority=\"high\" decoding=\"async\" class=\"alignnone size-full wp-image-11322\" src=\"https:\/\/opinionpublica.com.ar\/index\/wp-content\/uploads\/2025\/10\/20250602082111_espert.jpg\" alt=\"\" width=\"880\" height=\"512\" srcset=\"https:\/\/opinionpublica.com.ar\/index\/wp-content\/uploads\/2025\/10\/20250602082111_espert.jpg 880w, https:\/\/opinionpublica.com.ar\/index\/wp-content\/uploads\/2025\/10\/20250602082111_espert-300x175.jpg 300w, https:\/\/opinionpublica.com.ar\/index\/wp-content\/uploads\/2025\/10\/20250602082111_espert-768x447.jpg 768w\" sizes=\"(max-width: 880px) 100vw, 880px\" \/><\/a><\/p>\n<p>Jos\u00e9 Luis Espert renunci\u00f3 tambi\u00e9n a la presidencia de la comisi\u00f3n de Presupuesto en la C\u00e1mara baja (NA)<\/p>\n<p>La renuncia de Jos\u00e9 Luis Espert a su candidatura como diputado nacional por la provincia de Buenos Aires sacudi\u00f3 el escenario pol\u00edtico y electoral de la Argentina. A 20 d\u00edas de los comicios legislativos, la salida del candidato de La Libertad Avanza (LLA) siembra a\u00fan m\u00e1s incertidumbre sobre las proyecciones electorales que se hacen en las distintas tribus del arco pol\u00edtico.<\/p>\n<p>&nbsp;<\/p>\n<p>En el peronismo cree que la distancia entre el esc\u00e1ndalo del diputado, acorralado por las acusaciones de haber recibido un pago de USD 200 mil del empresario \u201cFred\u201d Machado, investigado por narcotr\u00e1fico, y el domingo 26 de octubre, d\u00eda de la elecci\u00f3n, puede restarle impacto negativo al resultado. Falta mucho tiempo. Los consultores y analistas suelen decir que la mayor\u00eda de la gente define su voto en los \u00faltimos d\u00edas previos a los comicios.<\/p>\n<p>&nbsp;<\/p>\n<p>Seg\u00fan algunas encuestas que manejan en el peronismo bonaerense, los libertarios ven\u00edan achicando la distancia con Fuerza Patria respecto a los 13 puntos de diferencia que hubo en la elecci\u00f3n provincial del 7 de septiembre. \u201cLa semana pasada llegaron a estar a 3 puntos de distancia\u201d, se sincer\u00f3 un importante dirigente del armado, que consume encuestas con mucha frecuencia.<\/p>\n<p>&nbsp;<\/p>\n<p>Ahora, en los \u00faltimos datos obtenidos previo a la renuncia de Espert, todas las contradicciones de Gobierno en su defensa, sumado a varias versiones distintas del legislador respecto a su relaci\u00f3n con Machado, hab\u00edan logrado agrandar la distancia hasta los dos d\u00edgitos de diferencia. Las idas y vueltas anticipan, a priori, lo que puede ser una elecci\u00f3n hiperpolarizada y peleada.<\/p>\n<p>&nbsp;<\/p>\n<p>Justamente en la polarizaci\u00f3n es donde ponen \u00e9nfasis en el PJ. Creen que el juego de extremos terminar\u00e1 desinflando a las opciones del medio, como la de Provincias Unidas, y que muchos votos que fueron a Somos Buenos Aires y Hechos durante la elecci\u00f3n bonaerense, regresar\u00e1n a su lugar natural que es el mile\u00edsmo. Sobre todo porque intuyen que es una elecci\u00f3n en la que se votar\u00e1 contra un modelo y no a favor de una propuesta. Los antimileistas contra los antiperonistas.<\/p>\n<p>&nbsp;<\/p>\n<p>\u201cEl problema no es Espert o Santilli. El problema es Milei\u201d, indicaron cerca de Axel Kicillof respecto al impacto que puede tener en la campa\u00f1a el reemplazo de candidatos en el primer orden de la lista. \u201cAs\u00ed como a la gente no le cambiaba nada un tuit de Donald Trump, tampoco le modifica algo un cambio de nombres en la lista de diputados\u201d, indicaron. En definitiva, advierten que, m\u00e1s all\u00e1 de que el esc\u00e1ndalo escal\u00f3 mucho en los \u00faltimos d\u00edas, el problema central de la gente sigue siendo la econom\u00eda.<\/p>\n<p>&nbsp;<\/p>\n<p>Un candidato de Fuerza Patria en la provincia ve en el territorio que el tema de Espert traspas\u00f3 las fronteras de un grupo ultra informado, que sigue las noticias al detalle y en forma frecuente. \u201cLo de la corrupci\u00f3n y el narcolavado est\u00e1 a la orden del d\u00eda. Es un esc\u00e1ndalo y la gente, con raz\u00f3n, no le deja pasar una a los pol\u00edticos. Ni a ellos ni a nosotros\u201d, se sincer\u00f3. Es una se\u00f1al de alerta hacia adentro de la propia fuerza. No hay margen para pasos en falso.<\/p>\n<p>&nbsp;<\/p>\n<p>En el peronismo divisan una degradaci\u00f3n de la gesti\u00f3n de Javier Milei y de la confianza de la gente sobre el Gobierno, tal como mostr\u00f3 la semana pasada el \u00edndice de confianza que mide cada mes la Universidad Torcuato Di Tella y que ha generado tensiones internas en las arterias del proyecto libertario. Sin embargo, est\u00e1n lejos de pensar que la del 26 de octubre es una disputa ganada. Saben que la extrema polarizaci\u00f3n va a achicar los m\u00e1rgenes en la disputa.<\/p>\n<p>&nbsp;<\/p>\n<p>\u201cEsta crisis no tiene un efecto inmediato. Va a seguir. El tema sigue vigente y Santilli, si le toca a \u00e9l, va a tener que seguir respondiendo sobre el caso de Espert. No cortas la sangr\u00eda como una pierna infectada y despu\u00e9s se termina. Puede ser que su salida frene el esc\u00e1ndalo, pero no que lo concluya\u201d, reflexion\u00f3 una figura de La C\u00e1mpora, que sigue al detalle los d\u00edas de campa\u00f1a bonaerense.<\/p>\n<p>&nbsp;<\/p>\n<p>El peronismo est\u00e1 en una posici\u00f3n dura, sin intenciones de darle alg\u00fan tipo de margen a Milei. Uno de los temas que pondr\u00e1n sobre la mesa y sobre los que van a ejercer presi\u00f3n es la reimpresi\u00f3n de boletas, que costar\u00eda cerca de 10 millones de d\u00f3lares. El Gobierno ya blanque\u00f3 su voluntad de que las boletas \u00fanicas se vuelvan a imprimir para sacar a Jos\u00e9 Luis Espert y sumar a Diego Santilli.<\/p>\n<p>&nbsp;<\/p>\n<p>\u201cEs una decisi\u00f3n pol\u00edtica de ellos que van a pagar todos\u201d, se quej\u00f3 un legislador justicialista. Lo cierto es que el propio gobierno nacional tambi\u00e9n dej\u00f3 trascender que el pago de las boletas los debe hacer el ministerio del Interior. Es decir, ser\u00e1n fondos que saldr\u00e1n del Estado, tan demonizado por el Presidente. Por el peronismo no perder\u00e1 la posibilidad de utilizarlo como argumento para marcarle la cancha al jefe de Estado y su Gabinete.<\/p>\n<p>&nbsp;<\/p>\n<p>Respecto a c\u00f3mo ser\u00e1 la disputa electoral, en el peronismo le ponen el freno de mano a las interpretaciones y proyecciones, para evitar caer en el triunfalismo, l\u00f3gico despu\u00e9s de una aplastante victoria en la provincia de Buenos Aires y de una seguidilla de elecciones en las que los libertarios no pueden hacer pie. \u201cLas negras tambi\u00e9n juegan. Esto va a ser quir\u00fargico. No hay que subestimar nada ni nadie\u201c, explic\u00f3 a este medio una candidata bonaerense.<\/p>\n<p>&nbsp;<\/p>\n<p>El espacio opositor va a jugar fuerte en el Congreso en los meses que quedan hasta final de a\u00f1o. El clima espeso, las contradicciones sistem\u00e1ticas del Gobierno y los contrapuntos de campa\u00f1a construyeron un escenario fisurado, en el que los dos grandes juegan a la polarizaci\u00f3n para hacer pie y prometer un freno mutuo. Los votos son, en definitiva, los que marcar\u00e1n el punto final a este cap\u00edtulo de la historia reciente.<\/p>\n","protected":false},"excerpt":{"rendered":"<p>Dudas en el PJ por el impacto del caso Espert: creen que la polarizaci\u00f3n extrema puede diluir su<\/p>\n","protected":false},"author":5,"featured_media":11322,"comment_status":"open","ping_status":"open","sticky":false,"template":"","format":"standard","meta":{"footnotes":""},"categories":[3],"tags":[231],"class_list":["post-11351","post","type-post","status-publish","format-standard","has-post-thumbnail","hentry","category-nacionales","tag-jose-luis-espert"],"featured_image_urls":{"full":["https:\/\/opinionpublica.com.ar\/index\/wp-content\/uploads\/2025\/10\/20250602082111_espert.jpg",880,512,false],"thumbnail":["https:\/\/opinionpublica.com.ar\/index\/wp-content\/uploads\/2025\/10\/20250602082111_espert-150x150.jpg",150,150,true],"medium":["https:\/\/opinionpublica.com.ar\/index\/wp-content\/uploads\/2025\/10\/20250602082111_espert-300x175.jpg",300,175,true],"medium_large":["https:\/\/opinionpublica.com.ar\/index\/wp-content\/uploads\/2025\/10\/20250602082111_espert-768x447.jpg",640,373,true],"large":["https:\/\/opinionpublica.com.ar\/index\/wp-content\/uploads\/2025\/10\/20250602082111_espert.jpg",640,372,false],"1536x1536":["https:\/\/opinionpublica.com.ar\/index\/wp-content\/uploads\/2025\/10\/20250602082111_espert.jpg",880,512,false],"2048x2048":["https:\/\/opinionpublica.com.ar\/index\/wp-content\/uploads\/2025\/10\/20250602082111_espert.jpg",880,512,false],"morenews-large":["https:\/\/opinionpublica.com.ar\/index\/wp-content\/uploads\/2025\/10\/20250602082111_espert-825x512.jpg",825,512,true],"morenews-medium":["https:\/\/opinionpublica.com.ar\/index\/wp-content\/uploads\/2025\/10\/20250602082111_espert-590x410.jpg",590,410,true]},"author_info":{"display_name":"Hal","author_link":"https:\/\/opinionpublica.com.ar\/index\/author\/hal\/"},"category_info":"<a href=\"https:\/\/opinionpublica.com.ar\/index\/category\/nacionales\/\" rel=\"category tag\">Nacionales<\/a>","tag_info":"Nacionales","comment_count":"0","_links":{"self":[{"href":"https:\/\/opinionpublica.com.ar\/index\/wp-json\/wp\/v2\/posts\/11351","targetHints":{"allow":["GET"]}}],"collection":[{"href":"https:\/\/opinionpublica.com.ar\/index\/wp-json\/wp\/v2\/posts"}],"about":[{"href":"https:\/\/opinionpublica.com.ar\/index\/wp-json\/wp\/v2\/types\/post"}],"author":[{"embeddable":true,"href":"https:\/\/opinionpublica.com.ar\/index\/wp-json\/wp\/v2\/users\/5"}],"replies":[{"embeddable":true,"href":"https:\/\/opinionpublica.com.ar\/index\/wp-json\/wp\/v2\/comments?post=11351"}],"version-history":[{"count":1,"href":"https:\/\/opinionpublica.com.ar\/index\/wp-json\/wp\/v2\/posts\/11351\/revisions"}],"predecessor-version":[{"id":11352,"href":"https:\/\/opinionpublica.com.ar\/index\/wp-json\/wp\/v2\/posts\/11351\/revisions\/11352"}],"wp:featuredmedia":[{"embeddable":true,"href":"https:\/\/opinionpublica.com.ar\/index\/wp-json\/wp\/v2\/media\/11322"}],"wp:attachment":[{"href":"https:\/\/opinionpublica.com.ar\/index\/wp-json\/wp\/v2\/media?parent=11351"}],"wp:term":[{"taxonomy":"category","embeddable":true,"href":"https:\/\/opinionpublica.com.ar\/index\/wp-json\/wp\/v2\/categories?post=11351"},{"taxonomy":"post_tag","embeddable":true,"href":"https:\/\/opinionpublica.com.ar\/index\/wp-json\/wp\/v2\/tags?post=11351"}],"curies":[{"name":"wp","href":"https:\/\/api.w.org\/{rel}","templated":true}]}}