{"id":11353,"date":"2025-10-07T09:45:19","date_gmt":"2025-10-07T12:45:19","guid":{"rendered":"https:\/\/opinionpublica.com.ar\/index\/?p=11353"},"modified":"2025-10-07T09:45:19","modified_gmt":"2025-10-07T12:45:19","slug":"puerto-entra-en-funcionamiento-punto-de-venta-para-emprendedores","status":"publish","type":"post","link":"https:\/\/opinionpublica.com.ar\/index\/puerto-entra-en-funcionamiento-punto-de-venta-para-emprendedores\/","title":{"rendered":"PUERTO: Entra en funcionamiento punto de venta para emprendedores"},"content":{"rendered":"<p><strong>PUERTO: Entra en funcionamiento punto de venta para emprendedores<\/strong><\/p>\n<p>El Ministerio de Econom\u00eda de la Provincia puso en funcionamiento junto a numerosos emprendedores de Tierra del Fuego, el punto para la comercializaci\u00f3n de productos regionales en el puerto de Ushuaia.<\/p>\n<p><a href=\"https:\/\/opinionpublica.com.ar\/index\/wp-content\/uploads\/2025\/10\/unnamed-21.jpg\"><img fetchpriority=\"high\" decoding=\"async\" class=\"alignnone size-full wp-image-11355\" src=\"https:\/\/opinionpublica.com.ar\/index\/wp-content\/uploads\/2025\/10\/unnamed-21.jpg\" alt=\"\" width=\"300\" height=\"200\" \/><\/a><\/p>\n<p>&nbsp;<\/p>\n<p>Acompa\u00f1\u00f3 la propuesta, la titular de la Legislatura en ejercicio del Poder Ejecutivo, vicegobernadora M\u00f3nica Urquiza.<\/p>\n<p>&nbsp;<\/p>\n<p>El titular de Econom\u00eda, ministro Francisco Devita agradeci\u00f3 a diversos sectores de la administraci\u00f3n p\u00fablica fueguina quienes colaboraron para la puesta en funcionamiento del espacio. Econom\u00eda popular fue el \u00e1rea que se ocup\u00f3 del ecosistema emprendedor, record\u00f3. \u201cPor qu\u00e9 no tener un punto de venta para mostrar\u201d la producci\u00f3n local. Asi fue que distintas \u00e1reas como Puertos, Econom\u00eda, INFUETUR y personal de planta permanente gestionaron para abrir el punto.<\/p>\n<p>&nbsp;<\/p>\n<p>\u201cPara nosotros es un mont\u00f3n. Es un momento de alegr\u00eda y emoci\u00f3n. Quiero agradecerles a los emprendedores, tener productos ac\u00e1 a la venta\u201d. Asi Devita resalt\u00f3 el trabajo de apuntalar el ecosistema emprendedor, \u201ctratando de estar al lado\u201d de ellos. El funcionario sostuvo que el emprendedurismo \u201cno es un camino f\u00e1cil\u201d y pidi\u00f3 compartir \u201ccomo comunidad\u201d, cerr\u00f3.<\/p>\n<p><a href=\"https:\/\/opinionpublica.com.ar\/index\/wp-content\/uploads\/2025\/10\/unnamed-22.jpg\"><img decoding=\"async\" class=\"alignnone size-full wp-image-11354\" src=\"https:\/\/opinionpublica.com.ar\/index\/wp-content\/uploads\/2025\/10\/unnamed-22.jpg\" alt=\"\" width=\"300\" height=\"200\" \/><\/a><\/p>\n<p>Acompa\u00f1aron la propuesta el legislador Federico Sciurano; funcionarias y funcionarios del gobierno fueguino; integrantes del Prefectura Naval argentina y numerosos emprendedores.<\/p>\n<p>&nbsp;<\/p>\n","protected":false},"excerpt":{"rendered":"<p>PUERTO: Entra en funcionamiento punto de venta para emprendedores El Ministerio de Econom\u00eda de la Provincia puso en<\/p>\n","protected":false},"author":5,"featured_media":2075,"comment_status":"open","ping_status":"open","sticky":false,"template":"","format":"standard","meta":{"footnotes":""},"categories":[21],"tags":[],"class_list":["post-11353","post","type-post","status-publish","format-standard","has-post-thumbnail","hentry","category-ushuaia"],"featured_image_urls":{"full":["https:\/\/opinionpublica.com.ar\/index\/wp-content\/uploads\/2024\/04\/puerto-pasajeros-ushuaia.jpg",1280,853,false],"thumbnail":["https:\/\/opinionpublica.com.ar\/index\/wp-content\/uploads\/2024\/04\/puerto-pasajeros-ushuaia-150x150.jpg",150,150,true],"medium":["https:\/\/opinionpublica.com.ar\/index\/wp-content\/uploads\/2024\/04\/puerto-pasajeros-ushuaia-300x200.jpg",300,200,true],"medium_large":["https:\/\/opinionpublica.com.ar\/index\/wp-content\/uploads\/2024\/04\/puerto-pasajeros-ushuaia-768x512.jpg",640,427,true],"large":["https:\/\/opinionpublica.com.ar\/index\/wp-content\/uploads\/2024\/04\/puerto-pasajeros-ushuaia-1024x682.jpg",640,426,true],"1536x1536":["https:\/\/opinionpublica.com.ar\/index\/wp-content\/uploads\/2024\/04\/puerto-pasajeros-ushuaia.jpg",1280,853,false],"2048x2048":["https:\/\/opinionpublica.com.ar\/index\/wp-content\/uploads\/2024\/04\/puerto-pasajeros-ushuaia.jpg",1280,853,false],"morenews-large":["https:\/\/opinionpublica.com.ar\/index\/wp-content\/uploads\/2024\/04\/puerto-pasajeros-ushuaia-825x575.jpg",825,575,true],"morenews-medium":["https:\/\/opinionpublica.com.ar\/index\/wp-content\/uploads\/2024\/04\/puerto-pasajeros-ushuaia-590x410.jpg",590,410,true]},"author_info":{"display_name":"Hal","author_link":"https:\/\/opinionpublica.com.ar\/index\/author\/hal\/"},"category_info":"<a href=\"https:\/\/opinionpublica.com.ar\/index\/category\/ushuaia\/\" rel=\"category tag\">Ushuaia<\/a>","tag_info":"Ushuaia","comment_count":"0","_links":{"self":[{"href":"https:\/\/opinionpublica.com.ar\/index\/wp-json\/wp\/v2\/posts\/11353","targetHints":{"allow":["GET"]}}],"collection":[{"href":"https:\/\/opinionpublica.com.ar\/index\/wp-json\/wp\/v2\/posts"}],"about":[{"href":"https:\/\/opinionpublica.com.ar\/index\/wp-json\/wp\/v2\/types\/post"}],"author":[{"embeddable":true,"href":"https:\/\/opinionpublica.com.ar\/index\/wp-json\/wp\/v2\/users\/5"}],"replies":[{"embeddable":true,"href":"https:\/\/opinionpublica.com.ar\/index\/wp-json\/wp\/v2\/comments?post=11353"}],"version-history":[{"count":1,"href":"https:\/\/opinionpublica.com.ar\/index\/wp-json\/wp\/v2\/posts\/11353\/revisions"}],"predecessor-version":[{"id":11356,"href":"https:\/\/opinionpublica.com.ar\/index\/wp-json\/wp\/v2\/posts\/11353\/revisions\/11356"}],"wp:featuredmedia":[{"embeddable":true,"href":"https:\/\/opinionpublica.com.ar\/index\/wp-json\/wp\/v2\/media\/2075"}],"wp:attachment":[{"href":"https:\/\/opinionpublica.com.ar\/index\/wp-json\/wp\/v2\/media?parent=11353"}],"wp:term":[{"taxonomy":"category","embeddable":true,"href":"https:\/\/opinionpublica.com.ar\/index\/wp-json\/wp\/v2\/categories?post=11353"},{"taxonomy":"post_tag","embeddable":true,"href":"https:\/\/opinionpublica.com.ar\/index\/wp-json\/wp\/v2\/tags?post=11353"}],"curies":[{"name":"wp","href":"https:\/\/api.w.org\/{rel}","templated":true}]}}