{"id":11418,"date":"2025-10-14T11:12:55","date_gmt":"2025-10-14T14:12:55","guid":{"rendered":"https:\/\/opinionpublica.com.ar\/index\/?p=11418"},"modified":"2025-10-14T11:12:55","modified_gmt":"2025-10-14T14:12:55","slug":"electro-dependientes-familiares-y-cuidadores-le-piden-a-melella-que-no-naturalice-la-crueldad","status":"publish","type":"post","link":"https:\/\/opinionpublica.com.ar\/index\/electro-dependientes-familiares-y-cuidadores-le-piden-a-melella-que-no-naturalice-la-crueldad\/","title":{"rendered":"Electro dependientes, familiares y cuidadores: le piden a Melella que \u201cno naturalice\u00bb la crueldad"},"content":{"rendered":"<header class=\"header headerC3\">\n<div class=\"header__logo\"><strong>Electro dependientes, familiares y cuidadores: le piden a Melella que \u201cno naturalice\u00bb la crueldad<\/strong><\/div>\n<\/header>\n<p><main class=\"main main3\"><\/p>\n<section class=\"principal\">\n<div class=\"fullpost__encabezado orden3\">\n<p class=\"fullpost__copete\">Personas electro dependientes, familiares y cuidadores; le dirigieron una carta al gobernador, Gustavo Melella. Relatan all\u00ed la angustiante situaci\u00f3n que se encuentran atravesando.<\/p>\n<p><a href=\"https:\/\/opinionpublica.com.ar\/index\/wp-content\/uploads\/2025\/09\/Melella.jpg\"><img fetchpriority=\"high\" decoding=\"async\" class=\"alignnone size-full wp-image-11017\" src=\"https:\/\/opinionpublica.com.ar\/index\/wp-content\/uploads\/2025\/09\/Melella.jpg\" alt=\"\" width=\"800\" height=\"533\" srcset=\"https:\/\/opinionpublica.com.ar\/index\/wp-content\/uploads\/2025\/09\/Melella.jpg 800w, https:\/\/opinionpublica.com.ar\/index\/wp-content\/uploads\/2025\/09\/Melella-300x200.jpg 300w, https:\/\/opinionpublica.com.ar\/index\/wp-content\/uploads\/2025\/09\/Melella-768x512.jpg 768w\" sizes=\"(max-width: 800px) 100vw, 800px\" \/><\/a><\/p>\n<p class=\"fullpost__copete\">Advierten que se encuentran en una \u201csituaci\u00f3n l\u00edmite de abandono por parte de la Obra Social del Estado Fueguino OSEF, y de las prestadoras de servicios de salud de cobertura nacional, a ra\u00edz del incumplimiento por parte de \u00e9stas de la Ley de Emergencia en Discapacidad\u201d. Tambi\u00e9n denuncian la \u201cpol\u00edtica de recorte de la OSEF\u201d, y la falta de acceso a diferentes insumos que requieren para su subsistencia.<\/p>\n<\/div>\n<\/section>\n<p><\/main>&nbsp;<\/p>\n<p>La carta est\u00e1 dirigida \u201cAl Sr. Gobernador de la Provincia de Tierra del Fuego, AIAS, prof. Gustavo Melella\u201d y comienza se\u00f1alando que \u201cLas personas electro dependientes, sus familiares y cuidadores nos dirigimos a Ud. para manifestarle que estamos en una situaci\u00f3n l\u00edmite de abandono por parte de la Obra Social del Estado Fueguino OSEF, y de las prestadoras de servicios de salud de cobertura nacional, a ra\u00edz del incumplimiento por parte de \u00e9stas de la Ley de Emergencia en Discapacidad, y del alineamiento de la OSEF con las pol\u00edticas de recorte y quita de derechos a uno de los sectores m\u00e1s vulnerables de la sociedad\u201d.<\/p>\n<p>&nbsp;<\/p>\n<p>Luego se menciona que \u201cLas personas electro dependientes no pueden valerse por s\u00ed mismas y requieren dispositivos de cuidado y asistencia que no pueden depender de los caprichos de bur\u00f3cratas, ni ajustarse a plazos y criterios economicistas. Ninguna de ellas puede esperar, sin riesgo de deterioro de su calidad de vida, a que se termine de ajustar el sistema de recetas electr\u00f3nicas, el de enrolamiento y autorizaci\u00f3n de cobertura de medicaci\u00f3n e insumos m\u00e9dicos, que en el caso de la OSEF parece depender inapelablemente de la interpretaci\u00f3n de la Dra. Mar\u00eda Victoria Bragadin\u201d.<\/p>\n<p>&nbsp;<\/p>\n<p>Se advierte en el escrito que \u201cLas personas electro dependientes no pueden esperar meses a que las obras sociales, incluida la OSEF, adquieran y entreguen c\u00e1nulas y filtros de traqueostom\u00eda, gasas, guantes, alcohol, pa\u00f1ales. No pueden esperar meses para tener acceso a los elementos de higiene, bioseguridad y f\u00f3rmulas de alimentaci\u00f3n, que en muchos casos son los \u00fanicos nutrientes que pueden recibir\u201d.<\/p>\n<p>&nbsp;<\/p>\n<p>Remarcando que, esas mismas personas, \u201cNo pueden, tampoco, prescindir de medicaci\u00f3n de la que depende su vida. Las personas electro dependientes no tienen, en general, los recursos econ\u00f3micos para adquirir lo que las obras sociales les retacean o les niegan\u201d.<\/p>\n<p>&nbsp;<\/p>\n<p>Luego, repasan que \u201cEn el transcurso de esta semana nos encontramos en la siguiente situaci\u00f3n: La \u00fanica farmacia convenida para cobertura al 100% en R\u00edo Grande \u2013 Autofarma \u2013 no entrega las cantidades de medicaci\u00f3n, f\u00f3rmulas alimentarias, pa\u00f1ales e insumos prescriptas por los m\u00e9dicos. S\u00f3lo entregan una unidad de lo que tienen en stock\u201d.<\/p>\n<p>&nbsp;<\/p>\n<p>\u201cLa OSEF implementa un sistema digital nuevo de recetas y autorizaciones sumamente confuso y poco transparente para los afiliados, sin dar a conocer con claridad los procedimientos, lo que genera demoras y errores, con el agravante de que no hay acceso a una persona f\u00edsica que escuche las particularidades de cada afiliado y pueda dar soluci\u00f3n a los reclamos\u201d, expresan con gran preocupaci\u00f3n.<\/p>\n<p>&nbsp;<\/p>\n<p>Sumando luego que \u201cAsimismo, las demoras en los reintegros de pagos a prestadores se extienden meses, incluso desconociendo fallos judiciales vigentes, generando suspensiones en la asistencia de m\u00e9dicos, enfermeros, kinesi\u00f3logos y otros profesionales y de las empresas que prestan servicio de internaci\u00f3n domiciliaria\u201d, puntualizan.<\/p>\n<p>&nbsp;<\/p>\n<p>Indicando despu\u00e9s que \u201cCuando logramos que nos atienda alg\u00fan funcionario las respuestas son dilaciones, descalificaciones, maltratos y comentarios socarrones\u201d.<\/p>\n<p>&nbsp;<\/p>\n<p>Para concluir, le dicen a Melella: \u201cSr. Gobernador: la calidad de vida de las personas electro dependientes se deteriora r\u00e1pidamente sin medicaci\u00f3n, cuidados y atenci\u00f3n; sus vidas se acortan; quienes acompa\u00f1amos, nos angustiamos y desgastamos mientras la burocracia y la pol\u00edtica de motosierra se ensa\u00f1an con los m\u00e1s d\u00e9biles. Necesitamos que nos den soluciones. Por favor, no naturalice usted tambi\u00e9n la crueldad\u201d.<\/p>\n<p>&nbsp;<\/p>\n","protected":false},"excerpt":{"rendered":"<p>Electro dependientes, familiares y cuidadores: le piden a Melella que \u201cno naturalice\u00bb la crueldad Personas electro dependientes, familiares<\/p>\n","protected":false},"author":5,"featured_media":0,"comment_status":"open","ping_status":"open","sticky":false,"template":"","format":"standard","meta":{"footnotes":""},"categories":[2],"tags":[3928,134,317,7,5,13,6],"class_list":["post-11418","post","type-post","status-publish","format-standard","hentry","category-tierra-del-fuego","tag-crueldad","tag-gustavo-melella","tag-osef","tag-rio-grande","tag-tierra-del-fuego","tag-tolhuin","tag-ushuaia"],"featured_image_urls":{"full":"","thumbnail":"","medium":"","medium_large":"","large":"","1536x1536":"","2048x2048":"","morenews-large":"","morenews-medium":""},"author_info":{"display_name":"Hal","author_link":"https:\/\/opinionpublica.com.ar\/index\/author\/hal\/"},"category_info":"<a href=\"https:\/\/opinionpublica.com.ar\/index\/category\/tierra-del-fuego\/\" rel=\"category tag\">Tierra del Fuego<\/a>","tag_info":"Tierra del Fuego","comment_count":"0","_links":{"self":[{"href":"https:\/\/opinionpublica.com.ar\/index\/wp-json\/wp\/v2\/posts\/11418","targetHints":{"allow":["GET"]}}],"collection":[{"href":"https:\/\/opinionpublica.com.ar\/index\/wp-json\/wp\/v2\/posts"}],"about":[{"href":"https:\/\/opinionpublica.com.ar\/index\/wp-json\/wp\/v2\/types\/post"}],"author":[{"embeddable":true,"href":"https:\/\/opinionpublica.com.ar\/index\/wp-json\/wp\/v2\/users\/5"}],"replies":[{"embeddable":true,"href":"https:\/\/opinionpublica.com.ar\/index\/wp-json\/wp\/v2\/comments?post=11418"}],"version-history":[{"count":1,"href":"https:\/\/opinionpublica.com.ar\/index\/wp-json\/wp\/v2\/posts\/11418\/revisions"}],"predecessor-version":[{"id":11419,"href":"https:\/\/opinionpublica.com.ar\/index\/wp-json\/wp\/v2\/posts\/11418\/revisions\/11419"}],"wp:attachment":[{"href":"https:\/\/opinionpublica.com.ar\/index\/wp-json\/wp\/v2\/media?parent=11418"}],"wp:term":[{"taxonomy":"category","embeddable":true,"href":"https:\/\/opinionpublica.com.ar\/index\/wp-json\/wp\/v2\/categories?post=11418"},{"taxonomy":"post_tag","embeddable":true,"href":"https:\/\/opinionpublica.com.ar\/index\/wp-json\/wp\/v2\/tags?post=11418"}],"curies":[{"name":"wp","href":"https:\/\/api.w.org\/{rel}","templated":true}]}}