{"id":11420,"date":"2025-10-14T11:16:35","date_gmt":"2025-10-14T14:16:35","guid":{"rendered":"https:\/\/opinionpublica.com.ar\/index\/?p=11420"},"modified":"2025-10-14T11:16:35","modified_gmt":"2025-10-14T14:16:35","slug":"ushuaia-sera-el-destino-final-de-una-travesia-epica-de-ciclismo-que-unira-argentina-y-chile","status":"publish","type":"post","link":"https:\/\/opinionpublica.com.ar\/index\/ushuaia-sera-el-destino-final-de-una-travesia-epica-de-ciclismo-que-unira-argentina-y-chile\/","title":{"rendered":"Ushuaia ser\u00e1 el destino final de una traves\u00eda \u00e9pica de ciclismo que unir\u00e1 Argentina y Chile"},"content":{"rendered":"<p><strong>Ushuaia ser\u00e1 el destino final de una traves\u00eda \u00e9pica de ciclismo que unir\u00e1 Argentina y Chile<\/strong><\/p>\n<p>La traves\u00eda, que se desarrollar\u00e1 del 8 al 28 de marzo de 2026, recorrer\u00e1 cerca de 2.700 kil\u00f3metros entre Puerto Montt y Ushuaia, con la participaci\u00f3n de ciclistas de distintos pa\u00edses.<\/p>\n<p><a href=\"https:\/\/opinionpublica.com.ar\/index\/wp-content\/uploads\/2025\/10\/20251013214234_bicycle_touring_patagonia_13.jpg\"><img fetchpriority=\"high\" decoding=\"async\" class=\"alignnone size-full wp-image-11421\" src=\"https:\/\/opinionpublica.com.ar\/index\/wp-content\/uploads\/2025\/10\/20251013214234_bicycle_touring_patagonia_13.jpg\" alt=\"\" width=\"880\" height=\"586\" srcset=\"https:\/\/opinionpublica.com.ar\/index\/wp-content\/uploads\/2025\/10\/20251013214234_bicycle_touring_patagonia_13.jpg 880w, https:\/\/opinionpublica.com.ar\/index\/wp-content\/uploads\/2025\/10\/20251013214234_bicycle_touring_patagonia_13-300x200.jpg 300w, https:\/\/opinionpublica.com.ar\/index\/wp-content\/uploads\/2025\/10\/20251013214234_bicycle_touring_patagonia_13-768x511.jpg 768w\" sizes=\"(max-width: 880px) 100vw, 880px\" \/><\/a><\/p>\n<p>La secretaria de Turismo de la Municipalidad de Ushuaia, Viviana Manfredotti, recibi\u00f3 a Eduardo Weise Vargas, director general de Austral Trails SPA, para ultimar los detalles del evento de turismo deportivo \u201cFinal Frontier Patagonia\u201d, que en marzo de 2026 propondr\u00e1 unir Argentina y Chile a trav\u00e9s del ciclismo, combinando aventura, naturaleza y paisajes patag\u00f3nicos.<\/p>\n<p>&nbsp;<\/p>\n<p>La traves\u00eda, que se desarrollar\u00e1 del 8 al 28 de marzo de 2026, recorrer\u00e1 cerca de 2.700 kil\u00f3metros entre Puerto Montt y Ushuaia, con la participaci\u00f3n de ciclistas de distintos pa\u00edses.<\/p>\n<p>&nbsp;<\/p>\n<p>\u201cPara nuestra gesti\u00f3n, el turismo deportivo es un elemento fundamental en s\u00ed mismo, y este evento que invita a descubrir todas las bellezas que alberga la Patagonia argentina y chilena conectando Puerto Montt y Ushuaia, es una oportunidad inigualable para promocionar nuestro destino como Fin del Mundo\u201d, destac\u00f3 la Secretaria de Turismo.<\/p>\n<p>&nbsp;<\/p>\n<p>La funcionaria precis\u00f3 que, entre el 20 y el 29 de marzo, el municipio dispondr\u00e1 del espacio que servir\u00e1 como hito de llegada, difundir\u00e1 la actividad en los medios de comunicaci\u00f3n provinciales y articular\u00e1 con el sector tur\u00edstico, hotelero y gastron\u00f3mico local para potenciar la presencia del evento en la ciudad.<\/p>\n<p>&nbsp;<\/p>\n<p>En cuanto a la participaci\u00f3n, Manfredotti detall\u00f3 que las personas inscriptas tienen entre 25 y 65 a\u00f1os, con una composici\u00f3n de 78,5% hombres y 21,5% mujeres, provenientes de Austria, B\u00e9lgica, Rep\u00fablica Checa, Francia, Alemania, Italia, Lituania, Pa\u00edses Bajos, Polonia, Sud\u00e1frica, Espa\u00f1a, M\u00e9xico, Irlanda, Chile, Suiza, Rusia, Reino Unido, Estados Unidos y Rumania.<\/p>\n<p>&nbsp;<\/p>\n<p>\u201cEn su gran mayor\u00eda son adultos activos, profesionales y viajeros experimentados, con alta capacidad de inversi\u00f3n en equipamiento, log\u00edstica y turismo. Llegan a la Patagonia para disfrutar del ciclismo de aventura y larga distancia, la naturaleza, el medio ambiente y experiencias aut\u00e9nticas de superaci\u00f3n personal, deporte y bienestar\u201d, concluy\u00f3.<\/p>\n<p>&nbsp;<\/p>\n","protected":false},"excerpt":{"rendered":"<p>Ushuaia ser\u00e1 el destino final de una traves\u00eda \u00e9pica de ciclismo que unir\u00e1 Argentina y Chile La traves\u00eda,<\/p>\n","protected":false},"author":5,"featured_media":11421,"comment_status":"open","ping_status":"open","sticky":false,"template":"","format":"standard","meta":{"footnotes":""},"categories":[29,2],"tags":[],"class_list":["post-11420","post","type-post","status-publish","format-standard","has-post-thumbnail","hentry","category-interes-general","category-tierra-del-fuego"],"featured_image_urls":{"full":["https:\/\/opinionpublica.com.ar\/index\/wp-content\/uploads\/2025\/10\/20251013214234_bicycle_touring_patagonia_13.jpg",880,586,false],"thumbnail":["https:\/\/opinionpublica.com.ar\/index\/wp-content\/uploads\/2025\/10\/20251013214234_bicycle_touring_patagonia_13-150x150.jpg",150,150,true],"medium":["https:\/\/opinionpublica.com.ar\/index\/wp-content\/uploads\/2025\/10\/20251013214234_bicycle_touring_patagonia_13-300x200.jpg",300,200,true],"medium_large":["https:\/\/opinionpublica.com.ar\/index\/wp-content\/uploads\/2025\/10\/20251013214234_bicycle_touring_patagonia_13-768x511.jpg",640,426,true],"large":["https:\/\/opinionpublica.com.ar\/index\/wp-content\/uploads\/2025\/10\/20251013214234_bicycle_touring_patagonia_13.jpg",640,426,false],"1536x1536":["https:\/\/opinionpublica.com.ar\/index\/wp-content\/uploads\/2025\/10\/20251013214234_bicycle_touring_patagonia_13.jpg",880,586,false],"2048x2048":["https:\/\/opinionpublica.com.ar\/index\/wp-content\/uploads\/2025\/10\/20251013214234_bicycle_touring_patagonia_13.jpg",880,586,false],"morenews-large":["https:\/\/opinionpublica.com.ar\/index\/wp-content\/uploads\/2025\/10\/20251013214234_bicycle_touring_patagonia_13-825x575.jpg",825,575,true],"morenews-medium":["https:\/\/opinionpublica.com.ar\/index\/wp-content\/uploads\/2025\/10\/20251013214234_bicycle_touring_patagonia_13-590x410.jpg",590,410,true]},"author_info":{"display_name":"Hal","author_link":"https:\/\/opinionpublica.com.ar\/index\/author\/hal\/"},"category_info":"<a href=\"https:\/\/opinionpublica.com.ar\/index\/category\/interes-general\/\" rel=\"category tag\">Interes General<\/a> <a href=\"https:\/\/opinionpublica.com.ar\/index\/category\/tierra-del-fuego\/\" rel=\"category tag\">Tierra del Fuego<\/a>","tag_info":"Tierra del Fuego","comment_count":"0","_links":{"self":[{"href":"https:\/\/opinionpublica.com.ar\/index\/wp-json\/wp\/v2\/posts\/11420","targetHints":{"allow":["GET"]}}],"collection":[{"href":"https:\/\/opinionpublica.com.ar\/index\/wp-json\/wp\/v2\/posts"}],"about":[{"href":"https:\/\/opinionpublica.com.ar\/index\/wp-json\/wp\/v2\/types\/post"}],"author":[{"embeddable":true,"href":"https:\/\/opinionpublica.com.ar\/index\/wp-json\/wp\/v2\/users\/5"}],"replies":[{"embeddable":true,"href":"https:\/\/opinionpublica.com.ar\/index\/wp-json\/wp\/v2\/comments?post=11420"}],"version-history":[{"count":1,"href":"https:\/\/opinionpublica.com.ar\/index\/wp-json\/wp\/v2\/posts\/11420\/revisions"}],"predecessor-version":[{"id":11422,"href":"https:\/\/opinionpublica.com.ar\/index\/wp-json\/wp\/v2\/posts\/11420\/revisions\/11422"}],"wp:featuredmedia":[{"embeddable":true,"href":"https:\/\/opinionpublica.com.ar\/index\/wp-json\/wp\/v2\/media\/11421"}],"wp:attachment":[{"href":"https:\/\/opinionpublica.com.ar\/index\/wp-json\/wp\/v2\/media?parent=11420"}],"wp:term":[{"taxonomy":"category","embeddable":true,"href":"https:\/\/opinionpublica.com.ar\/index\/wp-json\/wp\/v2\/categories?post=11420"},{"taxonomy":"post_tag","embeddable":true,"href":"https:\/\/opinionpublica.com.ar\/index\/wp-json\/wp\/v2\/tags?post=11420"}],"curies":[{"name":"wp","href":"https:\/\/api.w.org\/{rel}","templated":true}]}}