{"id":11423,"date":"2025-10-16T07:29:19","date_gmt":"2025-10-16T10:29:19","guid":{"rendered":"https:\/\/opinionpublica.com.ar\/index\/?p=11423"},"modified":"2025-10-16T07:29:19","modified_gmt":"2025-10-16T10:29:19","slug":"castillo-desmintio-a-roch-y-revelo-deudas-millonarias","status":"publish","type":"post","link":"https:\/\/opinionpublica.com.ar\/index\/castillo-desmintio-a-roch-y-revelo-deudas-millonarias\/","title":{"rendered":"Castillo desminti\u00f3 a Roch y revel\u00f3 deudas millonarias"},"content":{"rendered":"<div class=\"row pb3p\">\n<div class=\"col-12 col-md-10 col-md-offset-2 fz10 lh12\">\n<div class=\"bdb bdtextlight tar mb8 pt8 pb8\">\n<div id=\"st-1\" class=\"sharethis-inline-share-buttons st-left st-lang-es  st-inline-share-buttons st-animated\">\n<div class=\"st-btn st-last\" data-network=\"whatsapp\"><strong>Castillo desminti\u00f3 a Roch y revel\u00f3 deudas millonarias<\/strong><\/div>\n<div data-network=\"whatsapp\"><\/div>\n<div class=\"st-btn st-last\" data-network=\"whatsapp\">La ministra de Obras y Energ\u00eda, Gabriela Castillo, neg\u00f3 que existan negociaciones con la petrolera Roch por la pr\u00f3rroga de su concesi\u00f3n. Asegur\u00f3 que la empresa no volvi\u00f3 a presentarse desde 2023, mantiene deudas con la provincia y nunca formaliz\u00f3 un pedido de extensi\u00f3n.<\/div>\n<div data-network=\"whatsapp\"><a href=\"https:\/\/opinionpublica.com.ar\/index\/wp-content\/uploads\/2025\/10\/20251015210108_0a3172d1e67c97181cca7d72b3e2cafe4fd6752b.jpg\"><img fetchpriority=\"high\" decoding=\"async\" class=\"alignnone size-full wp-image-11424\" src=\"https:\/\/opinionpublica.com.ar\/index\/wp-content\/uploads\/2025\/10\/20251015210108_0a3172d1e67c97181cca7d72b3e2cafe4fd6752b.jpg\" alt=\"\" width=\"880\" height=\"512\" srcset=\"https:\/\/opinionpublica.com.ar\/index\/wp-content\/uploads\/2025\/10\/20251015210108_0a3172d1e67c97181cca7d72b3e2cafe4fd6752b.jpg 880w, https:\/\/opinionpublica.com.ar\/index\/wp-content\/uploads\/2025\/10\/20251015210108_0a3172d1e67c97181cca7d72b3e2cafe4fd6752b-300x175.jpg 300w, https:\/\/opinionpublica.com.ar\/index\/wp-content\/uploads\/2025\/10\/20251015210108_0a3172d1e67c97181cca7d72b3e2cafe4fd6752b-768x447.jpg 768w\" sizes=\"(max-width: 880px) 100vw, 880px\" \/><\/a><\/div>\n<\/div>\n<\/div>\n<\/div>\n<\/div>\n<div class=\"row\">\n<div class=\"col-12 col-md-10 fparrafo ctext fz16 lh28 mb20\">\n<div class=\"wysiwyg mb15 texto_nota\">\n<p class=\"selectionShareable\" data-end=\"722\" data-start=\"370\">La ministra de Obras y Energ\u00eda de Tierra del Fuego e integrante del directorio de Terra Ignis,\u00a0<strong data-end=\"486\" data-start=\"465\">Gabriela Castillo<\/strong>, sali\u00f3 al cruce de las versiones difundidas por la petrolera\u00a0<strong data-end=\"561\" data-start=\"548\">Roch S.A.<\/strong>\u00a0y aclar\u00f3 que\u00a0<strong data-end=\"631\" data-start=\"575\">no existe di\u00e1logo oficial con el Gobierno provincial<\/strong>\u00a0respecto a la pr\u00f3rroga de la concesi\u00f3n hidrocarbur\u00edfera que vence en\u00a0<strong data-end=\"719\" data-start=\"701\">agosto de 2026<\/strong>.<\/p>\n<blockquote data-end=\"1058\" data-start=\"724\">\n<p class=\"selectionShareable\" data-end=\"1058\" data-start=\"726\">\u201cHay una cuesti\u00f3n de realidad: la concesi\u00f3n de Roch finaliza en agosto del 2026. En diciembre de 2022 se presentaron manifestando su intenci\u00f3n de continuar, y en febrero de 2023 se les contest\u00f3 por resoluci\u00f3n del entonces secretario Aguirre cu\u00e1les eran los requisitos que deb\u00edan cumplir. No volvieron nunca m\u00e1s\u201d, explic\u00f3 Castillo en la Televisi\u00f3n P\u00fablica.<\/p>\n<\/blockquote>\n<p class=\"selectionShareable\" data-end=\"1142\" data-start=\"1060\">La funcionaria fue contundente al desmentir que existan conversaciones en curso:<\/p>\n<blockquote data-end=\"1417\" data-start=\"1143\">\n<p class=\"selectionShareable\" data-end=\"1417\" data-start=\"1145\">\u201cManifiestan, si es veraz el comunicado, que tienen intenci\u00f3n y que est\u00e1n en di\u00e1logo con el Gobierno. La realidad es que no s\u00e9 con cu\u00e1l gobierno, porque no est\u00e1 la empresa Roch ni en di\u00e1logo con el gobernador, ni conmigo, ni con la Secretar\u00eda de Hidrocarburos\u201d, sostuvo.<\/p>\n<\/blockquote>\n<p class=\"selectionShareable\" data-end=\"1642\" data-start=\"1419\">Castillo remarc\u00f3 que, adem\u00e1s de no haber presentado la documentaci\u00f3n requerida,\u00a0<strong data-end=\"1587\" data-start=\"1499\">la empresa se encuentra en situaci\u00f3n de irregularidad por deudas de canon y regal\u00edas<\/strong>, lo que la inhabilita para una renovaci\u00f3n inmediata.<\/p>\n<blockquote data-end=\"1758\" data-start=\"1643\">\n<p class=\"selectionShareable\" data-end=\"1758\" data-start=\"1645\">\u201cHoy tendr\u00edamos un condicionante si esa fuera la intenci\u00f3n, en funci\u00f3n de la irregularidad de pagos\u201d, advirti\u00f3.<\/p>\n<\/blockquote>\n<p class=\"selectionShareable\" data-end=\"1877\" data-start=\"1760\">Sin embargo, la ministra aclar\u00f3 que\u00a0<strong data-end=\"1839\" data-start=\"1796\">la provincia mantiene la puerta abierta<\/strong>\u00a0a una eventual presentaci\u00f3n formal.<\/p>\n<blockquote data-end=\"2110\" data-start=\"1878\">\n<p class=\"selectionShareable\" data-end=\"2110\" data-start=\"1880\">\u201cSiempre est\u00e1n abiertas las puertas para pedir una extensi\u00f3n de concesi\u00f3n, pero hay que dejar claro cu\u00e1l es la inversi\u00f3n que van a hacer para revertir y crecer en la producci\u00f3n que hoy tienen con mejores resultados\u201d, puntualiz\u00f3.<\/p>\n<\/blockquote>\n<p class=\"selectionShareable\" data-end=\"2199\" data-start=\"2112\">Finalmente, Castillo enmarc\u00f3 la pol\u00e9mica en un contexto medi\u00e1tico y no institucional:<\/p>\n<blockquote data-end=\"2407\" data-is-last-node=\"\" data-is-only-node=\"\" data-start=\"2200\">\n<p class=\"selectionShareable\" data-end=\"2407\" data-is-last-node=\"\" data-start=\"2202\">\u201cTiene que ver con idas y vueltas de medios, no con actos oficiales de gobierno\u201d, subray\u00f3, dejando en claro que hasta el momento\u00a0<strong data-end=\"2407\" data-is-last-node=\"\" data-start=\"2331\">no hay ninguna gesti\u00f3n formal de Roch ante la administraci\u00f3n provincial.<\/strong><\/p>\n<\/blockquote>\n<\/div>\n<\/div>\n<\/div>\n","protected":false},"excerpt":{"rendered":"<p>Castillo desminti\u00f3 a Roch y revel\u00f3 deudas millonarias La ministra de Obras y Energ\u00eda, Gabriela Castillo, neg\u00f3 que<\/p>\n","protected":false},"author":5,"featured_media":11424,"comment_status":"open","ping_status":"open","sticky":false,"template":"","format":"standard","meta":{"footnotes":""},"categories":[2],"tags":[518,3929,1658],"class_list":["post-11423","post","type-post","status-publish","format-standard","has-post-thumbnail","hentry","category-tierra-del-fuego","tag-gabriela-castillo","tag-ministro","tag-roch"],"featured_image_urls":{"full":["https:\/\/opinionpublica.com.ar\/index\/wp-content\/uploads\/2025\/10\/20251015210108_0a3172d1e67c97181cca7d72b3e2cafe4fd6752b.jpg",880,512,false],"thumbnail":["https:\/\/opinionpublica.com.ar\/index\/wp-content\/uploads\/2025\/10\/20251015210108_0a3172d1e67c97181cca7d72b3e2cafe4fd6752b-150x150.jpg",150,150,true],"medium":["https:\/\/opinionpublica.com.ar\/index\/wp-content\/uploads\/2025\/10\/20251015210108_0a3172d1e67c97181cca7d72b3e2cafe4fd6752b-300x175.jpg",300,175,true],"medium_large":["https:\/\/opinionpublica.com.ar\/index\/wp-content\/uploads\/2025\/10\/20251015210108_0a3172d1e67c97181cca7d72b3e2cafe4fd6752b-768x447.jpg",640,373,true],"large":["https:\/\/opinionpublica.com.ar\/index\/wp-content\/uploads\/2025\/10\/20251015210108_0a3172d1e67c97181cca7d72b3e2cafe4fd6752b.jpg",640,372,false],"1536x1536":["https:\/\/opinionpublica.com.ar\/index\/wp-content\/uploads\/2025\/10\/20251015210108_0a3172d1e67c97181cca7d72b3e2cafe4fd6752b.jpg",880,512,false],"2048x2048":["https:\/\/opinionpublica.com.ar\/index\/wp-content\/uploads\/2025\/10\/20251015210108_0a3172d1e67c97181cca7d72b3e2cafe4fd6752b.jpg",880,512,false],"morenews-large":["https:\/\/opinionpublica.com.ar\/index\/wp-content\/uploads\/2025\/10\/20251015210108_0a3172d1e67c97181cca7d72b3e2cafe4fd6752b-825x512.jpg",825,512,true],"morenews-medium":["https:\/\/opinionpublica.com.ar\/index\/wp-content\/uploads\/2025\/10\/20251015210108_0a3172d1e67c97181cca7d72b3e2cafe4fd6752b-590x410.jpg",590,410,true]},"author_info":{"display_name":"Hal","author_link":"https:\/\/opinionpublica.com.ar\/index\/author\/hal\/"},"category_info":"<a href=\"https:\/\/opinionpublica.com.ar\/index\/category\/tierra-del-fuego\/\" rel=\"category tag\">Tierra del Fuego<\/a>","tag_info":"Tierra del Fuego","comment_count":"0","_links":{"self":[{"href":"https:\/\/opinionpublica.com.ar\/index\/wp-json\/wp\/v2\/posts\/11423","targetHints":{"allow":["GET"]}}],"collection":[{"href":"https:\/\/opinionpublica.com.ar\/index\/wp-json\/wp\/v2\/posts"}],"about":[{"href":"https:\/\/opinionpublica.com.ar\/index\/wp-json\/wp\/v2\/types\/post"}],"author":[{"embeddable":true,"href":"https:\/\/opinionpublica.com.ar\/index\/wp-json\/wp\/v2\/users\/5"}],"replies":[{"embeddable":true,"href":"https:\/\/opinionpublica.com.ar\/index\/wp-json\/wp\/v2\/comments?post=11423"}],"version-history":[{"count":1,"href":"https:\/\/opinionpublica.com.ar\/index\/wp-json\/wp\/v2\/posts\/11423\/revisions"}],"predecessor-version":[{"id":11425,"href":"https:\/\/opinionpublica.com.ar\/index\/wp-json\/wp\/v2\/posts\/11423\/revisions\/11425"}],"wp:featuredmedia":[{"embeddable":true,"href":"https:\/\/opinionpublica.com.ar\/index\/wp-json\/wp\/v2\/media\/11424"}],"wp:attachment":[{"href":"https:\/\/opinionpublica.com.ar\/index\/wp-json\/wp\/v2\/media?parent=11423"}],"wp:term":[{"taxonomy":"category","embeddable":true,"href":"https:\/\/opinionpublica.com.ar\/index\/wp-json\/wp\/v2\/categories?post=11423"},{"taxonomy":"post_tag","embeddable":true,"href":"https:\/\/opinionpublica.com.ar\/index\/wp-json\/wp\/v2\/tags?post=11423"}],"curies":[{"name":"wp","href":"https:\/\/api.w.org\/{rel}","templated":true}]}}