{"id":11426,"date":"2025-10-16T07:34:09","date_gmt":"2025-10-16T10:34:09","guid":{"rendered":"https:\/\/opinionpublica.com.ar\/index\/?p=11426"},"modified":"2025-10-16T07:34:09","modified_gmt":"2025-10-16T10:34:09","slug":"la-armada-incorporo-el-segundo-p-3c-orion-para-patrullar-la-milla-200","status":"publish","type":"post","link":"https:\/\/opinionpublica.com.ar\/index\/la-armada-incorporo-el-segundo-p-3c-orion-para-patrullar-la-milla-200\/","title":{"rendered":"La Armada incorpor\u00f3 el segundo P-3C Orion para patrullar la milla 200"},"content":{"rendered":"<p><strong>La Armada incorpor\u00f3 el segundo P-3C Orion para patrullar la milla 200<\/strong><\/p>\n<p>La Armada Argentina incorpor\u00f3 el segundo avi\u00f3n de los cuatro adquiridos a Noruega, que tendr\u00e1 como destino la Base Aeronaval Almirante Zar en Trelew. La aeronave reforzar\u00e1 la flota de exploraci\u00f3n mar\u00edtima que tiene como objetivo patrullar la milla 200, detectar incursiones ilegales y ejercer una vigilancia sobre el Atl\u00e1ntico Sur.<\/p>\n<p><a href=\"https:\/\/opinionpublica.com.ar\/index\/wp-content\/uploads\/2025\/10\/Revista-Puerto-La-Armada-incorporo-el-segundo-avion-P3-C-de-los-cuatro-adquiridos-img-02.jpg\"><img fetchpriority=\"high\" decoding=\"async\" class=\"alignnone size-full wp-image-11427\" src=\"https:\/\/opinionpublica.com.ar\/index\/wp-content\/uploads\/2025\/10\/Revista-Puerto-La-Armada-incorporo-el-segundo-avion-P3-C-de-los-cuatro-adquiridos-img-02.jpg\" alt=\"\" width=\"1200\" height=\"800\" srcset=\"https:\/\/opinionpublica.com.ar\/index\/wp-content\/uploads\/2025\/10\/Revista-Puerto-La-Armada-incorporo-el-segundo-avion-P3-C-de-los-cuatro-adquiridos-img-02.jpg 1200w, https:\/\/opinionpublica.com.ar\/index\/wp-content\/uploads\/2025\/10\/Revista-Puerto-La-Armada-incorporo-el-segundo-avion-P3-C-de-los-cuatro-adquiridos-img-02-300x200.jpg 300w, https:\/\/opinionpublica.com.ar\/index\/wp-content\/uploads\/2025\/10\/Revista-Puerto-La-Armada-incorporo-el-segundo-avion-P3-C-de-los-cuatro-adquiridos-img-02-1024x683.jpg 1024w, https:\/\/opinionpublica.com.ar\/index\/wp-content\/uploads\/2025\/10\/Revista-Puerto-La-Armada-incorporo-el-segundo-avion-P3-C-de-los-cuatro-adquiridos-img-02-768x512.jpg 768w\" sizes=\"(max-width: 1200px) 100vw, 1200px\" \/><\/a><\/p>\n<p>El Ministerio de Defensa incorpor\u00f3 a la Armada Argentina el segundo avi\u00f3n P-3 Orion de los cuatro adquiridos a Noruega, que ya se encuentra en la Base Aeronaval Comandante Espora, ubicada a 5 kil\u00f3metros de la ciudad de Bah\u00eda Blanca, y tendr\u00e1 como destino la Base Aeronaval de Trelew, Chubut. La aeronave cumplir\u00e1 funciones de patrullaje mar\u00edtimo, exploraci\u00f3n y control de los espacios soberanos nacionales.<\/p>\n<p>&nbsp;<\/p>\n<p>\u201cCon la llegada de este segundo avi\u00f3n P-3 Orion, continuamos recuperando la capacidad de control y respuesta de la Aviaci\u00f3n Naval, garantizando que la Argentina pueda proteger lo que es suyo: sus recursos, su territorio y su soberan\u00eda\u201d, expres\u00f3 el ministro de Defensa, Luis Petri, tras el arribo al pa\u00eds de la aeronave.<\/p>\n<p>&nbsp;<\/p>\n<p><strong>Reforzar la vigilancia<\/strong><\/p>\n<p>Se trata del segundo de los cuatro aviones P-3 Orion adquiridos a Noruega, cuya primera aeronave fue incorporada en 2024. Desde entonces, la Argentina \u201ccuenta con los medios necesarios para controlar la totalidad de la milla 200, detectar y perseguir a quienes saquean los recursos mar\u00edtimos y ejercer una soberan\u00eda real y efectiva sobre su territorio. Con esta nueva entrega, el pa\u00eds avanza en el proceso de reequipamiento y recuperaci\u00f3n de capacidades de la Aviaci\u00f3n Naval, sumando un medio a\u00e9reo de largo alcance y alta tecnolog\u00eda que permitir\u00e1 reforzar la vigilancia sobre el Atl\u00e1ntico Sur\u201d, se\u00f1al\u00f3 el Ministerio de Defensa.<\/p>\n<p>&nbsp;<\/p>\n<p><strong>Caracter\u00edsticas<\/strong><\/p>\n<p>Desarrollado por Lockheed Martin, el P-3 Orion es una aeronave de exploraci\u00f3n mar\u00edtima y guerra antisubmarina equipada con cuatro motores turboh\u00e9lice Allison T-56-A-14 de 4.600 HP cada uno. Posee una longitud de 35,57 metros, una envergadura de 30,38 metros y una altura de 10,27 metros, con un radio de acci\u00f3n de 1.500 millas n\u00e1uticas (2.780 km) y una autonom\u00eda de vuelo de 12 horas, lo que le permite cubrir sin dificultad el litoral mar\u00edtimo argentino, la plataforma continental y la Ant\u00e1rtida, asegurando presencia sostenida en zonas estrat\u00e9gicas.<\/p>\n<p>&nbsp;<\/p>\n<p>Los P-3 Orion est\u00e1n equipados con tecnolog\u00eda avanzada que incluye radares de apertura sint\u00e9tica, sistemas visuales e infrarrojos, procesadores ac\u00fasticos para detecci\u00f3n subacu\u00e1tica, detectores de anomal\u00edas magn\u00e9ticas y sistemas de identificaci\u00f3n autom\u00e1tica de buques (AIS), adem\u00e1s de m\u00faltiples sistemas de comunicaci\u00f3n que permiten la transmisi\u00f3n de informaci\u00f3n en tiempo real. Estas capacidades convierten al P-3 Orion en una herramienta esencial para misiones de b\u00fasqueda y rescate, patrullaje de largo alcance y operaciones antisubmarinas y antisuperficie, fortaleciendo la capacidad del Estado para proteger sus recursos y ejercer una vigilancia efectiva sobre los espacios mar\u00edtimos de jurisdicci\u00f3n nacional.<\/p>\n<p>&nbsp;<\/p>\n<p><strong>Con base en Trelew<\/strong><\/p>\n<p>Esta incorporaci\u00f3n \u201cforma parte de la decisi\u00f3n del Presidente Javier Milei de modernizar las Fuerzas Armadas y garantizar la defensa de la soberan\u00eda nacional, recuperando medios estrat\u00e9gicos para ejercer un control efectivo sobre toda la extensi\u00f3n de la milla 200 y combatir la pesca ilegal en el Mar Argentino\u201d, indicaron desde la cartera de Defensa.<\/p>\n<p>&nbsp;<\/p>\n<p>El extenso radio de acci\u00f3n de estas aeronaves, sumado a su autonom\u00eda de vuelo, permiten cubrir sin inconvenientes el litoral mar\u00edtimo argentino, plataforma continental y la Ant\u00e1rtida, permitiendo la permanencia en una zona o \u00e1rea determinada por per\u00edodos prolongados.<\/p>\n<p>&nbsp;<\/p>\n<p>En septiembre de 2024, arrib\u00f3 a Trelew el primer avi\u00f3n. Despu\u00e9s de cinco a\u00f1os, la Base Aeronaval Almirante Zar volvi\u00f3 a tener aeronaves operativas, lo que permitir\u00e1 custodiar la milla 200 y todo el espacio mar\u00edtimo argentino.<\/p>\n<p>&nbsp;<\/p>\n","protected":false},"excerpt":{"rendered":"<p>La Armada incorpor\u00f3 el segundo P-3C Orion para patrullar la milla 200 La Armada Argentina incorpor\u00f3 el segundo<\/p>\n","protected":false},"author":5,"featured_media":11427,"comment_status":"open","ping_status":"open","sticky":false,"template":"","format":"standard","meta":{"footnotes":""},"categories":[29],"tags":[569,3930],"class_list":["post-11426","post","type-post","status-publish","format-standard","has-post-thumbnail","hentry","category-interes-general","tag-armada-argentina","tag-p-3c-orion"],"featured_image_urls":{"full":["https:\/\/opinionpublica.com.ar\/index\/wp-content\/uploads\/2025\/10\/Revista-Puerto-La-Armada-incorporo-el-segundo-avion-P3-C-de-los-cuatro-adquiridos-img-02.jpg",1200,800,false],"thumbnail":["https:\/\/opinionpublica.com.ar\/index\/wp-content\/uploads\/2025\/10\/Revista-Puerto-La-Armada-incorporo-el-segundo-avion-P3-C-de-los-cuatro-adquiridos-img-02-150x150.jpg",150,150,true],"medium":["https:\/\/opinionpublica.com.ar\/index\/wp-content\/uploads\/2025\/10\/Revista-Puerto-La-Armada-incorporo-el-segundo-avion-P3-C-de-los-cuatro-adquiridos-img-02-300x200.jpg",300,200,true],"medium_large":["https:\/\/opinionpublica.com.ar\/index\/wp-content\/uploads\/2025\/10\/Revista-Puerto-La-Armada-incorporo-el-segundo-avion-P3-C-de-los-cuatro-adquiridos-img-02-768x512.jpg",640,427,true],"large":["https:\/\/opinionpublica.com.ar\/index\/wp-content\/uploads\/2025\/10\/Revista-Puerto-La-Armada-incorporo-el-segundo-avion-P3-C-de-los-cuatro-adquiridos-img-02-1024x683.jpg",640,427,true],"1536x1536":["https:\/\/opinionpublica.com.ar\/index\/wp-content\/uploads\/2025\/10\/Revista-Puerto-La-Armada-incorporo-el-segundo-avion-P3-C-de-los-cuatro-adquiridos-img-02.jpg",1200,800,false],"2048x2048":["https:\/\/opinionpublica.com.ar\/index\/wp-content\/uploads\/2025\/10\/Revista-Puerto-La-Armada-incorporo-el-segundo-avion-P3-C-de-los-cuatro-adquiridos-img-02.jpg",1200,800,false],"morenews-large":["https:\/\/opinionpublica.com.ar\/index\/wp-content\/uploads\/2025\/10\/Revista-Puerto-La-Armada-incorporo-el-segundo-avion-P3-C-de-los-cuatro-adquiridos-img-02-825x575.jpg",825,575,true],"morenews-medium":["https:\/\/opinionpublica.com.ar\/index\/wp-content\/uploads\/2025\/10\/Revista-Puerto-La-Armada-incorporo-el-segundo-avion-P3-C-de-los-cuatro-adquiridos-img-02-590x410.jpg",590,410,true]},"author_info":{"display_name":"Hal","author_link":"https:\/\/opinionpublica.com.ar\/index\/author\/hal\/"},"category_info":"<a href=\"https:\/\/opinionpublica.com.ar\/index\/category\/interes-general\/\" rel=\"category tag\">Interes General<\/a>","tag_info":"Interes General","comment_count":"0","_links":{"self":[{"href":"https:\/\/opinionpublica.com.ar\/index\/wp-json\/wp\/v2\/posts\/11426","targetHints":{"allow":["GET"]}}],"collection":[{"href":"https:\/\/opinionpublica.com.ar\/index\/wp-json\/wp\/v2\/posts"}],"about":[{"href":"https:\/\/opinionpublica.com.ar\/index\/wp-json\/wp\/v2\/types\/post"}],"author":[{"embeddable":true,"href":"https:\/\/opinionpublica.com.ar\/index\/wp-json\/wp\/v2\/users\/5"}],"replies":[{"embeddable":true,"href":"https:\/\/opinionpublica.com.ar\/index\/wp-json\/wp\/v2\/comments?post=11426"}],"version-history":[{"count":1,"href":"https:\/\/opinionpublica.com.ar\/index\/wp-json\/wp\/v2\/posts\/11426\/revisions"}],"predecessor-version":[{"id":11428,"href":"https:\/\/opinionpublica.com.ar\/index\/wp-json\/wp\/v2\/posts\/11426\/revisions\/11428"}],"wp:featuredmedia":[{"embeddable":true,"href":"https:\/\/opinionpublica.com.ar\/index\/wp-json\/wp\/v2\/media\/11427"}],"wp:attachment":[{"href":"https:\/\/opinionpublica.com.ar\/index\/wp-json\/wp\/v2\/media?parent=11426"}],"wp:term":[{"taxonomy":"category","embeddable":true,"href":"https:\/\/opinionpublica.com.ar\/index\/wp-json\/wp\/v2\/categories?post=11426"},{"taxonomy":"post_tag","embeddable":true,"href":"https:\/\/opinionpublica.com.ar\/index\/wp-json\/wp\/v2\/tags?post=11426"}],"curies":[{"name":"wp","href":"https:\/\/api.w.org\/{rel}","templated":true}]}}