{"id":11429,"date":"2025-10-16T07:42:48","date_gmt":"2025-10-16T10:42:48","guid":{"rendered":"https:\/\/opinionpublica.com.ar\/index\/?p=11429"},"modified":"2025-10-16T07:42:48","modified_gmt":"2025-10-16T10:42:48","slug":"denuncian-graves-fallas-estructurales-en-el-puerto-de-ushuaia","status":"publish","type":"post","link":"https:\/\/opinionpublica.com.ar\/index\/denuncian-graves-fallas-estructurales-en-el-puerto-de-ushuaia\/","title":{"rendered":"Denuncian graves fallas estructurales en el puerto de Ushuaia"},"content":{"rendered":"<p><strong>Denuncian graves fallas estructurales en el puerto de Ushuaia<\/strong><\/p>\n<p>Un informe oficial revela un deterioro alarmante del muelle que podr\u00eda dejar inoperable la terminal mar\u00edtima del puerto Ushuaia. Empresarios y gremios apuntan a la gesti\u00f3n del gobernador Gustavo Melella por la falta de obras y mantenimiento.<\/p>\n<p><a href=\"https:\/\/opinionpublica.com.ar\/index\/wp-content\/uploads\/2024\/04\/puerto-pasajeros-ushuaia.jpg\"><img fetchpriority=\"high\" decoding=\"async\" class=\"alignnone size-full wp-image-2075\" src=\"https:\/\/opinionpublica.com.ar\/index\/wp-content\/uploads\/2024\/04\/puerto-pasajeros-ushuaia.jpg\" alt=\"\" width=\"1280\" height=\"853\" srcset=\"https:\/\/opinionpublica.com.ar\/index\/wp-content\/uploads\/2024\/04\/puerto-pasajeros-ushuaia.jpg 1280w, https:\/\/opinionpublica.com.ar\/index\/wp-content\/uploads\/2024\/04\/puerto-pasajeros-ushuaia-300x200.jpg 300w, https:\/\/opinionpublica.com.ar\/index\/wp-content\/uploads\/2024\/04\/puerto-pasajeros-ushuaia-1024x682.jpg 1024w, https:\/\/opinionpublica.com.ar\/index\/wp-content\/uploads\/2024\/04\/puerto-pasajeros-ushuaia-768x512.jpg 768w\" sizes=\"(max-width: 1280px) 100vw, 1280px\" \/><\/a><\/p>\n<p>La situaci\u00f3n del puerto de Ushuaia encendi\u00f3 las alarmas en plena antesala de la temporada de cruceros. Una inspecci\u00f3n t\u00e9cnica de la Agencia Nacional de Puertos y Navegaci\u00f3n constat\u00f3 graves deficiencias estructurales que amenazan la operatividad del muelle y ponen en riesgo el desarrollo de una de las actividades econ\u00f3micas m\u00e1s relevantes de la provincia.<\/p>\n<p>&nbsp;<\/p>\n<p>Seg\u00fan el informe, \u201clos pilotes sobre los que se apoya el muelle se encuentran gastados, partidos o directamente faltantes\u201d, lo que revela un da\u00f1o estructural severo. A ello se suma el desgaste total de las defensas, piezas clave para evitar impactos durante las maniobras de atraque. Los t\u00e9cnicos advirtieron que cada embarcaci\u00f3n \u201croza continuamente la estructura\u201d y que, de no realizarse reparaciones urgentes, podr\u00edan producirse colapsos parciales.<\/p>\n<p>&nbsp;<\/p>\n<p>La inspecci\u00f3n fue dispuesta tras la sanci\u00f3n de una ley provincial que quit\u00f3 al puerto el manejo de sus propios recursos, medida impulsada por el Ejecutivo fueguino y que, seg\u00fan distintas fuentes del sector, \u201cvulner\u00f3 su autonom\u00eda y paraliz\u00f3 obras esenciales\u201d.<\/p>\n<p>&nbsp;<\/p>\n<p>El relevamiento tambi\u00e9n detect\u00f3 irregularidades en el uso de fondos y deficiencias b\u00e1sicas de seguridad, entre ellas instalaciones el\u00e9ctricas sin protecci\u00f3n, falta de se\u00f1alizaci\u00f3n y pavimentos deteriorados en los accesos al muelle.<\/p>\n<p><a href=\"https:\/\/opinionpublica.com.ar\/index\/wp-content\/uploads\/2024\/06\/Ushuaia-obras.jpg\"><img decoding=\"async\" class=\"alignnone size-full wp-image-3867\" src=\"https:\/\/opinionpublica.com.ar\/index\/wp-content\/uploads\/2024\/06\/Ushuaia-obras.jpg\" alt=\"\" width=\"993\" height=\"583\" srcset=\"https:\/\/opinionpublica.com.ar\/index\/wp-content\/uploads\/2024\/06\/Ushuaia-obras.jpg 993w, https:\/\/opinionpublica.com.ar\/index\/wp-content\/uploads\/2024\/06\/Ushuaia-obras-300x176.jpg 300w, https:\/\/opinionpublica.com.ar\/index\/wp-content\/uploads\/2024\/06\/Ushuaia-obras-768x451.jpg 768w\" sizes=\"(max-width: 993px) 100vw, 993px\" \/><\/a><\/p>\n<p>El impacto econ\u00f3mico de estas falencias ya comenz\u00f3 a sentirse: para esta temporada se esperan 525 cruceros, 40 menos que el a\u00f1o pasado, lo que rompe una tendencia de crecimiento sostenido y preocupa al sector tur\u00edstico y portuario.<\/p>\n<p>&nbsp;<\/p>\n<p>Empresarios y gremios hab\u00edan advertido meses atr\u00e1s la necesidad de ejecutar obras m\u00ednimas para preservar la operatividad del muelle. \u201cEl puerto de Ushuaia es la puerta de entrada a la Ant\u00e1rtida; no puede seguir funcionando en estas condiciones\u201d, expresaron representantes del sector, que ahora reclaman la intervenci\u00f3n del Gobierno nacional para evitar un colapso log\u00edstico durante la temporada alta.<\/p>\n<p>&nbsp;<\/p>\n<p>Mientras tanto, el gobierno provincial guarda silencio ante las denuncias. En un contexto donde el turismo ant\u00e1rtico genera miles de empleos directos e indirectos, la falta de mantenimiento y planificaci\u00f3n amenaza con erosionar una de las principales fuentes de ingresos de Tierra del Fuego.<\/p>\n<p>&nbsp;<\/p>\n<p>De no tomarse medidas inmediatas, Ushuaia podr\u00eda perder su posici\u00f3n estrat\u00e9gica como \u201cpuerta a la Ant\u00e1rtida\u201d, con un impacto directo sobre la econom\u00eda y la imagen internacional del destino m\u00e1s austral del planeta.<\/p>\n","protected":false},"excerpt":{"rendered":"<p>Denuncian graves fallas estructurales en el puerto de Ushuaia Un informe oficial revela un deterioro alarmante del muelle<\/p>\n","protected":false},"author":5,"featured_media":3867,"comment_status":"open","ping_status":"open","sticky":false,"template":"","format":"standard","meta":{"footnotes":""},"categories":[21],"tags":[3931],"class_list":["post-11429","post","type-post","status-publish","format-standard","has-post-thumbnail","hentry","category-ushuaia","tag-puerto-ushuaia"],"featured_image_urls":{"full":["https:\/\/opinionpublica.com.ar\/index\/wp-content\/uploads\/2024\/06\/Ushuaia-obras.jpg",993,583,false],"thumbnail":["https:\/\/opinionpublica.com.ar\/index\/wp-content\/uploads\/2024\/06\/Ushuaia-obras-150x150.jpg",150,150,true],"medium":["https:\/\/opinionpublica.com.ar\/index\/wp-content\/uploads\/2024\/06\/Ushuaia-obras-300x176.jpg",300,176,true],"medium_large":["https:\/\/opinionpublica.com.ar\/index\/wp-content\/uploads\/2024\/06\/Ushuaia-obras-768x451.jpg",640,376,true],"large":["https:\/\/opinionpublica.com.ar\/index\/wp-content\/uploads\/2024\/06\/Ushuaia-obras.jpg",640,376,false],"1536x1536":["https:\/\/opinionpublica.com.ar\/index\/wp-content\/uploads\/2024\/06\/Ushuaia-obras.jpg",993,583,false],"2048x2048":["https:\/\/opinionpublica.com.ar\/index\/wp-content\/uploads\/2024\/06\/Ushuaia-obras.jpg",993,583,false],"morenews-large":["https:\/\/opinionpublica.com.ar\/index\/wp-content\/uploads\/2024\/06\/Ushuaia-obras-825x575.jpg",825,575,true],"morenews-medium":["https:\/\/opinionpublica.com.ar\/index\/wp-content\/uploads\/2024\/06\/Ushuaia-obras-590x410.jpg",590,410,true]},"author_info":{"display_name":"Hal","author_link":"https:\/\/opinionpublica.com.ar\/index\/author\/hal\/"},"category_info":"<a href=\"https:\/\/opinionpublica.com.ar\/index\/category\/ushuaia\/\" rel=\"category tag\">Ushuaia<\/a>","tag_info":"Ushuaia","comment_count":"0","_links":{"self":[{"href":"https:\/\/opinionpublica.com.ar\/index\/wp-json\/wp\/v2\/posts\/11429","targetHints":{"allow":["GET"]}}],"collection":[{"href":"https:\/\/opinionpublica.com.ar\/index\/wp-json\/wp\/v2\/posts"}],"about":[{"href":"https:\/\/opinionpublica.com.ar\/index\/wp-json\/wp\/v2\/types\/post"}],"author":[{"embeddable":true,"href":"https:\/\/opinionpublica.com.ar\/index\/wp-json\/wp\/v2\/users\/5"}],"replies":[{"embeddable":true,"href":"https:\/\/opinionpublica.com.ar\/index\/wp-json\/wp\/v2\/comments?post=11429"}],"version-history":[{"count":1,"href":"https:\/\/opinionpublica.com.ar\/index\/wp-json\/wp\/v2\/posts\/11429\/revisions"}],"predecessor-version":[{"id":11430,"href":"https:\/\/opinionpublica.com.ar\/index\/wp-json\/wp\/v2\/posts\/11429\/revisions\/11430"}],"wp:featuredmedia":[{"embeddable":true,"href":"https:\/\/opinionpublica.com.ar\/index\/wp-json\/wp\/v2\/media\/3867"}],"wp:attachment":[{"href":"https:\/\/opinionpublica.com.ar\/index\/wp-json\/wp\/v2\/media?parent=11429"}],"wp:term":[{"taxonomy":"category","embeddable":true,"href":"https:\/\/opinionpublica.com.ar\/index\/wp-json\/wp\/v2\/categories?post=11429"},{"taxonomy":"post_tag","embeddable":true,"href":"https:\/\/opinionpublica.com.ar\/index\/wp-json\/wp\/v2\/tags?post=11429"}],"curies":[{"name":"wp","href":"https:\/\/api.w.org\/{rel}","templated":true}]}}