{"id":11435,"date":"2025-10-16T07:56:08","date_gmt":"2025-10-16T10:56:08","guid":{"rendered":"https:\/\/opinionpublica.com.ar\/index\/?p=11435"},"modified":"2025-10-16T07:56:08","modified_gmt":"2025-10-16T10:56:08","slug":"traicion-duro-posteo-del-padre-de-ex-senador-matias-rodriguez","status":"publish","type":"post","link":"https:\/\/opinionpublica.com.ar\/index\/traicion-duro-posteo-del-padre-de-ex-senador-matias-rodriguez\/","title":{"rendered":"Traici\u00f3n: Duro posteo del padre de ex senador Mat\u00edas Rodr\u00edguez"},"content":{"rendered":"<p><strong>Traici\u00f3n: Duro posteo del padre de ex senador Mat\u00edas Rodr\u00edguez<\/strong><\/p>\n<p>A dos a\u00f1os del tr\u00e1gico fallecimiento de Mat\u00edas Rodr\u00edguez, la memoria del exsenador nacional vuelve a sacudir la escena pol\u00edtica de Tierra del Fuego.<\/p>\n<p><a href=\"https:\/\/opinionpublica.com.ar\/index\/wp-content\/uploads\/2024\/04\/matias-rodriguez-senador-910x512-1.jpg\"><img fetchpriority=\"high\" decoding=\"async\" class=\"alignnone size-full wp-image-2131\" src=\"https:\/\/opinionpublica.com.ar\/index\/wp-content\/uploads\/2024\/04\/matias-rodriguez-senador-910x512-1.jpg\" alt=\"\" width=\"910\" height=\"512\" srcset=\"https:\/\/opinionpublica.com.ar\/index\/wp-content\/uploads\/2024\/04\/matias-rodriguez-senador-910x512-1.jpg 910w, https:\/\/opinionpublica.com.ar\/index\/wp-content\/uploads\/2024\/04\/matias-rodriguez-senador-910x512-1-300x169.jpg 300w, https:\/\/opinionpublica.com.ar\/index\/wp-content\/uploads\/2024\/04\/matias-rodriguez-senador-910x512-1-768x432.jpg 768w\" sizes=\"(max-width: 910px) 100vw, 910px\" \/><\/a><\/p>\n<p>Un contundente mensaje publicado por su padre, Ram\u00f3n Rodr\u00edguez, en redes sociales, reaviv\u00f3 la dolorosa herida que dej\u00f3 el esc\u00e1ndalo de infidelidad y traici\u00f3n en la c\u00fapula justicialista local encabezada por Walter Vuoto.<\/p>\n<p>La herida que sacudi\u00f3 los cimientos del peronismo fueguino, tras el fallecimiento del entonces senador nacional Mat\u00edas Rodr\u00edguez el 18 de octubre de 2023, volvi\u00f3 a sangrar. A d\u00edas de cumplirse un nuevo aniversario de aquella tragedia, Ram\u00f3n Rodr\u00edguez, padre del legislador, volc\u00f3 su profunda angustia en sus redes sociales, obligando a la provincia a repensar el valor de la lealtad en la pol\u00edtica y apunt\u00f3 a Walter Vuoto.<\/p>\n<p>El posteo, realizado a trav\u00e9s de una historia de Instagram mientras contemplaba el Canal Beagle, se acompa\u00f1\u00f3 de una frase categ\u00f3rica: \u201cSi la traici\u00f3n tuviera perd\u00f3n, el diablo todav\u00eda estar\u00eda al lado de Dios. La lealtad no se negocia\u201d. Esta publicaci\u00f3n se difundi\u00f3 en un contexto cargado de simbolismo para el justicialismo, en alusi\u00f3n al D\u00eda de la Lealtad peronista.<\/p>\n<p>&nbsp;<\/p>\n<p><strong>El detonante de la crisis institucional<\/strong><\/p>\n<p>Cabe recordar que el fallecimiento de Mat\u00edas Rodr\u00edguez se produjo en un marco de esc\u00e1ndalo personal y pol\u00edtico que hizo mucho ruido en la provincia. El exsenador dej\u00f3 una carta donde apuntaba directamente a su amigo \u00edntimo, el intendente Walter Vuoto, acus\u00e1ndolo de haberlo traicionado con su esposa, la actual concejal Laura \u00c1vila.<\/p>\n<p><a href=\"https:\/\/opinionpublica.com.ar\/index\/wp-content\/uploads\/2024\/10\/whatsapp-image-2024-10-18-at-09.25.49-martin-perez-matias-rodriguez.jpeg\"><img decoding=\"async\" class=\"alignnone size-full wp-image-6457\" src=\"https:\/\/opinionpublica.com.ar\/index\/wp-content\/uploads\/2024\/10\/whatsapp-image-2024-10-18-at-09.25.49-martin-perez-matias-rodriguez.jpeg\" alt=\"\" width=\"720\" height=\"693\" srcset=\"https:\/\/opinionpublica.com.ar\/index\/wp-content\/uploads\/2024\/10\/whatsapp-image-2024-10-18-at-09.25.49-martin-perez-matias-rodriguez.jpeg 720w, https:\/\/opinionpublica.com.ar\/index\/wp-content\/uploads\/2024\/10\/whatsapp-image-2024-10-18-at-09.25.49-martin-perez-matias-rodriguez-300x289.jpeg 300w\" sizes=\"(max-width: 720px) 100vw, 720px\" \/><\/a><\/p>\n<p>El escrito, que el propio Rodr\u00edguez firm\u00f3 de pu\u00f1o y letra con su nombre y DNI, no dej\u00f3 lugar a dudas: \u201cEsta madrugada del 18 de octubre encontr\u00e9 a Walter Vuoto y Laura \u00c1vila en la habitaci\u00f3n matrimonial de la casa de Walter. Me confesaron ser amantes hace tiempo. Mi amigo, padrino de bodas y padrino de uno de mis hijos. Ella, mi esposa y el amor de mi vida\u201d, detall\u00f3 el texto.<\/p>\n<p>Previo al desenlace fatal, y coincidiendo con la conmemoraci\u00f3n partidaria del D\u00eda de la Lealtad, el intendente hab\u00eda publicado en sus plataformas digitales la imagen de un acto en Ushuaia, donde se lo ve\u00eda abrazado a \u00c1vila. La edil tambi\u00e9n hab\u00eda compartido una fotograf\u00eda del mismo evento en sus propios perfiles.<\/p>\n<p>&nbsp;<\/p>\n<p><strong>Dolor y vigencia de un legado<\/strong><\/p>\n<p>La reacci\u00f3n de Ram\u00f3n Rodr\u00edguez, dos a\u00f1os despu\u00e9s, reaviv\u00f3 el profundo dolor de una p\u00e9rdida que sigue marcando la cancha en la comunidad fueguina y en el justicialismo provincial.<\/p>\n<p>A dos a\u00f1os de la tragedia que conmocion\u00f3 a propios y ajenos, la figura de Mat\u00edas Rodr\u00edguez es recordada por su pasi\u00f3n pol\u00edtica, su compromiso y su cercan\u00eda con la gente. El aniversario de su deceso vuelve a poner de relieve no solo su dimensi\u00f3n dirigencial, sino tambi\u00e9n el drama humano que envolvi\u00f3 sus \u00faltimos d\u00edas.<\/p>\n<p>Con su mensaje, el padre del ex legislador busc\u00f3 transmitir, adem\u00e1s de la angustia por el hijo que ya no est\u00e1, una interpelaci\u00f3n directa sobre la \u00e9tica de los valores de la lealtad, la amistad y la verdad, en una provincia que no olvida la crisis pol\u00edtica y humana que se desat\u00f3 en una fecha tan sensible para el peronismo.<\/p>\n<p>&nbsp;<\/p>\n","protected":false},"excerpt":{"rendered":"<p>Traici\u00f3n: Duro posteo del padre de ex senador Mat\u00edas Rodr\u00edguez A dos a\u00f1os del tr\u00e1gico fallecimiento de Mat\u00edas<\/p>\n","protected":false},"author":5,"featured_media":2131,"comment_status":"open","ping_status":"open","sticky":false,"template":"","format":"standard","meta":{"footnotes":""},"categories":[27,2],"tags":[255,644,538],"class_list":["post-11435","post","type-post","status-publish","format-standard","has-post-thumbnail","hentry","category-politica","category-tierra-del-fuego","tag-laura-avila","tag-matias-rodriguez","tag-walter-vuoto"],"featured_image_urls":{"full":["https:\/\/opinionpublica.com.ar\/index\/wp-content\/uploads\/2024\/04\/matias-rodriguez-senador-910x512-1.jpg",910,512,false],"thumbnail":["https:\/\/opinionpublica.com.ar\/index\/wp-content\/uploads\/2024\/04\/matias-rodriguez-senador-910x512-1-150x150.jpg",150,150,true],"medium":["https:\/\/opinionpublica.com.ar\/index\/wp-content\/uploads\/2024\/04\/matias-rodriguez-senador-910x512-1-300x169.jpg",300,169,true],"medium_large":["https:\/\/opinionpublica.com.ar\/index\/wp-content\/uploads\/2024\/04\/matias-rodriguez-senador-910x512-1-768x432.jpg",640,360,true],"large":["https:\/\/opinionpublica.com.ar\/index\/wp-content\/uploads\/2024\/04\/matias-rodriguez-senador-910x512-1.jpg",640,360,false],"1536x1536":["https:\/\/opinionpublica.com.ar\/index\/wp-content\/uploads\/2024\/04\/matias-rodriguez-senador-910x512-1.jpg",910,512,false],"2048x2048":["https:\/\/opinionpublica.com.ar\/index\/wp-content\/uploads\/2024\/04\/matias-rodriguez-senador-910x512-1.jpg",910,512,false],"morenews-large":["https:\/\/opinionpublica.com.ar\/index\/wp-content\/uploads\/2024\/04\/matias-rodriguez-senador-910x512-1-825x512.jpg",825,512,true],"morenews-medium":["https:\/\/opinionpublica.com.ar\/index\/wp-content\/uploads\/2024\/04\/matias-rodriguez-senador-910x512-1-590x410.jpg",590,410,true]},"author_info":{"display_name":"Hal","author_link":"https:\/\/opinionpublica.com.ar\/index\/author\/hal\/"},"category_info":"<a href=\"https:\/\/opinionpublica.com.ar\/index\/category\/politica\/\" rel=\"category tag\">Politica<\/a> <a href=\"https:\/\/opinionpublica.com.ar\/index\/category\/tierra-del-fuego\/\" rel=\"category tag\">Tierra del Fuego<\/a>","tag_info":"Tierra del Fuego","comment_count":"0","_links":{"self":[{"href":"https:\/\/opinionpublica.com.ar\/index\/wp-json\/wp\/v2\/posts\/11435","targetHints":{"allow":["GET"]}}],"collection":[{"href":"https:\/\/opinionpublica.com.ar\/index\/wp-json\/wp\/v2\/posts"}],"about":[{"href":"https:\/\/opinionpublica.com.ar\/index\/wp-json\/wp\/v2\/types\/post"}],"author":[{"embeddable":true,"href":"https:\/\/opinionpublica.com.ar\/index\/wp-json\/wp\/v2\/users\/5"}],"replies":[{"embeddable":true,"href":"https:\/\/opinionpublica.com.ar\/index\/wp-json\/wp\/v2\/comments?post=11435"}],"version-history":[{"count":1,"href":"https:\/\/opinionpublica.com.ar\/index\/wp-json\/wp\/v2\/posts\/11435\/revisions"}],"predecessor-version":[{"id":11436,"href":"https:\/\/opinionpublica.com.ar\/index\/wp-json\/wp\/v2\/posts\/11435\/revisions\/11436"}],"wp:featuredmedia":[{"embeddable":true,"href":"https:\/\/opinionpublica.com.ar\/index\/wp-json\/wp\/v2\/media\/2131"}],"wp:attachment":[{"href":"https:\/\/opinionpublica.com.ar\/index\/wp-json\/wp\/v2\/media?parent=11435"}],"wp:term":[{"taxonomy":"category","embeddable":true,"href":"https:\/\/opinionpublica.com.ar\/index\/wp-json\/wp\/v2\/categories?post=11435"},{"taxonomy":"post_tag","embeddable":true,"href":"https:\/\/opinionpublica.com.ar\/index\/wp-json\/wp\/v2\/tags?post=11435"}],"curies":[{"name":"wp","href":"https:\/\/api.w.org\/{rel}","templated":true}]}}