{"id":11438,"date":"2025-10-16T09:15:10","date_gmt":"2025-10-16T12:15:10","guid":{"rendered":"https:\/\/opinionpublica.com.ar\/index\/?p=11438"},"modified":"2025-10-16T09:15:10","modified_gmt":"2025-10-16T12:15:10","slug":"estan-liquidando-despacito-la-direccion-provincial-de-energia","status":"publish","type":"post","link":"https:\/\/opinionpublica.com.ar\/index\/estan-liquidando-despacito-la-direccion-provincial-de-energia\/","title":{"rendered":"Est\u00e1n liquidando despacito la Direcci\u00f3n Provincial de Energ\u00eda"},"content":{"rendered":"<p><strong>Est\u00e1n liquidando despacito la Direcci\u00f3n Provincial de Energ\u00eda<\/strong><\/p>\n<p>El ingeniero Sergio Raymundo cuestion\u00f3 la creaci\u00f3n y el funcionamiento de la empresa Terra Ignis, se\u00f1alando que, bajo una apariencia de modernizaci\u00f3n, se est\u00e1 produciendo una transformaci\u00f3n profunda del sistema energ\u00e9tico provincial sin debate legislativo ni transparencia p\u00fablica.<\/p>\n<p style=\"text-align: left;\"><a href=\"https:\/\/opinionpublica.com.ar\/index\/wp-content\/uploads\/2025\/10\/raymundo-820x360-1.jpg\"><img fetchpriority=\"high\" decoding=\"async\" class=\"alignnone size-full wp-image-11439\" src=\"https:\/\/opinionpublica.com.ar\/index\/wp-content\/uploads\/2025\/10\/raymundo-820x360-1.jpg\" alt=\"\" width=\"820\" height=\"360\" srcset=\"https:\/\/opinionpublica.com.ar\/index\/wp-content\/uploads\/2025\/10\/raymundo-820x360-1.jpg 820w, https:\/\/opinionpublica.com.ar\/index\/wp-content\/uploads\/2025\/10\/raymundo-820x360-1-300x132.jpg 300w, https:\/\/opinionpublica.com.ar\/index\/wp-content\/uploads\/2025\/10\/raymundo-820x360-1-768x337.jpg 768w\" sizes=\"(max-width: 820px) 100vw, 820px\" \/><\/a><\/p>\n<p>Asegur\u00f3 que el decreto que ampli\u00f3 las facultades de la sociedad an\u00f3nima implica, en los hechos, el traspaso de la DPE hacia esa firma.<\/p>\n<p>&nbsp;<\/p>\n<p>R\u00edo Grande. -El ingeniero Sergio Raymundo expres\u00f3 por Radio Provincia su preocupaci\u00f3n por lo que considera una transformaci\u00f3n encubierta del sector el\u00e9ctrico fueguino.\u201cCreo que encubiertamente hay una transformaci\u00f3n del sector el\u00e9ctrico total, no lo han hecho de forma directa, lo est\u00e1n haciendo solapadamente a trav\u00e9s de la empresa Terra Ignis, con la propia creaci\u00f3n de la empresa\u201d, sostuvo.<\/p>\n<p>&nbsp;<\/p>\n<p>Desde su perspectiva, el problema no radica en incorporar tecnolog\u00eda extranjera sino en la cesi\u00f3n del control estrat\u00e9gico. \u201cUna cosa es acceder a tecnolog\u00edas extranjeras porque nosotros no las tenemos y no las desarrollamos en el pa\u00eds, pero estamos entregando a una potencia extranjera el manejo total de la energ\u00eda el\u00e9ctrica a trav\u00e9s de una empresa que no le encuentro ning\u00fan antecedente del pa\u00eds ni del mundo\u201d, afirm\u00f3.<\/p>\n<p>&nbsp;<\/p>\n<p>Raymundo se\u00f1al\u00f3 que Terra Ignis participa en el negocio en un porcentaje menor porque pone las tierras, pero cuestion\u00f3 el cambio en sus funciones a partir de un decreto provincial.<\/p>\n<p>&nbsp;<\/p>\n<p>\u201cTerra Ignis fue creado con un prop\u00f3sito en espec\u00edfico pero se cambia a trav\u00e9s del decreto del se\u00f1or gobernador cuando establece las funciones de la empresa. La ley lo dice muy claro: hidrocarburos, energ\u00edas alternativas, y no dice energ\u00edas tradicionales\u201d, explic\u00f3.<\/p>\n<p>&nbsp;<\/p>\n<p>El ingeniero consider\u00f3 que el Ejecutivo avanz\u00f3 sin el debido debate pol\u00edtico: \u201cEs una facultad que puede tomar el Ejecutivo, pero me parece que como ciudadano me hubiera gustado que se discuta en el Parlamento fueguino. En un sistema democr\u00e1tico es necesario que se discutan las leyes y tambi\u00e9n se controle su aplicaci\u00f3n\u201d.<\/p>\n<p>&nbsp;<\/p>\n<p>Raymundo advirti\u00f3 que existe \u201cun plan siniestro que no empez\u00f3 ahora, sino que viene de gestiones anteriores\u201d, y remarc\u00f3 que la transformaci\u00f3n del sistema energ\u00e9tico \u201ctiene que hacerse de cara a la sociedad y discutirse en la Legislatura\u201d.<\/p>\n<p>&nbsp;<\/p>\n<p>Tambi\u00e9n se\u00f1al\u00f3 que el domicilio original de la empresa se fij\u00f3 en R\u00edo Grande, pero que se estableci\u00f3 en Ushuaia y que\u201cning\u00fan integrante del directorio es de la ciudad de Ushuaia, son todos de afuera, y se est\u00e1 tercerizando la gesti\u00f3n de energ\u00eda el\u00e9ctrica de la provincia, que es estrat\u00e9gica para la provincia\u201d.<\/p>\n<p>&nbsp;<\/p>\n<p>Respecto del futuro de la Direcci\u00f3n Provincial de Energ\u00eda (DPE), el ingeniero fue contundente: \u201cCreo que va directamente a la disoluci\u00f3n. En el decreto aprueba que Terra Ignis puede transportar y distribuir energ\u00eda. Esto es llevar la DPE a Terra Ignis, pero lo hubieran hecho de cara a la gente y discutiendo en la Legislatura\u201d.<\/p>\n<p>&nbsp;<\/p>\n<p>Consultado sobre el impacto laboral, explic\u00f3 que \u201cdepender\u00e1 de los trabajadores\u201d, ya que podr\u00edan pasar a otro r\u00e9gimen, modificar sus expectativas jubilatorias o enfrentar cambios en las condiciones de empleo.<\/p>\n<p>&nbsp;<\/p>\n<p>\u201cPuede haber un cambio grande, pero indudablemente est\u00e1 acompa\u00f1ado por el sindicato de Luz y Fuerza porque ocupan la presidencia y la vicepresidencia. Ac\u00e1 se est\u00e1 dando una transformaci\u00f3n solapada con medidas que van a llevar a eso\u201d, se\u00f1al\u00f3.<\/p>\n<p>&nbsp;<\/p>\n<p>Raymundo tambi\u00e9n cuestion\u00f3 la acumulaci\u00f3n de funciones en el \u00e1rea energ\u00e9tica: \u201cSi no, que alguien me explique qui\u00e9n est\u00e1 a cargo de Energ\u00eda contradiciendo un dictamen jur\u00eddico de un fiscal de Estado del a\u00f1o 1994 en donde se establece que no se puede ocupar dos ministerios, pidiendo todos los sueldos de la Direcci\u00f3n Provincial de Energ\u00eda. Esto pas\u00f3 la semana pasada\u201d, destacando que \u201cdespacito est\u00e1n liquidando la Direcci\u00f3n Provincial de Energ\u00eda\u201d, afirm\u00f3.<\/p>\n<p>&nbsp;<\/p>\n<p>Sobre los aportes previsionales, denunci\u00f3 que \u201cla DPE hace aportes a la Caja , sueldo com\u00fan m\u00e1s horas extras, pero no se le traslada al jubilado. Ni las horas extras ni la BAE\u201d.<\/p>\n<p>&nbsp;<\/p>\n<p>Adem\u00e1s, advirti\u00f3 que Terra Ignis ya comenz\u00f3 a distribuir energ\u00eda de la DPE: \u201cContrat\u00f3 a una empresa similar al plan de generaci\u00f3n distribuida de la gesti\u00f3n del 2008, que son las turbinas que termina comprando la gobernadora Bertone. Terra Ignis contrata a la empresa, los trae al predio de Vialidad en donde no es apto. Claramente est\u00e1n improvisando desde hace a\u00f1os\u201d.<\/p>\n<p>&nbsp;<\/p>\n<p>El ingeniero consider\u00f3 que \u201cno tienen que hacer sufrir a las personas y a los trabajadores, hagan las cosas como corresponde y bien\u201d, y lament\u00f3 que no se haya seguido el modelo neuquino.<\/p>\n<p>&nbsp;<\/p>\n<p>\u201cMe parece bien la creaci\u00f3n de Terra Ignis, pero no siguieron el modelo de Neuqu\u00e9n, ac\u00e1 en el camino cambiaron todo\u201d, concluy\u00f3.<\/p>\n<p>&nbsp;<\/p>\n<p>Y cerr\u00f3 con una reflexi\u00f3n cr\u00edtica sobre el rumbo institucional: \u201cUn gobierno dictatorial lo primero que hace es concentrar el poder. Cada uno despu\u00e9s puede opinar lo que quiera\u201d.<\/p>\n","protected":false},"excerpt":{"rendered":"<p>Est\u00e1n liquidando despacito la Direcci\u00f3n Provincial de Energ\u00eda El ingeniero Sergio Raymundo cuestion\u00f3 la creaci\u00f3n y el funcionamiento<\/p>\n","protected":false},"author":5,"featured_media":11439,"comment_status":"open","ping_status":"open","sticky":false,"template":"","format":"standard","meta":{"footnotes":""},"categories":[2],"tags":[3933,747],"class_list":["post-11438","post","type-post","status-publish","format-standard","has-post-thumbnail","hentry","category-tierra-del-fuego","tag-sergio-raymundo","tag-terra-ignis"],"featured_image_urls":{"full":["https:\/\/opinionpublica.com.ar\/index\/wp-content\/uploads\/2025\/10\/raymundo-820x360-1.jpg",820,360,false],"thumbnail":["https:\/\/opinionpublica.com.ar\/index\/wp-content\/uploads\/2025\/10\/raymundo-820x360-1-150x150.jpg",150,150,true],"medium":["https:\/\/opinionpublica.com.ar\/index\/wp-content\/uploads\/2025\/10\/raymundo-820x360-1-300x132.jpg",300,132,true],"medium_large":["https:\/\/opinionpublica.com.ar\/index\/wp-content\/uploads\/2025\/10\/raymundo-820x360-1-768x337.jpg",640,281,true],"large":["https:\/\/opinionpublica.com.ar\/index\/wp-content\/uploads\/2025\/10\/raymundo-820x360-1.jpg",640,281,false],"1536x1536":["https:\/\/opinionpublica.com.ar\/index\/wp-content\/uploads\/2025\/10\/raymundo-820x360-1.jpg",820,360,false],"2048x2048":["https:\/\/opinionpublica.com.ar\/index\/wp-content\/uploads\/2025\/10\/raymundo-820x360-1.jpg",820,360,false],"morenews-large":["https:\/\/opinionpublica.com.ar\/index\/wp-content\/uploads\/2025\/10\/raymundo-820x360-1.jpg",820,360,false],"morenews-medium":["https:\/\/opinionpublica.com.ar\/index\/wp-content\/uploads\/2025\/10\/raymundo-820x360-1-590x360.jpg",590,360,true]},"author_info":{"display_name":"Hal","author_link":"https:\/\/opinionpublica.com.ar\/index\/author\/hal\/"},"category_info":"<a href=\"https:\/\/opinionpublica.com.ar\/index\/category\/tierra-del-fuego\/\" rel=\"category tag\">Tierra del Fuego<\/a>","tag_info":"Tierra del Fuego","comment_count":"0","_links":{"self":[{"href":"https:\/\/opinionpublica.com.ar\/index\/wp-json\/wp\/v2\/posts\/11438","targetHints":{"allow":["GET"]}}],"collection":[{"href":"https:\/\/opinionpublica.com.ar\/index\/wp-json\/wp\/v2\/posts"}],"about":[{"href":"https:\/\/opinionpublica.com.ar\/index\/wp-json\/wp\/v2\/types\/post"}],"author":[{"embeddable":true,"href":"https:\/\/opinionpublica.com.ar\/index\/wp-json\/wp\/v2\/users\/5"}],"replies":[{"embeddable":true,"href":"https:\/\/opinionpublica.com.ar\/index\/wp-json\/wp\/v2\/comments?post=11438"}],"version-history":[{"count":1,"href":"https:\/\/opinionpublica.com.ar\/index\/wp-json\/wp\/v2\/posts\/11438\/revisions"}],"predecessor-version":[{"id":11440,"href":"https:\/\/opinionpublica.com.ar\/index\/wp-json\/wp\/v2\/posts\/11438\/revisions\/11440"}],"wp:featuredmedia":[{"embeddable":true,"href":"https:\/\/opinionpublica.com.ar\/index\/wp-json\/wp\/v2\/media\/11439"}],"wp:attachment":[{"href":"https:\/\/opinionpublica.com.ar\/index\/wp-json\/wp\/v2\/media?parent=11438"}],"wp:term":[{"taxonomy":"category","embeddable":true,"href":"https:\/\/opinionpublica.com.ar\/index\/wp-json\/wp\/v2\/categories?post=11438"},{"taxonomy":"post_tag","embeddable":true,"href":"https:\/\/opinionpublica.com.ar\/index\/wp-json\/wp\/v2\/tags?post=11438"}],"curies":[{"name":"wp","href":"https:\/\/api.w.org\/{rel}","templated":true}]}}