{"id":11442,"date":"2025-10-17T19:20:41","date_gmt":"2025-10-17T22:20:41","guid":{"rendered":"https:\/\/opinionpublica.com.ar\/index\/?p=11442"},"modified":"2025-10-17T19:20:41","modified_gmt":"2025-10-17T22:20:41","slug":"17-de-octubre-dia-de-la-lealtad-peronista","status":"publish","type":"post","link":"https:\/\/opinionpublica.com.ar\/index\/17-de-octubre-dia-de-la-lealtad-peronista\/","title":{"rendered":"17 de Octubre \u2013 D\u00eda de la Lealtad Peronista"},"content":{"rendered":"<p> <strong>17 de Octubre \u2013 D\u00eda de la Lealtad Peronista<\/strong> \u270c\ufe0f<\/p>\n<p>La lealtad no es solo una palabra.<\/p>\n<p>Tampoco es simplemente mostrar el escudo peronista o cantar la marcha.<\/p>\n<p><a href=\"https:\/\/opinionpublica.com.ar\/index\/wp-content\/uploads\/2025\/10\/IMG-20251017-WA0026.jpg\"><img fetchpriority=\"high\" decoding=\"async\" class=\"alignnone size-full wp-image-11443\" src=\"https:\/\/opinionpublica.com.ar\/index\/wp-content\/uploads\/2025\/10\/IMG-20251017-WA0026.jpg\" alt=\"\" width=\"818\" height=\"1024\" srcset=\"https:\/\/opinionpublica.com.ar\/index\/wp-content\/uploads\/2025\/10\/IMG-20251017-WA0026.jpg 818w, https:\/\/opinionpublica.com.ar\/index\/wp-content\/uploads\/2025\/10\/IMG-20251017-WA0026-240x300.jpg 240w, https:\/\/opinionpublica.com.ar\/index\/wp-content\/uploads\/2025\/10\/IMG-20251017-WA0026-768x961.jpg 768w\" sizes=\"(max-width: 818px) 100vw, 818px\" \/><\/a><\/p>\n<p>La lealtad es mucho m\u00e1s profunda: es una forma de vivir, de sentir y de construir comunidad.<\/p>\n<p>Una forma de vida que se demuestra en cada instante, atendiendo las necesidades del compa\u00f1ero, defendiendo lo justo y sosteniendo nuestras convicciones incluso cuando el viento sopla en contra.<\/p>\n<p>&nbsp;<\/p>\n<p>En tiempos donde la individualidad se impone detr\u00e1s de las pantallas, donde el ego reemplaza al compromiso y la palabra perdi\u00f3 valor, la Lealtad vuelve a ser un acto revolucionario.<\/p>\n<p>Este modelo neoliberal, impulsado por el gobierno nacional, busca precisamente eso: romper los lazos sociales, destruir la solidaridad y convertirnos en consumidores aislados, sin patria y sin destino.<\/p>\n<p>Pero recordemos: el que sue\u00f1a solo, solo sue\u00f1a; pero si so\u00f1amos entre todos, podemos volver a ser una gran Naci\u00f3n. <\/p>\n<p>&nbsp;<\/p>\n<p>Por eso, hoy m\u00e1s que nunca debemos recuperar la unidad y levantar las tres banderas hist\u00f3ricas del peronismo:<\/p>\n<p>Justicia Social, Soberan\u00eda Pol\u00edtica e Independencia Econ\u00f3mica.<\/p>\n<p>Porque est\u00e1n m\u00e1s vigentes que nunca.<\/p>\n<p>&nbsp;<\/p>\n<p>Ayer fue Braden o Per\u00f3n.<\/p>\n<p>Hoy el dilema es el mismo, aunque los nombres hayan cambiado.<\/p>\n<p>Las \u201crelaciones carnales\u201d con Estados Unidos y el sometimiento al FMI no generan desarrollo ni dignidad: solo dependencia.<\/p>\n<p>Donald Trump vuelve a intervenir abiertamente en los asuntos internos y externos de nuestro pa\u00eds, y lamentablemente hoy nos gobiernan desde Washington.<\/p>\n<p>Entre Trump, Scott Kenneth Bessent \u2014secretario del Tesoro de EE.UU.\u2014 y Kristalina Georgieva desde el FMI, deciden sobre nuestra econom\u00eda, nuestras pol\u00edticas y nuestro destino nacional.<\/p>\n<p>Mientras tanto, el pueblo pasa hambre, la clase media se desangra y la Patria es puesta de rodillas ante los intereses extranjeros.<\/p>\n<p>&nbsp;<\/p>\n<p>La historia se repite: la injerencia norteamericana busca, una vez m\u00e1s, condicionar nuestro destino.<\/p>\n<p>Pero tambi\u00e9n se repite la respuesta del pueblo argentino: resistencia, organizaci\u00f3n y esperanza.<\/p>\n<p>&nbsp;<\/p>\n<p>Como aquel 17 de octubre de 1945, cuando miles se movilizaron para liberar a Per\u00f3n, hoy debemos volver a las calles, levantar la voz y defender a Cristina, v\u00edctima de la misma persecuci\u00f3n pol\u00edtica y medi\u00e1tica que entonces.<\/p>\n<p>Los nombres cambian, pero los intereses son los mismos.<\/p>\n<p>Ayer fue la embajada; hoy son el FMI y Wall Street.<\/p>\n<p>&nbsp;<\/p>\n<p>Debemos recuperar la Tercera Posici\u00f3n, esa mirada estrat\u00e9gica que nos permite negociar con el mundo sin arrodillarnos ante nadie.<\/p>\n<p>Un modelo donde la Patria y la Gente sean la prioridad, y no los mercados.<\/p>\n<p>&nbsp;<\/p>\n<p>No nos van a doblegar.<\/p>\n<p>Ni Milei, ni el FMI, ni Estados Unidos.<\/p>\n<p>Porque el pueblo argentino tiene memoria, dignidad y coraje.<\/p>\n<p>&nbsp;<\/p>\n<p>Este 26 de octubre, hag\u00e1monos escuchar en las urnas.<\/p>\n<p>Pong\u00e1mosle un l\u00edmite a este gobierno cruel, entreguista y sometido al poder extranjero.<\/p>\n<p>&nbsp;<\/p>\n<p>La Patria no se vende. \u270c\ufe0f<\/p>\n<p>&nbsp;<\/p>\n<p>Por: <strong>Mario Daniele<\/strong>.<\/p>\n","protected":false},"excerpt":{"rendered":"<p>17 de Octubre \u2013 D\u00eda de la Lealtad Peronista \u270c\ufe0f La lealtad no es solo una palabra. Tampoco<\/p>\n","protected":false},"author":5,"featured_media":11443,"comment_status":"open","ping_status":"open","sticky":false,"template":"","format":"standard","meta":{"footnotes":""},"categories":[1170,1096],"tags":[3934,1900,145],"class_list":["post-11442","post","type-post","status-publish","format-standard","has-post-thumbnail","hentry","category-columna-especial","category-destacada","tag-17-de-octubre","tag-mario-daniele","tag-peronismo"],"featured_image_urls":{"full":["https:\/\/opinionpublica.com.ar\/index\/wp-content\/uploads\/2025\/10\/IMG-20251017-WA0026.jpg",818,1024,false],"thumbnail":["https:\/\/opinionpublica.com.ar\/index\/wp-content\/uploads\/2025\/10\/IMG-20251017-WA0026-150x150.jpg",150,150,true],"medium":["https:\/\/opinionpublica.com.ar\/index\/wp-content\/uploads\/2025\/10\/IMG-20251017-WA0026-240x300.jpg",240,300,true],"medium_large":["https:\/\/opinionpublica.com.ar\/index\/wp-content\/uploads\/2025\/10\/IMG-20251017-WA0026-768x961.jpg",640,801,true],"large":["https:\/\/opinionpublica.com.ar\/index\/wp-content\/uploads\/2025\/10\/IMG-20251017-WA0026.jpg",640,801,false],"1536x1536":["https:\/\/opinionpublica.com.ar\/index\/wp-content\/uploads\/2025\/10\/IMG-20251017-WA0026.jpg",818,1024,false],"2048x2048":["https:\/\/opinionpublica.com.ar\/index\/wp-content\/uploads\/2025\/10\/IMG-20251017-WA0026.jpg",818,1024,false],"morenews-large":["https:\/\/opinionpublica.com.ar\/index\/wp-content\/uploads\/2025\/10\/IMG-20251017-WA0026-818x575.jpg",818,575,true],"morenews-medium":["https:\/\/opinionpublica.com.ar\/index\/wp-content\/uploads\/2025\/10\/IMG-20251017-WA0026-590x410.jpg",590,410,true]},"author_info":{"display_name":"Hal","author_link":"https:\/\/opinionpublica.com.ar\/index\/author\/hal\/"},"category_info":"<a href=\"https:\/\/opinionpublica.com.ar\/index\/category\/columna-especial\/\" rel=\"category tag\">Columna Especial<\/a> <a href=\"https:\/\/opinionpublica.com.ar\/index\/category\/destacada\/\" rel=\"category tag\">Destacada<\/a>","tag_info":"Destacada","comment_count":"0","_links":{"self":[{"href":"https:\/\/opinionpublica.com.ar\/index\/wp-json\/wp\/v2\/posts\/11442","targetHints":{"allow":["GET"]}}],"collection":[{"href":"https:\/\/opinionpublica.com.ar\/index\/wp-json\/wp\/v2\/posts"}],"about":[{"href":"https:\/\/opinionpublica.com.ar\/index\/wp-json\/wp\/v2\/types\/post"}],"author":[{"embeddable":true,"href":"https:\/\/opinionpublica.com.ar\/index\/wp-json\/wp\/v2\/users\/5"}],"replies":[{"embeddable":true,"href":"https:\/\/opinionpublica.com.ar\/index\/wp-json\/wp\/v2\/comments?post=11442"}],"version-history":[{"count":1,"href":"https:\/\/opinionpublica.com.ar\/index\/wp-json\/wp\/v2\/posts\/11442\/revisions"}],"predecessor-version":[{"id":11444,"href":"https:\/\/opinionpublica.com.ar\/index\/wp-json\/wp\/v2\/posts\/11442\/revisions\/11444"}],"wp:featuredmedia":[{"embeddable":true,"href":"https:\/\/opinionpublica.com.ar\/index\/wp-json\/wp\/v2\/media\/11443"}],"wp:attachment":[{"href":"https:\/\/opinionpublica.com.ar\/index\/wp-json\/wp\/v2\/media?parent=11442"}],"wp:term":[{"taxonomy":"category","embeddable":true,"href":"https:\/\/opinionpublica.com.ar\/index\/wp-json\/wp\/v2\/categories?post=11442"},{"taxonomy":"post_tag","embeddable":true,"href":"https:\/\/opinionpublica.com.ar\/index\/wp-json\/wp\/v2\/tags?post=11442"}],"curies":[{"name":"wp","href":"https:\/\/api.w.org\/{rel}","templated":true}]}}