{"id":11445,"date":"2025-10-20T10:12:40","date_gmt":"2025-10-20T13:12:40","guid":{"rendered":"https:\/\/opinionpublica.com.ar\/index\/?p=11445"},"modified":"2025-10-20T10:12:40","modified_gmt":"2025-10-20T13:12:40","slug":"grabaron-al-diputado-santiago-pauli-develando-el-manejo-de-fondos-publicos","status":"publish","type":"post","link":"https:\/\/opinionpublica.com.ar\/index\/grabaron-al-diputado-santiago-pauli-develando-el-manejo-de-fondos-publicos\/","title":{"rendered":"Grabaron al diputado Santiago Pauli develando el manejo de fondos p\u00fablicos"},"content":{"rendered":"<p><strong>Grabaron al diputado Santiago Pauli develando el manejo de fondos p\u00fablicos en LLA con fines partidarios<\/strong><\/p>\n<p><a href=\"https:\/\/opinionpublica.com.ar\/index\/wp-content\/uploads\/2024\/10\/e_1687813672-santiago-pauli.jpg\"><img fetchpriority=\"high\" decoding=\"async\" class=\"alignnone size-full wp-image-6251\" src=\"https:\/\/opinionpublica.com.ar\/index\/wp-content\/uploads\/2024\/10\/e_1687813672-santiago-pauli.jpg\" alt=\"\" width=\"900\" height=\"499\" srcset=\"https:\/\/opinionpublica.com.ar\/index\/wp-content\/uploads\/2024\/10\/e_1687813672-santiago-pauli.jpg 900w, https:\/\/opinionpublica.com.ar\/index\/wp-content\/uploads\/2024\/10\/e_1687813672-santiago-pauli-300x166.jpg 300w, https:\/\/opinionpublica.com.ar\/index\/wp-content\/uploads\/2024\/10\/e_1687813672-santiago-pauli-768x426.jpg 768w\" sizes=\"(max-width: 900px) 100vw, 900px\" \/><\/a><\/p>\n<p>Se trata del suplemento salarial \u201cdesarraigo\u201d que se paga en la Legislatura Provincial con fines de costear vi\u00e1ticos de empleados que deben trasladarse de R\u00edo Grande a Ushuaia. Una discusi\u00f3n econ\u00f3mica entre el diputado Santiago Pauli y uno de los punteros bancados desde el bloque legislativo de La Libertad Avanza fue grabado por este \u00faltimo develando el manejo de estos fondos procedentes de las arcas p\u00fablicas, que suelen terminar siendo utilizados como \u201ccajas pol\u00edticas\u201d o solventar \u201ccostos partidarios\u201d.<\/p>\n<p>&nbsp;<\/p>\n<p>&nbsp;<\/p>\n<p>Muchas veces van disfrazados como \u201caportes partidarios voluntarios\u201d por parte de los militantes que lo aportan a su respectiva agrupaci\u00f3n partidaria, pero en esta oportunidad una grabaci\u00f3n telef\u00f3nica termina develando lo \u201ccompulsivo\u201d y hasta lo indebido del cobro de un vi\u00e1tico cuya finalidad termina siendo desnaturalizada.<\/p>\n<p>&nbsp;<\/p>\n<p>La comunicaci\u00f3n telef\u00f3nica se da entre un puntero \u201cRolo\u201d y el diputado de la La Libertad Avanza, Santiago Pauli, en una discusi\u00f3n respecto a la falta de cumplimiento del rendimiento de esos desarraigos.<\/p>\n<p>&nbsp;<\/p>\n<p>El di\u00e1logo inicia con el puntero que le da cuenta al diputado Pauli; \u201cest\u00e1bamos hablando con Miguel por el tema del desarraigo, yo no puedo ponerlo -dice aduciendo problemas con un hijo- haciendo una propuesta de venta de empanadas para juntar plata para el partido\u201d, dando cuenta de un grupo cerrado de 30 personas que \u201csi no venden empanadas pongan la diferencia\u201d.<\/p>\n<p>&nbsp;<\/p>\n<p>Pauli all\u00ed corta secamente y la consulta directa es cuanto a que representa el desarraigo este mes, \u201c496mil\u201d responde el puntero, ante lo cual Pauli es tajante; \u201cyo voy a dar de baja todos los contratos y poner gente que cobre y nos pase todo el desarraigo y le transferimos la diferencia, por que nos estamos endeudando con Miguel \u2013se supone el candidato a diputado Miguel-, yo estoy poniendo arriba un mill\u00f3n y medio de pesos\u201d, dando cuenta que \u201csolo una persona nos est\u00e1 pasando el desarraigo\u201d.<\/p>\n<p>&nbsp;<\/p>\n<p>Lo incre\u00edble es el manejo que parece tener Pauli de partidas y salarios que no le corresponden en su rol de diputado, sino al bloque de La Libertad Avanza en la Legislatura Provincial, encabezado por el legislador Agust\u00edn Coto.<\/p>\n<p>&nbsp;<\/p>\n<p>Pauli intenta legitimar su reclamo diciendo \u201ctratar de ser bueno\u201d, agregando \u201cnosotros no hacemos como los otros partidos, no les tocamos el sueldo y solo pedimos el desarraigo\u201d, expresando \u201ceso no es sueldo\u201d.<\/p>\n<p>&nbsp;<\/p>\n<p>Se queja que solo un empleado pasa el desarraigo y la idea es afrontar los alquileres partidarios \u201cme parece una locura vender empanadas para pagar los alquileres cuando entre los desarraigos con la gente que est\u00e1 en R\u00edo Grande se puede pagar y nos sobra plata para pagar otras cosas\u00bb.<\/p>\n<p>&nbsp;<\/p>\n<p>\u201cPrefiero dar de baja esos contratos, poner alguien que ponga la cara y me pase el 100% del desarraigo para pagar los alquileres y yo me aseguro que nos llegue lo de los desarraigos\u201d, lamentando lidiar con una situaci\u00f3n \u201cpara la que tenemos los fondos\u201d.<\/p>\n<p>&nbsp;<\/p>\n<p>\u201cCon la plata de los desarraigos, que no es plata del sueldo, tenemos para bancar los alquileres, pero no ahora que la tenemos. Tengo cuatro personas con las que acordamos que el 100% del sueldo es para ellos y el desarraigo es para el partido y no lo est\u00e1n cumpliendo\u201d, insistiendo Pauli frases tales como; \u201cla plata del desarraigo no es de ustedes\u201d o \u201cel desarraigo no es sueldo\u201d.<\/p>\n<p>&nbsp;<\/p>\n<p><strong>A confesi\u00f3n de parte\u2026<\/strong><\/p>\n<p>La situaci\u00f3n podr\u00eda ser entendida como un aporte partidario de los militantes de La Libertad Avanza que trabajan en la Legislatura, pero una frase final de Pauli es sentenciante; \u201ces un vi\u00e1tico por un trabajo que alguien no hace, entonces en lugar de exigirle el sueldo es pedirlo\u201d. All\u00ed menciona a dos empleadas que si cumplen la funci\u00f3n que exige el pago del vi\u00e1tico, y agrega finalmente \u201cno les pedimos el desarraigo\u201d, \u201cen el caso de quienes no lo usan como vi\u00e1tico lo usamos para sostener el partido\u201d.<\/p>\n<p>&nbsp;<\/p>\n<p>Esto da cuenta del intencionado uso de fondos p\u00fablicos, no para los fines que fueron creados, sino desviarlos con uso pol\u00edtico partidario, lo que podr\u00eda llegar a comprender el delito de peculado.<\/p>\n<p>&nbsp;<\/p>\n","protected":false},"excerpt":{"rendered":"<p>Grabaron al diputado Santiago Pauli develando el manejo de fondos p\u00fablicos en LLA con fines partidarios Se trata<\/p>\n","protected":false},"author":5,"featured_media":6251,"comment_status":"open","ping_status":"open","sticky":false,"template":"","format":"standard","meta":{"footnotes":""},"categories":[2],"tags":[1039,971,3935],"class_list":["post-11445","post","type-post","status-publish","format-standard","has-post-thumbnail","hentry","category-tierra-del-fuego","tag-diputado","tag-santiago-pauli","tag-suplemento-salarial"],"featured_image_urls":{"full":["https:\/\/opinionpublica.com.ar\/index\/wp-content\/uploads\/2024\/10\/e_1687813672-santiago-pauli.jpg",900,499,false],"thumbnail":["https:\/\/opinionpublica.com.ar\/index\/wp-content\/uploads\/2024\/10\/e_1687813672-santiago-pauli-150x150.jpg",150,150,true],"medium":["https:\/\/opinionpublica.com.ar\/index\/wp-content\/uploads\/2024\/10\/e_1687813672-santiago-pauli-300x166.jpg",300,166,true],"medium_large":["https:\/\/opinionpublica.com.ar\/index\/wp-content\/uploads\/2024\/10\/e_1687813672-santiago-pauli-768x426.jpg",640,355,true],"large":["https:\/\/opinionpublica.com.ar\/index\/wp-content\/uploads\/2024\/10\/e_1687813672-santiago-pauli.jpg",640,355,false],"1536x1536":["https:\/\/opinionpublica.com.ar\/index\/wp-content\/uploads\/2024\/10\/e_1687813672-santiago-pauli.jpg",900,499,false],"2048x2048":["https:\/\/opinionpublica.com.ar\/index\/wp-content\/uploads\/2024\/10\/e_1687813672-santiago-pauli.jpg",900,499,false],"morenews-large":["https:\/\/opinionpublica.com.ar\/index\/wp-content\/uploads\/2024\/10\/e_1687813672-santiago-pauli-825x499.jpg",825,499,true],"morenews-medium":["https:\/\/opinionpublica.com.ar\/index\/wp-content\/uploads\/2024\/10\/e_1687813672-santiago-pauli-590x410.jpg",590,410,true]},"author_info":{"display_name":"Hal","author_link":"https:\/\/opinionpublica.com.ar\/index\/author\/hal\/"},"category_info":"<a href=\"https:\/\/opinionpublica.com.ar\/index\/category\/tierra-del-fuego\/\" rel=\"category tag\">Tierra del Fuego<\/a>","tag_info":"Tierra del Fuego","comment_count":"0","_links":{"self":[{"href":"https:\/\/opinionpublica.com.ar\/index\/wp-json\/wp\/v2\/posts\/11445","targetHints":{"allow":["GET"]}}],"collection":[{"href":"https:\/\/opinionpublica.com.ar\/index\/wp-json\/wp\/v2\/posts"}],"about":[{"href":"https:\/\/opinionpublica.com.ar\/index\/wp-json\/wp\/v2\/types\/post"}],"author":[{"embeddable":true,"href":"https:\/\/opinionpublica.com.ar\/index\/wp-json\/wp\/v2\/users\/5"}],"replies":[{"embeddable":true,"href":"https:\/\/opinionpublica.com.ar\/index\/wp-json\/wp\/v2\/comments?post=11445"}],"version-history":[{"count":1,"href":"https:\/\/opinionpublica.com.ar\/index\/wp-json\/wp\/v2\/posts\/11445\/revisions"}],"predecessor-version":[{"id":11446,"href":"https:\/\/opinionpublica.com.ar\/index\/wp-json\/wp\/v2\/posts\/11445\/revisions\/11446"}],"wp:featuredmedia":[{"embeddable":true,"href":"https:\/\/opinionpublica.com.ar\/index\/wp-json\/wp\/v2\/media\/6251"}],"wp:attachment":[{"href":"https:\/\/opinionpublica.com.ar\/index\/wp-json\/wp\/v2\/media?parent=11445"}],"wp:term":[{"taxonomy":"category","embeddable":true,"href":"https:\/\/opinionpublica.com.ar\/index\/wp-json\/wp\/v2\/categories?post=11445"},{"taxonomy":"post_tag","embeddable":true,"href":"https:\/\/opinionpublica.com.ar\/index\/wp-json\/wp\/v2\/tags?post=11445"}],"curies":[{"name":"wp","href":"https:\/\/api.w.org\/{rel}","templated":true}]}}