{"id":11447,"date":"2025-10-20T10:20:26","date_gmt":"2025-10-20T13:20:26","guid":{"rendered":"https:\/\/opinionpublica.com.ar\/index\/?p=11447"},"modified":"2025-10-20T10:20:26","modified_gmt":"2025-10-20T13:20:26","slug":"donald-trump-en-la-argentina-no-tienen-nada-se-estan-muriendo","status":"publish","type":"post","link":"https:\/\/opinionpublica.com.ar\/index\/donald-trump-en-la-argentina-no-tienen-nada-se-estan-muriendo\/","title":{"rendered":"Donald Trump: \u00abEn la Argentina no tienen nada, se est\u00e1n muriendo\u00bb"},"content":{"rendered":"<p><strong>Donald Trump: \u00abEn la Argentina no tienen nada, se est\u00e1n muriendo\u00bb<\/strong><\/p>\n<p>El presidente de Estados Unidos afirm\u00f3 que su gobierno estudia importar carne desde la Argentina para combatir la incipiente inflaci\u00f3n alimentaria.<\/p>\n<p><a href=\"https:\/\/opinionpublica.com.ar\/index\/wp-content\/uploads\/2024\/11\/trump-ganador-discurso-elecciones-estados-unidos.jpg\"><img fetchpriority=\"high\" decoding=\"async\" class=\"alignnone size-full wp-image-6901\" src=\"https:\/\/opinionpublica.com.ar\/index\/wp-content\/uploads\/2024\/11\/trump-ganador-discurso-elecciones-estados-unidos.jpg\" alt=\"\" width=\"1280\" height=\"854\" srcset=\"https:\/\/opinionpublica.com.ar\/index\/wp-content\/uploads\/2024\/11\/trump-ganador-discurso-elecciones-estados-unidos.jpg 1280w, https:\/\/opinionpublica.com.ar\/index\/wp-content\/uploads\/2024\/11\/trump-ganador-discurso-elecciones-estados-unidos-300x200.jpg 300w, https:\/\/opinionpublica.com.ar\/index\/wp-content\/uploads\/2024\/11\/trump-ganador-discurso-elecciones-estados-unidos-1024x683.jpg 1024w, https:\/\/opinionpublica.com.ar\/index\/wp-content\/uploads\/2024\/11\/trump-ganador-discurso-elecciones-estados-unidos-768x512.jpg 768w\" sizes=\"(max-width: 1280px) 100vw, 1280px\" \/><\/a><\/p>\n<p>El presidente de Estados Unidos, Donald Trump, anunci\u00f3 que podr\u00eda comenzar a comprar carne argentina, pocos d\u00edas despu\u00e9s del encuentro con Javier Milei en la Casa Blanca, en el marco de las negociaciones por un nuevo acuerdo comercial bilateral.<\/p>\n<p>&nbsp;<\/p>\n<p>\u201cComprar\u00edamos algo de carne de Argentina. Si hacemos eso, nuestros precios de la carne de res bajar\u00e1n\u201d, afirm\u00f3 Trump ante periodistas, al regresar de su residencia en Florida.<\/p>\n<p>&nbsp;<\/p>\n<p>La medida, explic\u00f3, busca aliviar el costo de los alimentos para los consumidores estadounidenses en medio de una inflaci\u00f3n persistente en el rubro alimentario.<\/p>\n<p>&nbsp;<\/p>\n<p>En otro pasaje del intercambio con periodistas, el presidente estadounidense fue consultado sobre que le dir\u00eda a los agricultores que consideran que el acuerdo beneficiaba m\u00e1s a Argentina que a ellos, a lo que Trump respondi\u00f3: \u00abMire, Argentina est\u00e1 luchando por su supervivencia, se\u00f1orita. Usted no sabe nada al respecto. \u00bfEntiende lo que eso significa? Est\u00e1n muriendo\u00bb.<\/p>\n<p>&nbsp;<\/p>\n<p><strong>En qu\u00e9 consistir\u00eda el acuerdo comercial entre Argentina y EEUU<\/strong><\/p>\n<p>El anuncio se produce mientras ambos gobiernos trabajan en un acuerdo comercial amplio, que incluir\u00eda no solo la exportaci\u00f3n de carne vacuna, sino tambi\u00e9n rebajas arancelarias y la apertura de mercados para otros productos. Seg\u00fan fuentes diplom\u00e1ticas, la intenci\u00f3n es cerrar el pacto antes de las elecciones legislativas argentinas, previstas para el pr\u00f3ximo domingo.<\/p>\n<p><a href=\"https:\/\/opinionpublica.com.ar\/index\/wp-content\/uploads\/2024\/08\/trump-milei-1.jpg\"><img decoding=\"async\" class=\"alignnone size-full wp-image-4931\" src=\"https:\/\/opinionpublica.com.ar\/index\/wp-content\/uploads\/2024\/08\/trump-milei-1.jpg\" alt=\"\" width=\"600\" height=\"600\" srcset=\"https:\/\/opinionpublica.com.ar\/index\/wp-content\/uploads\/2024\/08\/trump-milei-1.jpg 600w, https:\/\/opinionpublica.com.ar\/index\/wp-content\/uploads\/2024\/08\/trump-milei-1-300x300.jpg 300w, https:\/\/opinionpublica.com.ar\/index\/wp-content\/uploads\/2024\/08\/trump-milei-1-150x150.jpg 150w\" sizes=\"(max-width: 600px) 100vw, 600px\" \/><\/a><\/p>\n<p>El convenio contempla una ampliaci\u00f3n de la cuota de 20.000 a 70.000 toneladas de carne que ingresar\u00edan al mercado estadounidense, con un arancel preferencial del 10%. En tanto, Argentina deber\u00eda reducir o eliminar impuestos a las importaciones de productos estadounidenses, entre ellos petr\u00f3leo refinado, gas natural licuado, maquinaria, pl\u00e1sticos y productos qu\u00edmicos.<\/p>\n<p>&nbsp;<\/p>\n<p>El acuerdo incluir\u00eda tambi\u00e9n una extensi\u00f3n para cortes kosher, un segmento de alta demanda en el mercado norteamericano. Adem\u00e1s, se negocia la reducci\u00f3n de la tasa estad\u00edstica que Argentina aplica a todas las importaciones.<\/p>\n<p>&nbsp;<\/p>\n<p>Por el lado argentino, las conversaciones son encabezadas por el canciller Gerardo Werthein, acompa\u00f1ado por Pablo Lavigne, secretario de Coordinaci\u00f3n de Producci\u00f3n, y Luis Mar\u00eda Kreckler, secretario de Relaciones Econ\u00f3micas Internacionales.<\/p>\n<p>&nbsp;<\/p>\n<p>Fuentes cercanas al Ministerio de Econom\u00eda destacaron que el pacto podr\u00eda duplicar el volumen exportado de carne argentina a Estados Unidos, consolidando al pa\u00eds como proveedor estrat\u00e9gico en un contexto de tensiones comerciales con China y de redefinici\u00f3n de las alianzas internacionales de Washington.<\/p>\n<p>&nbsp;<\/p>\n<p>Con esta iniciativa, la administraci\u00f3n Trump busca mostrar resultados econ\u00f3micos concretos en el corto plazo, mientras que Milei pretende capitalizar el acuerdo como una se\u00f1al de respaldo pol\u00edtico y comercial en plena campa\u00f1a electoral.<\/p>\n<p>&nbsp;<\/p>\n","protected":false},"excerpt":{"rendered":"<p>Donald Trump: \u00abEn la Argentina no tienen nada, se est\u00e1n muriendo\u00bb El presidente de Estados Unidos afirm\u00f3 que<\/p>\n","protected":false},"author":5,"featured_media":6901,"comment_status":"open","ping_status":"open","sticky":false,"template":"","format":"standard","meta":{"footnotes":""},"categories":[3],"tags":[56,263,2008,539],"class_list":["post-11447","post","type-post","status-publish","format-standard","has-post-thumbnail","hentry","category-nacionales","tag-argentina","tag-carne","tag-donald-trump","tag-estados-unidos"],"featured_image_urls":{"full":["https:\/\/opinionpublica.com.ar\/index\/wp-content\/uploads\/2024\/11\/trump-ganador-discurso-elecciones-estados-unidos.jpg",1280,854,false],"thumbnail":["https:\/\/opinionpublica.com.ar\/index\/wp-content\/uploads\/2024\/11\/trump-ganador-discurso-elecciones-estados-unidos-150x150.jpg",150,150,true],"medium":["https:\/\/opinionpublica.com.ar\/index\/wp-content\/uploads\/2024\/11\/trump-ganador-discurso-elecciones-estados-unidos-300x200.jpg",300,200,true],"medium_large":["https:\/\/opinionpublica.com.ar\/index\/wp-content\/uploads\/2024\/11\/trump-ganador-discurso-elecciones-estados-unidos-768x512.jpg",640,427,true],"large":["https:\/\/opinionpublica.com.ar\/index\/wp-content\/uploads\/2024\/11\/trump-ganador-discurso-elecciones-estados-unidos-1024x683.jpg",640,427,true],"1536x1536":["https:\/\/opinionpublica.com.ar\/index\/wp-content\/uploads\/2024\/11\/trump-ganador-discurso-elecciones-estados-unidos.jpg",1280,854,false],"2048x2048":["https:\/\/opinionpublica.com.ar\/index\/wp-content\/uploads\/2024\/11\/trump-ganador-discurso-elecciones-estados-unidos.jpg",1280,854,false],"morenews-large":["https:\/\/opinionpublica.com.ar\/index\/wp-content\/uploads\/2024\/11\/trump-ganador-discurso-elecciones-estados-unidos-825x575.jpg",825,575,true],"morenews-medium":["https:\/\/opinionpublica.com.ar\/index\/wp-content\/uploads\/2024\/11\/trump-ganador-discurso-elecciones-estados-unidos-590x410.jpg",590,410,true]},"author_info":{"display_name":"Hal","author_link":"https:\/\/opinionpublica.com.ar\/index\/author\/hal\/"},"category_info":"<a href=\"https:\/\/opinionpublica.com.ar\/index\/category\/nacionales\/\" rel=\"category tag\">Nacionales<\/a>","tag_info":"Nacionales","comment_count":"0","_links":{"self":[{"href":"https:\/\/opinionpublica.com.ar\/index\/wp-json\/wp\/v2\/posts\/11447","targetHints":{"allow":["GET"]}}],"collection":[{"href":"https:\/\/opinionpublica.com.ar\/index\/wp-json\/wp\/v2\/posts"}],"about":[{"href":"https:\/\/opinionpublica.com.ar\/index\/wp-json\/wp\/v2\/types\/post"}],"author":[{"embeddable":true,"href":"https:\/\/opinionpublica.com.ar\/index\/wp-json\/wp\/v2\/users\/5"}],"replies":[{"embeddable":true,"href":"https:\/\/opinionpublica.com.ar\/index\/wp-json\/wp\/v2\/comments?post=11447"}],"version-history":[{"count":1,"href":"https:\/\/opinionpublica.com.ar\/index\/wp-json\/wp\/v2\/posts\/11447\/revisions"}],"predecessor-version":[{"id":11448,"href":"https:\/\/opinionpublica.com.ar\/index\/wp-json\/wp\/v2\/posts\/11447\/revisions\/11448"}],"wp:featuredmedia":[{"embeddable":true,"href":"https:\/\/opinionpublica.com.ar\/index\/wp-json\/wp\/v2\/media\/6901"}],"wp:attachment":[{"href":"https:\/\/opinionpublica.com.ar\/index\/wp-json\/wp\/v2\/media?parent=11447"}],"wp:term":[{"taxonomy":"category","embeddable":true,"href":"https:\/\/opinionpublica.com.ar\/index\/wp-json\/wp\/v2\/categories?post=11447"},{"taxonomy":"post_tag","embeddable":true,"href":"https:\/\/opinionpublica.com.ar\/index\/wp-json\/wp\/v2\/tags?post=11447"}],"curies":[{"name":"wp","href":"https:\/\/api.w.org\/{rel}","templated":true}]}}