{"id":11449,"date":"2025-10-20T10:29:49","date_gmt":"2025-10-20T13:29:49","guid":{"rendered":"https:\/\/opinionpublica.com.ar\/index\/?p=11449"},"modified":"2025-10-20T10:29:49","modified_gmt":"2025-10-20T13:29:49","slug":"nueva-alternativa-de-internet-satelital-y-television-llega-a-rio-grande","status":"publish","type":"post","link":"https:\/\/opinionpublica.com.ar\/index\/nueva-alternativa-de-internet-satelital-y-television-llega-a-rio-grande\/","title":{"rendered":"Nueva alternativa de internet satelital y televisi\u00f3n llega a R\u00edo Grande"},"content":{"rendered":"<p><strong>Nueva alternativa de internet satelital y televisi\u00f3n llega a R\u00edo Grande<\/strong><\/p>\n<p>&nbsp;<\/p>\n<p>Una nueva empresa de telecomunicaciones comenzar\u00e1 a operar pr\u00f3ximamente en R\u00edo Grande, ofreciendo un servicio combinado de internet satelital de alta velocidad y televisi\u00f3n digital, que se posiciona como una alternativa innovadora para los hogares y comercios de la ciudad.<\/p>\n<figure id=\"attachment_3631\" aria-describedby=\"caption-attachment-3631\" style=\"width: 918px\" class=\"wp-caption alignnone\"><a href=\"https:\/\/opinionpublica.com.ar\/index\/wp-content\/uploads\/2024\/06\/internet.jpg\"><img fetchpriority=\"high\" decoding=\"async\" class=\"size-full wp-image-3631\" src=\"https:\/\/opinionpublica.com.ar\/index\/wp-content\/uploads\/2024\/06\/internet.jpg\" alt=\"\" width=\"918\" height=\"514\" srcset=\"https:\/\/opinionpublica.com.ar\/index\/wp-content\/uploads\/2024\/06\/internet.jpg 918w, https:\/\/opinionpublica.com.ar\/index\/wp-content\/uploads\/2024\/06\/internet-300x168.jpg 300w, https:\/\/opinionpublica.com.ar\/index\/wp-content\/uploads\/2024\/06\/internet-768x430.jpg 768w\" sizes=\"(max-width: 918px) 100vw, 918px\" \/><\/a><figcaption id=\"caption-attachment-3631\" class=\"wp-caption-text\">xr:d:DAFLVsjqHVA:149,j:34892440661,t:22090908<\/figcaption><\/figure>\n<p>Seg\u00fan se inform\u00f3, la firma trabaja bajo un acuerdo tecnol\u00f3gico con Amazon, que permitir\u00e1 el uso de una red de sat\u00e9lites de baja \u00f3rbita, similares a los utilizados por sistemas internacionales de referencia. Esta tecnolog\u00eda promete mayor estabilidad de conexi\u00f3n, baja latencia y velocidades sim\u00e9tricas de hasta 800 megas, con un alcance total incluso en zonas donde no llega la fibra \u00f3ptica.<\/p>\n<p>&nbsp;<\/p>\n<p><strong>Instalaci\u00f3n gratuita y equipamiento en comodato<\/strong><\/p>\n<p>Uno de los principales atractivos del servicio ser\u00e1 la instalaci\u00f3n sin costo, con equipamiento entregado en comodato \u2014es decir, sin necesidad de que el usuario compre los dispositivos\u2014, lo que reduce significativamente la inversi\u00f3n inicial para los nuevos suscriptores. La empresa tambi\u00e9n confirm\u00f3 que los primeros meses del abono ser\u00e1n bonificados, permitiendo a los vecinos acceder al servicio sin costo durante el per\u00edodo de promoci\u00f3n.<\/p>\n<p>&nbsp;<\/p>\n<p>En la primera etapa de lanzamiento, los planes estar\u00e1n disponibles desde $9.000 mensuales para una velocidad de 200 megas, mientras que las opciones superiores \u2014de 300, 500 y 800 megas\u2014 se habilitar\u00e1n progresivamente a partir de diciembre, cuando se ponga en marcha la campa\u00f1a completa.<\/p>\n<p>&nbsp;<\/p>\n<p><strong>Televisi\u00f3n digital y acceso a plataformas de streaming<\/strong><\/p>\n<p>Adem\u00e1s del servicio de conectividad, la compa\u00f1\u00eda incluir\u00e1 un plan de televisi\u00f3n digital con m\u00e1s de 230 canales, junto con acceso gratuito a Disney+ Premium, Prime Video y D-Go, la plataforma propia para ver programaci\u00f3n en vivo desde cualquier dispositivo.<\/p>\n<p>&nbsp;<\/p>\n<p>La instalaci\u00f3n contempla hasta dos decodificadores sin cargo, aunque los usuarios con televisores Smart podr\u00e1n acceder al contenido directamente mediante la aplicaci\u00f3n D-Go, lo que permitir\u00e1 disfrutar el servicio en varios televisores al mismo tiempo sin costo adicional.<\/p>\n<p>&nbsp;<\/p>\n<p><strong>Cobertura local y atenci\u00f3n inmediata<\/strong><\/p>\n<p>Las instalaciones se realizar\u00e1n con t\u00e9cnicos locales, y seg\u00fan adelantaron desde la empresa, no hay demoras en las conexiones iniciales: los primeros turnos se programar\u00e1n dentro de la primera semana de diciembre. Actualmente, el servicio se encuentra en fase de promoci\u00f3n en R\u00edo Grande, Tolhuin y Ushuaia, donde se prev\u00e9 una r\u00e1pida expansi\u00f3n debido a la demanda de alternativas en conectividad.<\/p>\n<p>&nbsp;<\/p>\n<p><strong>Un nuevo impulso para la conectividad fueguina<\/strong><\/p>\n<p>Con la llegada de esta propuesta, R\u00edo Grande suma una nueva opci\u00f3n tecnol\u00f3gica que promete mejorar la experiencia de navegaci\u00f3n y entretenimiento en el hogar, a partir de una conexi\u00f3n satelital m\u00e1s veloz, estable y sin necesidad de infraestructura terrestre.<\/p>\n<p>&nbsp;<\/p>\n<p>La implementaci\u00f3n de esta red representa tambi\u00e9n un avance en el acceso digital para la provincia, especialmente en sectores donde la cobertura tradicional resulta limitada. Con precios promocionales, instalaci\u00f3n sin costo y acceso a plataformas internacionales, la iniciativa busca consolidarse como una opci\u00f3n competitiva y moderna para los usuarios de Tierra del Fuego.<\/p>\n","protected":false},"excerpt":{"rendered":"<p>Nueva alternativa de internet satelital y televisi\u00f3n llega a R\u00edo Grande &nbsp; Una nueva empresa de telecomunicaciones comenzar\u00e1<\/p>\n","protected":false},"author":5,"featured_media":3631,"comment_status":"open","ping_status":"open","sticky":false,"template":"","format":"standard","meta":{"footnotes":""},"categories":[25,24],"tags":[1439,5],"class_list":["post-11449","post","type-post","status-publish","format-standard","has-post-thumbnail","hentry","category-rio-grande","category-tecnologia","tag-internet-satelital","tag-tierra-del-fuego"],"featured_image_urls":{"full":["https:\/\/opinionpublica.com.ar\/index\/wp-content\/uploads\/2024\/06\/internet.jpg",918,514,false],"thumbnail":["https:\/\/opinionpublica.com.ar\/index\/wp-content\/uploads\/2024\/06\/internet-150x150.jpg",150,150,true],"medium":["https:\/\/opinionpublica.com.ar\/index\/wp-content\/uploads\/2024\/06\/internet-300x168.jpg",300,168,true],"medium_large":["https:\/\/opinionpublica.com.ar\/index\/wp-content\/uploads\/2024\/06\/internet-768x430.jpg",640,358,true],"large":["https:\/\/opinionpublica.com.ar\/index\/wp-content\/uploads\/2024\/06\/internet.jpg",640,358,false],"1536x1536":["https:\/\/opinionpublica.com.ar\/index\/wp-content\/uploads\/2024\/06\/internet.jpg",918,514,false],"2048x2048":["https:\/\/opinionpublica.com.ar\/index\/wp-content\/uploads\/2024\/06\/internet.jpg",918,514,false],"morenews-large":["https:\/\/opinionpublica.com.ar\/index\/wp-content\/uploads\/2024\/06\/internet-825x514.jpg",825,514,true],"morenews-medium":["https:\/\/opinionpublica.com.ar\/index\/wp-content\/uploads\/2024\/06\/internet-590x410.jpg",590,410,true]},"author_info":{"display_name":"Hal","author_link":"https:\/\/opinionpublica.com.ar\/index\/author\/hal\/"},"category_info":"<a href=\"https:\/\/opinionpublica.com.ar\/index\/category\/rio-grande\/\" rel=\"category tag\">Rio Grande<\/a> <a href=\"https:\/\/opinionpublica.com.ar\/index\/category\/tecnologia\/\" rel=\"category tag\">Tecnologia<\/a>","tag_info":"Tecnologia","comment_count":"0","_links":{"self":[{"href":"https:\/\/opinionpublica.com.ar\/index\/wp-json\/wp\/v2\/posts\/11449","targetHints":{"allow":["GET"]}}],"collection":[{"href":"https:\/\/opinionpublica.com.ar\/index\/wp-json\/wp\/v2\/posts"}],"about":[{"href":"https:\/\/opinionpublica.com.ar\/index\/wp-json\/wp\/v2\/types\/post"}],"author":[{"embeddable":true,"href":"https:\/\/opinionpublica.com.ar\/index\/wp-json\/wp\/v2\/users\/5"}],"replies":[{"embeddable":true,"href":"https:\/\/opinionpublica.com.ar\/index\/wp-json\/wp\/v2\/comments?post=11449"}],"version-history":[{"count":1,"href":"https:\/\/opinionpublica.com.ar\/index\/wp-json\/wp\/v2\/posts\/11449\/revisions"}],"predecessor-version":[{"id":11450,"href":"https:\/\/opinionpublica.com.ar\/index\/wp-json\/wp\/v2\/posts\/11449\/revisions\/11450"}],"wp:featuredmedia":[{"embeddable":true,"href":"https:\/\/opinionpublica.com.ar\/index\/wp-json\/wp\/v2\/media\/3631"}],"wp:attachment":[{"href":"https:\/\/opinionpublica.com.ar\/index\/wp-json\/wp\/v2\/media?parent=11449"}],"wp:term":[{"taxonomy":"category","embeddable":true,"href":"https:\/\/opinionpublica.com.ar\/index\/wp-json\/wp\/v2\/categories?post=11449"},{"taxonomy":"post_tag","embeddable":true,"href":"https:\/\/opinionpublica.com.ar\/index\/wp-json\/wp\/v2\/tags?post=11449"}],"curies":[{"name":"wp","href":"https:\/\/api.w.org\/{rel}","templated":true}]}}