{"id":11638,"date":"2025-11-06T09:22:24","date_gmt":"2025-11-06T12:22:24","guid":{"rendered":"https:\/\/opinionpublica.com.ar\/index\/?p=11638"},"modified":"2025-11-06T09:22:24","modified_gmt":"2025-11-06T12:22:24","slug":"crisis-en-rio-grande-hay-consumo-deprimido-caida-del-empleo-y-un-malhumor-creciente","status":"publish","type":"post","link":"https:\/\/opinionpublica.com.ar\/index\/crisis-en-rio-grande-hay-consumo-deprimido-caida-del-empleo-y-un-malhumor-creciente\/","title":{"rendered":"Crisis en R\u00edo Grande: \u00abHay consumo deprimido, ca\u00edda del empleo y un malhumor creciente\u00bb"},"content":{"rendered":"<h3>Crisis en R\u00edo Grande: \u00abHay consumo deprimido, ca\u00edda del empleo y un malhumor creciente\u00bb<\/h3>\n<p><a href=\"https:\/\/opinionpublica.com.ar\/index\/wp-content\/uploads\/2025\/11\/20251106020938_caida_del_consumo_rg.jpg\"><img fetchpriority=\"high\" decoding=\"async\" class=\"alignnone size-full wp-image-11639\" src=\"https:\/\/opinionpublica.com.ar\/index\/wp-content\/uploads\/2025\/11\/20251106020938_caida_del_consumo_rg.jpg\" alt=\"\" width=\"880\" height=\"586\" srcset=\"https:\/\/opinionpublica.com.ar\/index\/wp-content\/uploads\/2025\/11\/20251106020938_caida_del_consumo_rg.jpg 880w, https:\/\/opinionpublica.com.ar\/index\/wp-content\/uploads\/2025\/11\/20251106020938_caida_del_consumo_rg-300x200.jpg 300w, https:\/\/opinionpublica.com.ar\/index\/wp-content\/uploads\/2025\/11\/20251106020938_caida_del_consumo_rg-768x511.jpg 768w\" sizes=\"(max-width: 880px) 100vw, 880px\" \/><\/a><\/p>\n<p>Lo dijo el presidente de la C\u00e1mara de Comercio, Jos\u00e9 Luis Iglesias, sobre la ca\u00edda del consumo en R\u00edo Grande y el impacto en el sector comercial, remarcando que \u201ctodos los n\u00fameros empujan para abajo\u201d.<\/p>\n<p>&nbsp;<\/p>\n<p>El presidente de la C\u00e1mara de Comercio, Jos\u00e9 Luis Iglesias, analiz\u00f3 la ca\u00edda del consumo en R\u00edo Grande y el impacto que esto tiene en el sector comercial, asegurando que \u201ctodos los n\u00fameros empujan para abajo\u201d.<\/p>\n<p>&nbsp;<\/p>\n<p>\u201cHay consumo deprimido, ca\u00edda del empleo y un malhumor creciente. Tierra del Fuego est\u00e1 entre los lugares donde m\u00e1s cay\u00f3 la actividad\u201d, se\u00f1al\u00f3 el empresario en di\u00e1logo con FM La Isla de R\u00edo Grande.<\/p>\n<p>&nbsp;<\/p>\n<p>Iglesias sostuvo que la crisis \u201cse nota en los locales que cierran, en los que se achican y en los que tienen problemas para pagar sueldos o proveedores\u201d, atribuyendo la recesi\u00f3n a \u201cla p\u00e9rdida de empleos en la industria electr\u00f3nica, el parate petrolero, la ca\u00edda de la construcci\u00f3n y el aumento del endeudamiento de los hogares\u201d.<\/p>\n<p>&nbsp;<\/p>\n<p>\u201cEl ciudadano com\u00fan est\u00e1 con las tarjetas al l\u00edmite y uno lo ve, cada vez menos changuitos llenos, menos compras grandes, menos reposici\u00f3n. Los comercios venden menos, pero tambi\u00e9n los mayoristas, porque el almacenero ya no compra para stockearse sino s\u00f3lo para reponer\u201d, agreg\u00f3.<\/p>\n<p>&nbsp;<\/p>\n<p>Iglesias volvi\u00f3 a protestar por el comercio informal y la venta a trav\u00e9s de plataformas digitales, asegurando que \u201cerosionan al comercio registrado y local\u201d.<\/p>\n<p>Para el titular de la C\u00e1mara de Comercio la situaci\u00f3n social \u201cse est\u00e1 complicando peligrosamente\u201d, aunque no brind\u00f3 ejemplos para justificar esta afirmaci\u00f3n.<\/p>\n<p>&nbsp;<\/p>\n","protected":false},"excerpt":{"rendered":"<p>Crisis en R\u00edo Grande: \u00abHay consumo deprimido, ca\u00edda del empleo y un malhumor creciente\u00bb Lo dijo el presidente<\/p>\n","protected":false},"author":5,"featured_media":11639,"comment_status":"open","ping_status":"open","sticky":false,"template":"","format":"standard","meta":{"footnotes":""},"categories":[25],"tags":[1184,3981,698,7],"class_list":["post-11638","post","type-post","status-publish","format-standard","has-post-thumbnail","hentry","category-rio-grande","tag-caida-del-consumo","tag-camara-de-comercio-de-rio-grande","tag-crisis-economica","tag-rio-grande"],"featured_image_urls":{"full":["https:\/\/opinionpublica.com.ar\/index\/wp-content\/uploads\/2025\/11\/20251106020938_caida_del_consumo_rg.jpg",880,586,false],"thumbnail":["https:\/\/opinionpublica.com.ar\/index\/wp-content\/uploads\/2025\/11\/20251106020938_caida_del_consumo_rg-150x150.jpg",150,150,true],"medium":["https:\/\/opinionpublica.com.ar\/index\/wp-content\/uploads\/2025\/11\/20251106020938_caida_del_consumo_rg-300x200.jpg",300,200,true],"medium_large":["https:\/\/opinionpublica.com.ar\/index\/wp-content\/uploads\/2025\/11\/20251106020938_caida_del_consumo_rg-768x511.jpg",640,426,true],"large":["https:\/\/opinionpublica.com.ar\/index\/wp-content\/uploads\/2025\/11\/20251106020938_caida_del_consumo_rg.jpg",640,426,false],"1536x1536":["https:\/\/opinionpublica.com.ar\/index\/wp-content\/uploads\/2025\/11\/20251106020938_caida_del_consumo_rg.jpg",880,586,false],"2048x2048":["https:\/\/opinionpublica.com.ar\/index\/wp-content\/uploads\/2025\/11\/20251106020938_caida_del_consumo_rg.jpg",880,586,false],"morenews-large":["https:\/\/opinionpublica.com.ar\/index\/wp-content\/uploads\/2025\/11\/20251106020938_caida_del_consumo_rg-825x575.jpg",825,575,true],"morenews-medium":["https:\/\/opinionpublica.com.ar\/index\/wp-content\/uploads\/2025\/11\/20251106020938_caida_del_consumo_rg-590x410.jpg",590,410,true]},"author_info":{"display_name":"Hal","author_link":"https:\/\/opinionpublica.com.ar\/index\/author\/hal\/"},"category_info":"<a href=\"https:\/\/opinionpublica.com.ar\/index\/category\/rio-grande\/\" rel=\"category tag\">Rio Grande<\/a>","tag_info":"Rio Grande","comment_count":"0","_links":{"self":[{"href":"https:\/\/opinionpublica.com.ar\/index\/wp-json\/wp\/v2\/posts\/11638","targetHints":{"allow":["GET"]}}],"collection":[{"href":"https:\/\/opinionpublica.com.ar\/index\/wp-json\/wp\/v2\/posts"}],"about":[{"href":"https:\/\/opinionpublica.com.ar\/index\/wp-json\/wp\/v2\/types\/post"}],"author":[{"embeddable":true,"href":"https:\/\/opinionpublica.com.ar\/index\/wp-json\/wp\/v2\/users\/5"}],"replies":[{"embeddable":true,"href":"https:\/\/opinionpublica.com.ar\/index\/wp-json\/wp\/v2\/comments?post=11638"}],"version-history":[{"count":1,"href":"https:\/\/opinionpublica.com.ar\/index\/wp-json\/wp\/v2\/posts\/11638\/revisions"}],"predecessor-version":[{"id":11640,"href":"https:\/\/opinionpublica.com.ar\/index\/wp-json\/wp\/v2\/posts\/11638\/revisions\/11640"}],"wp:featuredmedia":[{"embeddable":true,"href":"https:\/\/opinionpublica.com.ar\/index\/wp-json\/wp\/v2\/media\/11639"}],"wp:attachment":[{"href":"https:\/\/opinionpublica.com.ar\/index\/wp-json\/wp\/v2\/media?parent=11638"}],"wp:term":[{"taxonomy":"category","embeddable":true,"href":"https:\/\/opinionpublica.com.ar\/index\/wp-json\/wp\/v2\/categories?post=11638"},{"taxonomy":"post_tag","embeddable":true,"href":"https:\/\/opinionpublica.com.ar\/index\/wp-json\/wp\/v2\/tags?post=11638"}],"curies":[{"name":"wp","href":"https:\/\/api.w.org\/{rel}","templated":true}]}}