{"id":11641,"date":"2025-11-06T09:30:48","date_gmt":"2025-11-06T12:30:48","guid":{"rendered":"https:\/\/opinionpublica.com.ar\/index\/?p=11641"},"modified":"2025-11-06T09:30:48","modified_gmt":"2025-11-06T12:30:48","slug":"hay-una-ausencia-muy-importante-del-estado-en-peninsula-mitre","status":"publish","type":"post","link":"https:\/\/opinionpublica.com.ar\/index\/hay-una-ausencia-muy-importante-del-estado-en-peninsula-mitre\/","title":{"rendered":"Hay una ausencia muy importante del Estado en Pen\u00ednsula Mitre"},"content":{"rendered":"<h3>\u00abHay una ausencia muy importante del Estado en Pen\u00ednsula Mitre\u201d<\/h3>\n<p>El presidente de la Asociaci\u00f3n Civil Pen\u00ednsula Mitre, Adolfo Imbert, se refiri\u00f3 al avance del plan de manejo del \u00e1rea protegida, la falta de presencia estatal y las caracter\u00edsticas \u00fanicas de este territorio fueguino.<\/p>\n<p><a href=\"https:\/\/opinionpublica.com.ar\/index\/wp-content\/uploads\/2025\/11\/imbert-1024x768-1.jpg\"><img fetchpriority=\"high\" decoding=\"async\" class=\"alignnone size-full wp-image-11644\" src=\"https:\/\/opinionpublica.com.ar\/index\/wp-content\/uploads\/2025\/11\/imbert-1024x768-1.jpg\" alt=\"\" width=\"1024\" height=\"768\" srcset=\"https:\/\/opinionpublica.com.ar\/index\/wp-content\/uploads\/2025\/11\/imbert-1024x768-1.jpg 1024w, https:\/\/opinionpublica.com.ar\/index\/wp-content\/uploads\/2025\/11\/imbert-1024x768-1-300x225.jpg 300w, https:\/\/opinionpublica.com.ar\/index\/wp-content\/uploads\/2025\/11\/imbert-1024x768-1-768x576.jpg 768w\" sizes=\"(max-width: 1024px) 100vw, 1024px\" \/><\/a><\/p>\n<p>En di\u00e1logo con el programa \u2018Buscando el Equilibrio\u2019 por Radio Provincia el presidente de la Asociaci\u00f3n Civil Pen\u00ednsula Mitre, Adolfo Imbert, explic\u00f3: \u201cSe empez\u00f3 con el plan de manejo, va bastante lento, pero es un proceso que lleva tiempo, es participativo. Es una comisi\u00f3n consultiva creada por ley que cada tanto convocan a reuniones en donde se discuten distintos aspectos que tienen que ver con la pen\u00ednsula y la situaci\u00f3n actual que sigue siendo preocupante porque hay una ausencia muy importante del Estado. Mientras tanto se trabaja con el plan de manejo que tiene otros tiempos. El reclamo generalizado es que Pen\u00ednsula sigue siendo visitada y recorrida por mucha gente y es necesario que el Estado est\u00e9 presente, sobre todo para cuidar el patrimonio. Temas que hasta el d\u00eda de hoy seguimos en la misma situaci\u00f3n\u201d, se\u00f1al\u00f3 Adolfo Imbert.<\/p>\n<p>&nbsp;<\/p>\n<p>Respecto a los recursos para la gesti\u00f3n, indic\u00f3: \u201cAhora se consiguieron los fondos para hacer el plan de manejo, es dinero del CFI y contrataron a una fundaci\u00f3n para organizar todo lo que tiene que ver con el plan y, a trav\u00e9s de esas comisiones, se van tratando distintos temas. Pasa que los tiempos son muy lentos. Hace tres a\u00f1os que la ley fue sancionada y el plazo era de tres a\u00f1os para que se tuviera el plan de manejo. Tal vez no de toda el \u00e1rea, pero s\u00ed de manera parcial por etapas. Pero es el tiempo que el propio Estado se tom\u00f3. A\u00fan estamos pr\u00f3ximos a cumplir los tres a\u00f1os y todav\u00eda estamos en proceso de armar el plan de manejo, que en definitiva va a normalizar y va a direccionar qu\u00e9 se pretende en esta \u00e1rea\u201d.<\/p>\n<p>&nbsp;<\/p>\n<p>Sobre la extensi\u00f3n del territorio protegido, explic\u00f3: \u201cMe refiero a la parte terrestre con la costa norte y sur y el v\u00e9rtice de la Isla Grande de Tierra del Fuego, que es la parte oriental. Es un territorio muy particular, por eso se ha trabajado tanto para que se proteja. Es un patrimonio natural muy significativo y est\u00e1 compuesto gran parte del territorio con turbales, que son un reservorio muy importante para la provincia y el pa\u00eds porque es un ecosistema muy particular. Tambi\u00e9n por el tipo de bosque que tiene la parte oriental de la isla, con costas que no en todos los lugares se puede embarcar y navegar. Es una zona muy especial. No es f\u00e1cil el territorio\u201d.<\/p>\n<p><a href=\"https:\/\/opinionpublica.com.ar\/index\/wp-content\/uploads\/2025\/11\/peninsula-2-820x360-1.jpg\"><img decoding=\"async\" class=\"alignnone size-full wp-image-11642\" src=\"https:\/\/opinionpublica.com.ar\/index\/wp-content\/uploads\/2025\/11\/peninsula-2-820x360-1.jpg\" alt=\"\" width=\"820\" height=\"360\" srcset=\"https:\/\/opinionpublica.com.ar\/index\/wp-content\/uploads\/2025\/11\/peninsula-2-820x360-1.jpg 820w, https:\/\/opinionpublica.com.ar\/index\/wp-content\/uploads\/2025\/11\/peninsula-2-820x360-1-300x132.jpg 300w, https:\/\/opinionpublica.com.ar\/index\/wp-content\/uploads\/2025\/11\/peninsula-2-820x360-1-768x337.jpg 768w\" sizes=\"(max-width: 820px) 100vw, 820px\" \/><\/a><\/p>\n<p>En cuanto a los accesos, Imbert detall\u00f3 que \u201cno hay caminos, el ingreso norte es por la ruta complementaria nacional letra A y, a partir de ah\u00ed, hay sendas, pero por lo general se accede por la costa, en baja marea, en caballo, cuatri, caminando o en bicicleta. Y la costa sur es m\u00e1s complicada porque la amplitud de marea es menor y es escarpada la marea, y la parte alta es de mucha turba\u201d.<\/p>\n<p>&nbsp;<\/p>\n<p>Respecto a la fauna local, coment\u00f3: \u201cNos encontramos con la fauna aut\u00f3ctona, zorros y guanacos. Depende de los lugares se pueden ver en cantidades y luego son aves costeras, colonias de lobos marinos, y los animales invasores como castores. Ten\u00e9s vacunos que se han asilvestrado en costa norte y costa sur, de origen de las estancias\u201d. Sobre la presencia de perros salvajes, agreg\u00f3 que \u201cse ha visto, pero no tanto como en otros lados m\u00e1s cercanos a los centros urbanos. Es un problema porque, como se ha visto con las ovejas, la gente que va a visitar la pen\u00ednsula se puede cruzar con las jaur\u00edas\u201d.<\/p>\n<p>&nbsp;<\/p>\n<p>Al referirse nuevamente al plan de manejo, sostuvo: \u201cEst\u00e1 en una etapa de caracterizaci\u00f3n del \u00e1rea, ya se ha hecho hace un tiempo y ahora se va a repetir. En la pr\u00e1ctica, las formas urgentes que se vienen reclamando hace mucho tiempo son que el Estado garantice el acceso p\u00fablico al \u00e1rea, que hoy no est\u00e1 garantizado, sobre todo en costa norte, ya que, una vez que se termina la ruta, hay que atravesar una propiedad privada por unos cinco o seis kil\u00f3metros y ese es uno de los impedimentos m\u00e1s importantes. No hay una metodolog\u00eda clara y simple\u201d.<\/p>\n<p><a href=\"https:\/\/opinionpublica.com.ar\/index\/wp-content\/uploads\/2025\/11\/peninsula-1-scaled-1.jpg\"><img decoding=\"async\" class=\"alignnone size-full wp-image-11643\" src=\"https:\/\/opinionpublica.com.ar\/index\/wp-content\/uploads\/2025\/11\/peninsula-1-scaled-1.jpg\" alt=\"\" width=\"800\" height=\"600\" srcset=\"https:\/\/opinionpublica.com.ar\/index\/wp-content\/uploads\/2025\/11\/peninsula-1-scaled-1.jpg 800w, https:\/\/opinionpublica.com.ar\/index\/wp-content\/uploads\/2025\/11\/peninsula-1-scaled-1-300x225.jpg 300w, https:\/\/opinionpublica.com.ar\/index\/wp-content\/uploads\/2025\/11\/peninsula-1-scaled-1-768x576.jpg 768w\" sizes=\"(max-width: 800px) 100vw, 800px\" \/><\/a><\/p>\n<p>Sobre las visitas, aclar\u00f3 que \u201cdepende la zona, costa sur o costa norte, existen lugares que est\u00e1n medianamente en buenas condiciones. Sin embargo, lo recomendable es tener una buena planificaci\u00f3n, estar bien equipados con carpas y con comunicaci\u00f3n. Nunca hay que ir solo. Hay toda una reglamentaci\u00f3n y deb\u00e9s tener un permiso para visitar la zona e informar los d\u00edas, entre otras cosas. Si no vas con una buena planificaci\u00f3n, puede ser riesgoso\u201d.<\/p>\n<p>&nbsp;<\/p>\n<p>Imbert destac\u00f3 tambi\u00e9n la experiencia acumulada: \u201cCumplimos 40 a\u00f1os en armar expediciones. Hay mucho inter\u00e9s, son grupos peque\u00f1os de gente especializada en lo ecuestre que buscan visitar lugares extremos en el mundo. Vivir la experiencia de no tener el lujo y el confort que hay en las ciudades. De noviembre a marzo tenemos organizado una visita por mes\u201d.<\/p>\n<p>&nbsp;<\/p>\n<p>Finalmente, precis\u00f3 los tiempos de recorrido y dijo que \u201cnuestra expedici\u00f3n es de 10 d\u00edas, con un promedio de 6 o 7 horas cada d\u00eda, saliendo por la costa norte hasta el extremo oriental, que ser\u00eda la Bah\u00eda Tetis y el Cabo San Diego, en donde se propone un trekking\u201d.<\/p>\n<p>&nbsp;<\/p>\n","protected":false},"excerpt":{"rendered":"<p>\u00abHay una ausencia muy importante del Estado en Pen\u00ednsula Mitre\u201d El presidente de la Asociaci\u00f3n Civil Pen\u00ednsula Mitre,<\/p>\n","protected":false},"author":5,"featured_media":11643,"comment_status":"open","ping_status":"open","sticky":false,"template":"","format":"standard","meta":{"footnotes":""},"categories":[2],"tags":[595],"class_list":["post-11641","post","type-post","status-publish","format-standard","has-post-thumbnail","hentry","category-tierra-del-fuego","tag-peninsula-mitre"],"featured_image_urls":{"full":["https:\/\/opinionpublica.com.ar\/index\/wp-content\/uploads\/2025\/11\/peninsula-1-scaled-1.jpg",800,600,false],"thumbnail":["https:\/\/opinionpublica.com.ar\/index\/wp-content\/uploads\/2025\/11\/peninsula-1-scaled-1-150x150.jpg",150,150,true],"medium":["https:\/\/opinionpublica.com.ar\/index\/wp-content\/uploads\/2025\/11\/peninsula-1-scaled-1-300x225.jpg",300,225,true],"medium_large":["https:\/\/opinionpublica.com.ar\/index\/wp-content\/uploads\/2025\/11\/peninsula-1-scaled-1-768x576.jpg",640,480,true],"large":["https:\/\/opinionpublica.com.ar\/index\/wp-content\/uploads\/2025\/11\/peninsula-1-scaled-1.jpg",640,480,false],"1536x1536":["https:\/\/opinionpublica.com.ar\/index\/wp-content\/uploads\/2025\/11\/peninsula-1-scaled-1.jpg",800,600,false],"2048x2048":["https:\/\/opinionpublica.com.ar\/index\/wp-content\/uploads\/2025\/11\/peninsula-1-scaled-1.jpg",800,600,false],"morenews-large":["https:\/\/opinionpublica.com.ar\/index\/wp-content\/uploads\/2025\/11\/peninsula-1-scaled-1-800x575.jpg",800,575,true],"morenews-medium":["https:\/\/opinionpublica.com.ar\/index\/wp-content\/uploads\/2025\/11\/peninsula-1-scaled-1-590x410.jpg",590,410,true]},"author_info":{"display_name":"Hal","author_link":"https:\/\/opinionpublica.com.ar\/index\/author\/hal\/"},"category_info":"<a href=\"https:\/\/opinionpublica.com.ar\/index\/category\/tierra-del-fuego\/\" rel=\"category tag\">Tierra del Fuego<\/a>","tag_info":"Tierra del Fuego","comment_count":"0","_links":{"self":[{"href":"https:\/\/opinionpublica.com.ar\/index\/wp-json\/wp\/v2\/posts\/11641","targetHints":{"allow":["GET"]}}],"collection":[{"href":"https:\/\/opinionpublica.com.ar\/index\/wp-json\/wp\/v2\/posts"}],"about":[{"href":"https:\/\/opinionpublica.com.ar\/index\/wp-json\/wp\/v2\/types\/post"}],"author":[{"embeddable":true,"href":"https:\/\/opinionpublica.com.ar\/index\/wp-json\/wp\/v2\/users\/5"}],"replies":[{"embeddable":true,"href":"https:\/\/opinionpublica.com.ar\/index\/wp-json\/wp\/v2\/comments?post=11641"}],"version-history":[{"count":1,"href":"https:\/\/opinionpublica.com.ar\/index\/wp-json\/wp\/v2\/posts\/11641\/revisions"}],"predecessor-version":[{"id":11645,"href":"https:\/\/opinionpublica.com.ar\/index\/wp-json\/wp\/v2\/posts\/11641\/revisions\/11645"}],"wp:featuredmedia":[{"embeddable":true,"href":"https:\/\/opinionpublica.com.ar\/index\/wp-json\/wp\/v2\/media\/11643"}],"wp:attachment":[{"href":"https:\/\/opinionpublica.com.ar\/index\/wp-json\/wp\/v2\/media?parent=11641"}],"wp:term":[{"taxonomy":"category","embeddable":true,"href":"https:\/\/opinionpublica.com.ar\/index\/wp-json\/wp\/v2\/categories?post=11641"},{"taxonomy":"post_tag","embeddable":true,"href":"https:\/\/opinionpublica.com.ar\/index\/wp-json\/wp\/v2\/tags?post=11641"}],"curies":[{"name":"wp","href":"https:\/\/api.w.org\/{rel}","templated":true}]}}