{"id":11650,"date":"2025-11-06T09:55:55","date_gmt":"2025-11-06T12:55:55","guid":{"rendered":"https:\/\/opinionpublica.com.ar\/index\/?p=11650"},"modified":"2025-11-06T09:55:55","modified_gmt":"2025-11-06T12:55:55","slug":"perro-asilvestrados-tambien-atacan-novillos","status":"publish","type":"post","link":"https:\/\/opinionpublica.com.ar\/index\/perro-asilvestrados-tambien-atacan-novillos\/","title":{"rendered":"Perro asilvestrados tambi\u00e9n atacan novillos"},"content":{"rendered":"<h3>Perro asilvestrados tambi\u00e9n atacan novillos<\/h3>\n<p>El investigador Adri\u00e1n Schiavini advirti\u00f3 que los perros asilvestrados ya se reproducen en libertad en Tierra del Fuego, sin contacto con humanos, y atacan tanto a ovinos como bovinos. Reclam\u00f3 estrategias coordinadas entre Estado y productores para evitar la p\u00e9rdida de producci\u00f3n ganadera y controlar el avance del problema. Tambi\u00e9n critic\u00f3 la paralizaci\u00f3n de un programa cient\u00edfico clave.<\/p>\n<p><a href=\"https:\/\/opinionpublica.com.ar\/index\/wp-content\/uploads\/2024\/04\/Adrian-Schiavini-1.jpg\"><img fetchpriority=\"high\" decoding=\"async\" class=\"alignnone size-full wp-image-2412\" src=\"https:\/\/opinionpublica.com.ar\/index\/wp-content\/uploads\/2024\/04\/Adrian-Schiavini-1.jpg\" alt=\"\" width=\"512\" height=\"512\" srcset=\"https:\/\/opinionpublica.com.ar\/index\/wp-content\/uploads\/2024\/04\/Adrian-Schiavini-1.jpg 512w, https:\/\/opinionpublica.com.ar\/index\/wp-content\/uploads\/2024\/04\/Adrian-Schiavini-1-300x300.jpg 300w, https:\/\/opinionpublica.com.ar\/index\/wp-content\/uploads\/2024\/04\/Adrian-Schiavini-1-150x150.jpg 150w\" sizes=\"(max-width: 512px) 100vw, 512px\" \/><\/a><\/p>\n<p>El doctor en biolog\u00eda Adri\u00e1n Schiavini asegur\u00f3 que el fen\u00f3meno de los perros asilvestrados en Tierra del Fuego ha ingresado en una nueva etapa. Seg\u00fan explic\u00f3, ya no se trata \u00fanicamente de animales dom\u00e9sticos abandonados que migran a zonas rurales, sino de canes nacidos directamente en silvestr\u00eda, sin contacto con humanos. \u201cLa poblaci\u00f3n se volvi\u00f3 autosustentable. En todos los establecimientos del ecotono se ven madrigueras y cachorros\u201d, afirm\u00f3.<\/p>\n<p>&nbsp;<\/p>\n<p>Indic\u00f3 que estos animales no reconocen al ser humano ni lo asocian con amenaza o alimento. \u201cSon perros dom\u00e9sticos de vida libre. No pasaron por un proceso de socializaci\u00f3n y eso implica nuevos riesgos\u201d, explic\u00f3. Advirti\u00f3 que una situaci\u00f3n especialmente peligrosa puede darse si una persona se cruza con una madriguera. \u201cLa madre va a defender a sus cr\u00edas, sin distinguir si se trata de un humano\u201d, sostuvo.<\/p>\n<p>&nbsp;<\/p>\n<p>En paralelo, los ataques a la ganader\u00eda han aumentado y se ampl\u00edan a nuevos blancos. \u201cLos perros ya est\u00e1n atacando novillos. No lo hacen para alimentarse, sino por el est\u00edmulo de perseguir lo que corre\u201d, indic\u00f3. Detall\u00f3 que muchos animales mueren empantanados o desangrados por heridas. \u201cEl paso de ovejas a vacas como alternativa de producci\u00f3n dej\u00f3 de ser una soluci\u00f3n. Las vacas tambi\u00e9n est\u00e1n siendo atacadas\u201d, se\u00f1al\u00f3.<\/p>\n<p>&nbsp;<\/p>\n<p>En ese marco, destac\u00f3 el uso de perros protectores de ganado como la herramienta m\u00e1s efectiva para prevenir ataques, aunque reconoci\u00f3 que su implementaci\u00f3n requiere coordinaci\u00f3n. \u201cNo es una herramienta plug and play. Si no se alimenta bien al perro o si hay movimiento de hacienda en campos vecinos, el perro se va a cuidar animales en otro predio. Se necesita manejo conjunto\u201d, explic\u00f3.<\/p>\n<p>&nbsp;<\/p>\n<p>Tambi\u00e9n consider\u00f3 que la eliminaci\u00f3n directa de perros silvestres es una medida que ya aplican algunos productores como estrategia de urgencia. \u201cNo hay protectores de vacas todav\u00eda. Hay que desarrollarlos. Mientras tanto, reducir la poblaci\u00f3n de perros es la \u00fanica herramienta disponible para muchos\u201d, afirm\u00f3. Advirti\u00f3 que las tierras fiscales y \u00e1reas protegidas podr\u00edan convertirse en fuentes de perros si no se act\u00faa de forma integral.<\/p>\n<p>&nbsp;<\/p>\n<p>Schiavini alert\u00f3 que la poblaci\u00f3n de perros asilvestrados se multiplic\u00f3 por diez en los \u00faltimos ocho a\u00f1os. \u201cNo son animales desnutridos. Est\u00e1n bien alimentados. Consiguen comida cazando ganado o fauna silvestre\u201d, se\u00f1al\u00f3. Frente a esta realidad, consider\u00f3 indispensable una estrategia sin l\u00edmites geogr\u00e1ficos: \u201cEl paisaje debe manejarse como un todo, sin importar si es tierra privada o p\u00fablica\u201d.<\/p>\n<p>&nbsp;<\/p>\n<p>Finalmente, cuestion\u00f3 el congelamiento de un proyecto cient\u00edfico iniciado en 2022 para evaluar la efectividad de los perros protectores de ganado entre productores vecinos. \u201cFuncionaba bien y demostraba que, con manejo coordinado, la producci\u00f3n ovina pod\u00eda mejorar. Pero desde diciembre de 2023 no recibimos respuesta del Estado nacional. No sabemos si se cancel\u00f3, si se congela o si sigue. Nadie contesta\u201d, denunci\u00f3.<\/p>\n<p>&nbsp;<\/p>\n<p>&nbsp;<\/p>\n","protected":false},"excerpt":{"rendered":"<p>Perro asilvestrados tambi\u00e9n atacan novillos El investigador Adri\u00e1n Schiavini advirti\u00f3 que los perros asilvestrados ya se reproducen en<\/p>\n","protected":false},"author":5,"featured_media":2412,"comment_status":"open","ping_status":"open","sticky":false,"template":"","format":"standard","meta":{"footnotes":""},"categories":[2],"tags":[3982,1069,151],"class_list":["post-11650","post","type-post","status-publish","format-standard","has-post-thumbnail","hentry","category-tierra-del-fuego","tag-fauna","tag-perros-asilvestrados","tag-produccion"],"featured_image_urls":{"full":["https:\/\/opinionpublica.com.ar\/index\/wp-content\/uploads\/2024\/04\/Adrian-Schiavini-1.jpg",512,512,false],"thumbnail":["https:\/\/opinionpublica.com.ar\/index\/wp-content\/uploads\/2024\/04\/Adrian-Schiavini-1-150x150.jpg",150,150,true],"medium":["https:\/\/opinionpublica.com.ar\/index\/wp-content\/uploads\/2024\/04\/Adrian-Schiavini-1-300x300.jpg",300,300,true],"medium_large":["https:\/\/opinionpublica.com.ar\/index\/wp-content\/uploads\/2024\/04\/Adrian-Schiavini-1.jpg",512,512,false],"large":["https:\/\/opinionpublica.com.ar\/index\/wp-content\/uploads\/2024\/04\/Adrian-Schiavini-1.jpg",512,512,false],"1536x1536":["https:\/\/opinionpublica.com.ar\/index\/wp-content\/uploads\/2024\/04\/Adrian-Schiavini-1.jpg",512,512,false],"2048x2048":["https:\/\/opinionpublica.com.ar\/index\/wp-content\/uploads\/2024\/04\/Adrian-Schiavini-1.jpg",512,512,false],"morenews-large":["https:\/\/opinionpublica.com.ar\/index\/wp-content\/uploads\/2024\/04\/Adrian-Schiavini-1.jpg",512,512,false],"morenews-medium":["https:\/\/opinionpublica.com.ar\/index\/wp-content\/uploads\/2024\/04\/Adrian-Schiavini-1-512x410.jpg",512,410,true]},"author_info":{"display_name":"Hal","author_link":"https:\/\/opinionpublica.com.ar\/index\/author\/hal\/"},"category_info":"<a href=\"https:\/\/opinionpublica.com.ar\/index\/category\/tierra-del-fuego\/\" rel=\"category tag\">Tierra del Fuego<\/a>","tag_info":"Tierra del Fuego","comment_count":"0","_links":{"self":[{"href":"https:\/\/opinionpublica.com.ar\/index\/wp-json\/wp\/v2\/posts\/11650","targetHints":{"allow":["GET"]}}],"collection":[{"href":"https:\/\/opinionpublica.com.ar\/index\/wp-json\/wp\/v2\/posts"}],"about":[{"href":"https:\/\/opinionpublica.com.ar\/index\/wp-json\/wp\/v2\/types\/post"}],"author":[{"embeddable":true,"href":"https:\/\/opinionpublica.com.ar\/index\/wp-json\/wp\/v2\/users\/5"}],"replies":[{"embeddable":true,"href":"https:\/\/opinionpublica.com.ar\/index\/wp-json\/wp\/v2\/comments?post=11650"}],"version-history":[{"count":1,"href":"https:\/\/opinionpublica.com.ar\/index\/wp-json\/wp\/v2\/posts\/11650\/revisions"}],"predecessor-version":[{"id":11651,"href":"https:\/\/opinionpublica.com.ar\/index\/wp-json\/wp\/v2\/posts\/11650\/revisions\/11651"}],"wp:featuredmedia":[{"embeddable":true,"href":"https:\/\/opinionpublica.com.ar\/index\/wp-json\/wp\/v2\/media\/2412"}],"wp:attachment":[{"href":"https:\/\/opinionpublica.com.ar\/index\/wp-json\/wp\/v2\/media?parent=11650"}],"wp:term":[{"taxonomy":"category","embeddable":true,"href":"https:\/\/opinionpublica.com.ar\/index\/wp-json\/wp\/v2\/categories?post=11650"},{"taxonomy":"post_tag","embeddable":true,"href":"https:\/\/opinionpublica.com.ar\/index\/wp-json\/wp\/v2\/tags?post=11650"}],"curies":[{"name":"wp","href":"https:\/\/api.w.org\/{rel}","templated":true}]}}