{"id":1166,"date":"2024-03-26T13:01:39","date_gmt":"2024-03-26T16:01:39","guid":{"rendered":"https:\/\/opinionpublica.com.ar\/index\/?p=1166"},"modified":"2024-03-26T13:01:39","modified_gmt":"2024-03-26T16:01:39","slug":"ayer-la-legislatura-rechazo-de-plano-la-posibilidad-de-dejar-sin-efecto-la-reforma-constitucional","status":"publish","type":"post","link":"https:\/\/opinionpublica.com.ar\/index\/ayer-la-legislatura-rechazo-de-plano-la-posibilidad-de-dejar-sin-efecto-la-reforma-constitucional\/","title":{"rendered":"Ayer la Legislatura rechaz\u00f3 de plano la posibilidad de dejar sin efecto la reforma constitucional"},"content":{"rendered":"<p class=\"wp-block-heading\">Ayer la Legislatura rechaz\u00f3 de plano la posibilidad de dejar sin efecto la reforma constitucional dispuesta por ley para este a\u00f1o, al votar negativamente una iniciativa del bloque integrado por Jorge Lechman, Ra\u00fal Von Der Thusen y Gisela Dos Santos que propon\u00eda abrogar en todos sus t\u00e9rminos la Ley Provincial 1529.<\/p>\n<p><a href=\"https:\/\/opinionpublica.com.ar\/index\/wp-content\/uploads\/2024\/03\/Jorge-Lechman-1.jpg\"><img fetchpriority=\"high\" decoding=\"async\" class=\"alignnone  wp-image-1167\" src=\"https:\/\/opinionpublica.com.ar\/index\/wp-content\/uploads\/2024\/03\/Jorge-Lechman-1-300x162.jpg\" alt=\"\" width=\"457\" height=\"247\" srcset=\"https:\/\/opinionpublica.com.ar\/index\/wp-content\/uploads\/2024\/03\/Jorge-Lechman-1-300x162.jpg 300w, https:\/\/opinionpublica.com.ar\/index\/wp-content\/uploads\/2024\/03\/Jorge-Lechman-1.jpg 306w\" sizes=\"(max-width: 457px) 100vw, 457px\" \/><\/a><\/p>\n<p>En sus considerandos, el proyecto de Somos Fueguinos indicaba que la reforma constitucional propuesta por el Ejecutivo y establecida por Ley 1529, \u201cfue\u00a0 sancionada en la \u00faltima sesi\u00f3n ordinaria del periodo legislativo del a\u00f1o 2023 y provoc\u00f3 la cr\u00edtica de distintos sectores sociales y pol\u00edticos, dado que fue tratada sobre tablas, sin dictamen de comisi\u00f3n, sin an\u00e1lisis ni discusi\u00f3n previa y de manera inconsulta\u201d<\/p>\n<p class=\"wp-block-image\">\n<p>\u201cPara que la Constituci\u00f3n perdure en el tiempo su modificaci\u00f3n debe darse en el marco de un amplio debate y el mayor de los consensos para as\u00ed lograr que la voluntad de todos est\u00e9 representada\u201d, opinaron los impulsores del proyecto.<\/p>\n<p>Por otra parte, los legisladores de Somos Fueguinos sostuvieron que \u201cel marco normativo que pretendemos abrogar es ni m\u00e1s ni menos la reforma parcial de la Constituci\u00f3n de nuestra provincia en un momento donde el contexto socio econ\u00f3mico de nuestro pa\u00eds y de la provincia es sumamente cr\u00edtico como para encarar una convocatoria a elecciones, creando necesariamente una partida presupuestaria especial para la conformaci\u00f3n de la convenci\u00f3n constituyente como establece la ley\u201d.<\/p>\n<p>\u201cVivimos una severa crisis econ\u00f3mica nacional y provincial que se agudiza a diario y repercute en forma directa sobre nuestros ciudadanos que sufren cada d\u00eda para tratar de llegar con sus ingresos a fin de mes. Una reforma en este contexto econ\u00f3mico y social no va a mejorar la vida de los fueguinos\u201d.<\/p>\n<p>\u201cLos actuales no son tiempos de gastar los recursos de todos los fueguinos en cuestiones que no resultan prioritarias ni de inmediata necesidad para la provincia\u201d, opinaron.<\/p>\n<p>Por \u00faltimo, afirmaron que \u201cla reforma constitucional es inoportuna e innecesaria y por ello no podemos convocar a un nuevo proceso eleccionario en un momento en que la ciudadan\u00eda la est\u00e1 pasando mal\u201d.<\/p>\n<p>A pesar de ello, la\u00a0iniciativa no prosper\u00f3 dado que no cont\u00f3 con los votos requeridos.<\/p>\n","protected":false},"excerpt":{"rendered":"<p>Ayer la Legislatura rechaz\u00f3 de plano la posibilidad de dejar sin efecto la reforma constitucional dispuesta por ley<\/p>\n","protected":false},"author":8,"featured_media":1167,"comment_status":"open","ping_status":"open","sticky":false,"template":"","format":"standard","meta":{"footnotes":""},"categories":[2],"tags":[328,331,5],"class_list":["post-1166","post","type-post","status-publish","format-standard","has-post-thumbnail","hentry","category-tierra-del-fuego","tag-jorge-lechman","tag-reforma","tag-tierra-del-fuego"],"featured_image_urls":{"full":["https:\/\/opinionpublica.com.ar\/index\/wp-content\/uploads\/2024\/03\/Jorge-Lechman-1.jpg",306,165,false],"thumbnail":["https:\/\/opinionpublica.com.ar\/index\/wp-content\/uploads\/2024\/03\/Jorge-Lechman-1-150x150.jpg",150,150,true],"medium":["https:\/\/opinionpublica.com.ar\/index\/wp-content\/uploads\/2024\/03\/Jorge-Lechman-1-300x162.jpg",300,162,true],"medium_large":["https:\/\/opinionpublica.com.ar\/index\/wp-content\/uploads\/2024\/03\/Jorge-Lechman-1.jpg",306,165,false],"large":["https:\/\/opinionpublica.com.ar\/index\/wp-content\/uploads\/2024\/03\/Jorge-Lechman-1.jpg",306,165,false],"1536x1536":["https:\/\/opinionpublica.com.ar\/index\/wp-content\/uploads\/2024\/03\/Jorge-Lechman-1.jpg",306,165,false],"2048x2048":["https:\/\/opinionpublica.com.ar\/index\/wp-content\/uploads\/2024\/03\/Jorge-Lechman-1.jpg",306,165,false],"morenews-large":["https:\/\/opinionpublica.com.ar\/index\/wp-content\/uploads\/2024\/03\/Jorge-Lechman-1.jpg",306,165,false],"morenews-medium":["https:\/\/opinionpublica.com.ar\/index\/wp-content\/uploads\/2024\/03\/Jorge-Lechman-1.jpg",306,165,false]},"author_info":{"display_name":"RKing","author_link":"https:\/\/opinionpublica.com.ar\/index\/author\/rking\/"},"category_info":"<a href=\"https:\/\/opinionpublica.com.ar\/index\/category\/tierra-del-fuego\/\" rel=\"category tag\">Tierra del Fuego<\/a>","tag_info":"Tierra del Fuego","comment_count":"0","_links":{"self":[{"href":"https:\/\/opinionpublica.com.ar\/index\/wp-json\/wp\/v2\/posts\/1166","targetHints":{"allow":["GET"]}}],"collection":[{"href":"https:\/\/opinionpublica.com.ar\/index\/wp-json\/wp\/v2\/posts"}],"about":[{"href":"https:\/\/opinionpublica.com.ar\/index\/wp-json\/wp\/v2\/types\/post"}],"author":[{"embeddable":true,"href":"https:\/\/opinionpublica.com.ar\/index\/wp-json\/wp\/v2\/users\/8"}],"replies":[{"embeddable":true,"href":"https:\/\/opinionpublica.com.ar\/index\/wp-json\/wp\/v2\/comments?post=1166"}],"version-history":[{"count":1,"href":"https:\/\/opinionpublica.com.ar\/index\/wp-json\/wp\/v2\/posts\/1166\/revisions"}],"predecessor-version":[{"id":1168,"href":"https:\/\/opinionpublica.com.ar\/index\/wp-json\/wp\/v2\/posts\/1166\/revisions\/1168"}],"wp:featuredmedia":[{"embeddable":true,"href":"https:\/\/opinionpublica.com.ar\/index\/wp-json\/wp\/v2\/media\/1167"}],"wp:attachment":[{"href":"https:\/\/opinionpublica.com.ar\/index\/wp-json\/wp\/v2\/media?parent=1166"}],"wp:term":[{"taxonomy":"category","embeddable":true,"href":"https:\/\/opinionpublica.com.ar\/index\/wp-json\/wp\/v2\/categories?post=1166"},{"taxonomy":"post_tag","embeddable":true,"href":"https:\/\/opinionpublica.com.ar\/index\/wp-json\/wp\/v2\/tags?post=1166"}],"curies":[{"name":"wp","href":"https:\/\/api.w.org\/{rel}","templated":true}]}}