{"id":11672,"date":"2025-11-10T09:49:50","date_gmt":"2025-11-10T12:49:50","guid":{"rendered":"https:\/\/opinionpublica.com.ar\/index\/?p=11672"},"modified":"2025-11-10T09:49:50","modified_gmt":"2025-11-10T12:49:50","slug":"solo-3-de-cada-10-fueguinos-acompano-la-gestion-y-no-hubo-reaccion-frente-a-ese-resultado","status":"publish","type":"post","link":"https:\/\/opinionpublica.com.ar\/index\/solo-3-de-cada-10-fueguinos-acompano-la-gestion-y-no-hubo-reaccion-frente-a-ese-resultado\/","title":{"rendered":"\u201cSolo 3 de cada 10 fueguinos acompa\u00f1\u00f3 la gesti\u00f3n, y no hubo reacci\u00f3n frente a ese resultado\u201d"},"content":{"rendered":"<h3>\u201cSolo 3 de cada 10 fueguinos acompa\u00f1\u00f3 la gesti\u00f3n, y no hubo reacci\u00f3n frente a ese resultado\u201d<\/h3>\n<p><a href=\"https:\/\/opinionpublica.com.ar\/index\/wp-content\/uploads\/2025\/06\/20230511114858_melella_perez_vuoto.jpg\"><img fetchpriority=\"high\" decoding=\"async\" class=\"alignnone size-full wp-image-9964\" src=\"https:\/\/opinionpublica.com.ar\/index\/wp-content\/uploads\/2025\/06\/20230511114858_melella_perez_vuoto.jpg\" alt=\"\" width=\"880\" height=\"586\" srcset=\"https:\/\/opinionpublica.com.ar\/index\/wp-content\/uploads\/2025\/06\/20230511114858_melella_perez_vuoto.jpg 880w, https:\/\/opinionpublica.com.ar\/index\/wp-content\/uploads\/2025\/06\/20230511114858_melella_perez_vuoto-300x200.jpg 300w, https:\/\/opinionpublica.com.ar\/index\/wp-content\/uploads\/2025\/06\/20230511114858_melella_perez_vuoto-768x511.jpg 768w\" sizes=\"(max-width: 880px) 100vw, 880px\" \/><\/a><\/p>\n<p>Para Luis Castelli, director de la consultora Vox Populi, el Gobierno provincial no solo perdi\u00f3 representatividad tras el resultado electoral, sino que adopt\u00f3 una postura que \u201cpuede costarle caro a Tierra del Fuego\u201d. Dijo que el aislamiento en las negociaciones nacionales y la falta de reacci\u00f3n pol\u00edtica \u201cimpactan en la vida cotidiana de todos los fueguinos\u201d.<\/p>\n<p>&nbsp;<\/p>\n<p><strong>EL RESULTADO Y LA REACCI\u00d3N<\/strong><\/p>\n<p>En di\u00e1logo con Tiempo Fueguino, el consultor y polit\u00f3logo Luis Castelli afirm\u00f3 que los resultados de las elecciones \u201cno sorprendieron\u201d, aunque s\u00ed dejaron al descubierto una falta de lectura y reacci\u00f3n por parte de los gobiernos locales.<\/p>\n<p>&nbsp;<\/p>\n<p>\u201cLos resultados en principio no sorprendieron, hab\u00eda una tendencia desde el mes de abril. Pero da la sensaci\u00f3n de que pas\u00f3 la elecci\u00f3n, fue un sacud\u00f3n, hubo pases de factura, pero a nivel de pol\u00edticas p\u00fablicas no hubo reacci\u00f3n\u201d, se\u00f1al\u00f3.<\/p>\n<p>&nbsp;<\/p>\n<p>Castelli record\u00f3 que \u201cpor lo general, despu\u00e9s de resultados adversos hay cambios\u201d, pero destac\u00f3 que \u201caqu\u00ed no pas\u00f3\u201d. \u201cLos cuatro ejecutivos perdieron y sin embargo no se observa una reacci\u00f3n\u201d, afirm\u00f3.<\/p>\n<p>&nbsp;<\/p>\n<p>Para el director de Vox Populi, la respuesta institucional ha sido d\u00e9bil: \u201cLa reacci\u00f3n suena negativa. El Gobierno se est\u00e1 quedando afuera de reuniones importantes, de negociaciones que definen el futuro de la Argentina. Cuestionan que no los invitan, pero hay que dar se\u00f1ales para ser parte de la discusi\u00f3n\u201d.<\/p>\n<p>&nbsp;<\/p>\n<p>El analista remarc\u00f3 que \u201ca la gran mayor\u00eda de la poblaci\u00f3n no le interesan las discusiones ideol\u00f3gicas, sino c\u00f3mo se traducen las medidas y negociaciones en bienestar general\u201d.<\/p>\n<p>&nbsp;<\/p>\n<p>\u201cNo da la sensaci\u00f3n de que haya una reacci\u00f3n frente a un cachetazo. Solo 3 de cada 10 fueguinos acompa\u00f1\u00f3 la gesti\u00f3n. Hay cierta pasividad, agravada por la insistencia en cuestiones que a la poblaci\u00f3n no le interesan para nada\u201d.<\/p>\n<p>&nbsp;<\/p>\n<p><strong>REPRESENTATIVIDAD Y AISLAMIENTO POL\u00cdTICO<\/strong><\/p>\n<p>Castelli advirti\u00f3 que el resultado electoral debilit\u00f3 la posici\u00f3n institucional de la provincia: \u201cEl fracaso electoral del gobierno ha hecho que pierda representatividad en los organismos legislativos nacionales, y eso lo vuelve menos necesario. El gobierno deber\u00eda pensar en el bienestar de Tierra del Fuego\u201d.<\/p>\n<p>&nbsp;<\/p>\n<p>El analista tambi\u00e9n cuestion\u00f3 la postura de confrontaci\u00f3n con el gobierno nacional: \u201cSi realmente te importara pelear por los intereses de Tierra del Fuego, aunque no te inviten, busc\u00e1s estar ah\u00ed. No asistieron a ninguna convocatoria, destrataron al presidente cada vez que vino, y eso nos pone \u2014a todos los que vivimos en la provincia\u2014 en una situaci\u00f3n dif\u00edcil\u201d.<\/p>\n<p>&nbsp;<\/p>\n<p>Finalmente, alert\u00f3 sobre los posibles efectos concretos de esa actitud: \u201cCualquier recurso importante que afecte a Tierra del Fuego va a tener una pata de la Naci\u00f3n que intervenga \u2014sea industria, hidrocarburos u otro sector\u2014. Una postura tan infantil nos puede perjudicar, y mucho\u201d.<\/p>\n<p>&nbsp;<\/p>\n<p><strong>LA ENCUESTA POST VOTACI\u00d3N<\/strong><\/p>\n<p>Desde Vox Populi se encuentran realizando una nueva encuesta para analizar el comportamiento electoral de los fueguinos. \u201cLos resultados ya se dieron. Ahora buscamos entender cu\u00e1les fueron los motivos por los cuales la gente vot\u00f3 como vot\u00f3\u201d, explic\u00f3 Castelli.<\/p>\n<p>&nbsp;<\/p>\n<p>Seg\u00fan adelant\u00f3, el trabajo parte de dos hip\u00f3tesis: una sobre quienes acompa\u00f1aron al gobierno y otra sobre quienes optaron por espacios opositores. \u201cLuego hicimos foco en el sentimiento que aflor\u00f3 en el resultado\u201d, adelant\u00f3.<\/p>\n<p>&nbsp;<\/p>\n<p>Los resultados finales se conocer\u00e1n a mediados de la semana que viene y ser\u00e1n difundidos p\u00fablicamente.<\/p>\n<p>&nbsp;<\/p>\n","protected":false},"excerpt":{"rendered":"<p>\u201cSolo 3 de cada 10 fueguinos acompa\u00f1\u00f3 la gesti\u00f3n, y no hubo reacci\u00f3n frente a ese resultado\u201d Para<\/p>\n","protected":false},"author":5,"featured_media":9964,"comment_status":"open","ping_status":"open","sticky":false,"template":"","format":"standard","meta":{"footnotes":""},"categories":[27,2],"tags":[],"class_list":["post-11672","post","type-post","status-publish","format-standard","has-post-thumbnail","hentry","category-politica","category-tierra-del-fuego"],"featured_image_urls":{"full":["https:\/\/opinionpublica.com.ar\/index\/wp-content\/uploads\/2025\/06\/20230511114858_melella_perez_vuoto.jpg",880,586,false],"thumbnail":["https:\/\/opinionpublica.com.ar\/index\/wp-content\/uploads\/2025\/06\/20230511114858_melella_perez_vuoto-150x150.jpg",150,150,true],"medium":["https:\/\/opinionpublica.com.ar\/index\/wp-content\/uploads\/2025\/06\/20230511114858_melella_perez_vuoto-300x200.jpg",300,200,true],"medium_large":["https:\/\/opinionpublica.com.ar\/index\/wp-content\/uploads\/2025\/06\/20230511114858_melella_perez_vuoto-768x511.jpg",640,426,true],"large":["https:\/\/opinionpublica.com.ar\/index\/wp-content\/uploads\/2025\/06\/20230511114858_melella_perez_vuoto.jpg",640,426,false],"1536x1536":["https:\/\/opinionpublica.com.ar\/index\/wp-content\/uploads\/2025\/06\/20230511114858_melella_perez_vuoto.jpg",880,586,false],"2048x2048":["https:\/\/opinionpublica.com.ar\/index\/wp-content\/uploads\/2025\/06\/20230511114858_melella_perez_vuoto.jpg",880,586,false],"morenews-large":["https:\/\/opinionpublica.com.ar\/index\/wp-content\/uploads\/2025\/06\/20230511114858_melella_perez_vuoto-825x575.jpg",825,575,true],"morenews-medium":["https:\/\/opinionpublica.com.ar\/index\/wp-content\/uploads\/2025\/06\/20230511114858_melella_perez_vuoto-590x410.jpg",590,410,true]},"author_info":{"display_name":"Hal","author_link":"https:\/\/opinionpublica.com.ar\/index\/author\/hal\/"},"category_info":"<a href=\"https:\/\/opinionpublica.com.ar\/index\/category\/politica\/\" rel=\"category tag\">Politica<\/a> <a href=\"https:\/\/opinionpublica.com.ar\/index\/category\/tierra-del-fuego\/\" rel=\"category tag\">Tierra del Fuego<\/a>","tag_info":"Tierra del Fuego","comment_count":"0","_links":{"self":[{"href":"https:\/\/opinionpublica.com.ar\/index\/wp-json\/wp\/v2\/posts\/11672","targetHints":{"allow":["GET"]}}],"collection":[{"href":"https:\/\/opinionpublica.com.ar\/index\/wp-json\/wp\/v2\/posts"}],"about":[{"href":"https:\/\/opinionpublica.com.ar\/index\/wp-json\/wp\/v2\/types\/post"}],"author":[{"embeddable":true,"href":"https:\/\/opinionpublica.com.ar\/index\/wp-json\/wp\/v2\/users\/5"}],"replies":[{"embeddable":true,"href":"https:\/\/opinionpublica.com.ar\/index\/wp-json\/wp\/v2\/comments?post=11672"}],"version-history":[{"count":1,"href":"https:\/\/opinionpublica.com.ar\/index\/wp-json\/wp\/v2\/posts\/11672\/revisions"}],"predecessor-version":[{"id":11673,"href":"https:\/\/opinionpublica.com.ar\/index\/wp-json\/wp\/v2\/posts\/11672\/revisions\/11673"}],"wp:featuredmedia":[{"embeddable":true,"href":"https:\/\/opinionpublica.com.ar\/index\/wp-json\/wp\/v2\/media\/9964"}],"wp:attachment":[{"href":"https:\/\/opinionpublica.com.ar\/index\/wp-json\/wp\/v2\/media?parent=11672"}],"wp:term":[{"taxonomy":"category","embeddable":true,"href":"https:\/\/opinionpublica.com.ar\/index\/wp-json\/wp\/v2\/categories?post=11672"},{"taxonomy":"post_tag","embeddable":true,"href":"https:\/\/opinionpublica.com.ar\/index\/wp-json\/wp\/v2\/tags?post=11672"}],"curies":[{"name":"wp","href":"https:\/\/api.w.org\/{rel}","templated":true}]}}