{"id":11746,"date":"2025-11-18T08:06:32","date_gmt":"2025-11-18T11:06:32","guid":{"rendered":"https:\/\/opinionpublica.com.ar\/index\/?p=11746"},"modified":"2025-11-18T08:06:32","modified_gmt":"2025-11-18T11:06:32","slug":"el-ejecutivo-presento-proyecto-de-regularizacion-de-deudas-tributarias","status":"publish","type":"post","link":"https:\/\/opinionpublica.com.ar\/index\/el-ejecutivo-presento-proyecto-de-regularizacion-de-deudas-tributarias\/","title":{"rendered":"El Ejecutivo present\u00f3 proyecto de regularizaci\u00f3n de deudas tributarias"},"content":{"rendered":"<h3>El Ejecutivo present\u00f3 proyecto de regularizaci\u00f3n de deudas tributarias<\/h3>\n<p><a href=\"https:\/\/opinionpublica.com.ar\/index\/wp-content\/uploads\/2025\/01\/Casa-de-Gobierno-Ushuaia.jpeg\"><img fetchpriority=\"high\" decoding=\"async\" class=\"alignnone size-full wp-image-8422\" src=\"https:\/\/opinionpublica.com.ar\/index\/wp-content\/uploads\/2025\/01\/Casa-de-Gobierno-Ushuaia.jpeg\" alt=\"\" width=\"1600\" height=\"1066\" srcset=\"https:\/\/opinionpublica.com.ar\/index\/wp-content\/uploads\/2025\/01\/Casa-de-Gobierno-Ushuaia.jpeg 1600w, https:\/\/opinionpublica.com.ar\/index\/wp-content\/uploads\/2025\/01\/Casa-de-Gobierno-Ushuaia-300x200.jpeg 300w, https:\/\/opinionpublica.com.ar\/index\/wp-content\/uploads\/2025\/01\/Casa-de-Gobierno-Ushuaia-1024x682.jpeg 1024w, https:\/\/opinionpublica.com.ar\/index\/wp-content\/uploads\/2025\/01\/Casa-de-Gobierno-Ushuaia-768x512.jpeg 768w, https:\/\/opinionpublica.com.ar\/index\/wp-content\/uploads\/2025\/01\/Casa-de-Gobierno-Ushuaia-1536x1023.jpeg 1536w\" sizes=\"(max-width: 1600px) 100vw, 1600px\" \/><\/a><\/p>\n<p>La iniciativa propone un programa de presentaci\u00f3n espont\u00e1nea y regularizaci\u00f3n de deudas fiscales vencidas al 31 de agosto de 2025. Incluye beneficios, remisi\u00f3n de intereses y planes de pago diferenciados para peque\u00f1os y grandes contribuyentes.<\/p>\n<p>&nbsp;<\/p>\n<p>El Poder Ejecutivo envi\u00f3 a la Legislatura un proyecto de ley para crear un R\u00e9gimen Especial de Presentaci\u00f3n Espont\u00e1nea y Regularizaci\u00f3n de Deudas dirigido a contribuyentes con obligaciones fiscales impagas. La propuesta ingres\u00f3 48 horas despu\u00e9s de que el bloque La Libertad Avanza presentara una iniciativa similar, y abarca todos los tributos incluidos en el C\u00f3digo Fiscal Unificado, la Ley Tarifaria y las normas especiales bajo competencia de la Agencia de Recaudaci\u00f3n Fueguina (AREF). El r\u00e9gimen alcanza deudas vencidas al 31 de agosto de 2025.<\/p>\n<p>&nbsp;<\/p>\n<p>Seg\u00fan el texto, podr\u00e1n adherir contribuyentes con deudas declaradas o en discusi\u00f3n administrativa o judicial, siempre que se allanen de manera incondicional y renuncien a cualquier acci\u00f3n respecto de los montos adeudados. En caso de existir procesos judiciales, deber\u00e1n asumir las costas y gastos caus\u00eddicos. El plazo de adhesi\u00f3n ser\u00e1 de sesenta d\u00edas desde la publicaci\u00f3n de la norma.<\/p>\n<p>&nbsp;<\/p>\n<p>El proyecto excluye del r\u00e9gimen las deudas con denuncia penal previa, retenciones o percepciones no ingresadas, multas por defraudaci\u00f3n y multas por mora cuando el impuesto ya fue pagado.<\/p>\n<p>&nbsp;<\/p>\n<p>Entre los beneficios se encuentran la remisi\u00f3n de intereses resarcitorios, moratorios y punitorios, seg\u00fan escalas que difieren entre peque\u00f1os y grandes contribuyentes. Para los primeros \u2014con base imponible anual de hasta 2.000 millones de pesos\u2014 la remisi\u00f3n ser\u00e1 del 100% en un pago; del 60% entre 2 y 12 cuotas; del 40% entre 13 y 24; del 30% entre 25 y 48; y del 20% hasta 60 cuotas. Para los grandes contribuyentes, la remisi\u00f3n ser\u00e1 del 50% en un pago; del 30% en 2 a 12 cuotas; del 20% entre 13 y 24; y del 10% hasta 36 cuotas. Adem\u00e1s, se condonan multas autom\u00e1ticas, cargos por notificaci\u00f3n y la multa por omisi\u00f3n.<\/p>\n<p>&nbsp;<\/p>\n<p>Los planes de pago consolidar\u00e1n la deuda a la fecha del primer vencimiento y las cuotas ser\u00e1n mensuales e iguales. Se fija un inter\u00e9s de financiaci\u00f3n m\u00e1ximo del 2,50% mensual y una cuota m\u00ednima de 20.000 pesos. El r\u00e9gimen prev\u00e9 hasta 60 cuotas para peque\u00f1os contribuyentes y 36 para grandes. No se exigir\u00e1n garant\u00edas, aunque AREF podr\u00e1 requerirlas seg\u00fan magnitud de la deuda o antecedentes del contribuyente.<\/p>\n<p>&nbsp;<\/p>\n<p>El proyecto permite reformular planes vigentes aplicando los beneficios del nuevo esquema al saldo remanente. La caducidad del plan se aplicar\u00e1 con tres cuotas impagas o 60 d\u00edas de mora en la \u00faltima cuota, lo que implicar\u00e1 la p\u00e9rdida total de los beneficios.<\/p>\n<p>&nbsp;<\/p>\n<p>En casos de ejecuci\u00f3n fiscal, la adhesi\u00f3n implicar\u00e1 allanamiento pleno y renuncia a acciones, y los honorarios podr\u00e1n financiarse en hasta doce cuotas.<\/p>\n<p>&nbsp;<\/p>\n<p>La iniciativa tambi\u00e9n declara firmes administrativamente las obligaciones exteriorizadas e interrumpe los plazos de prescripci\u00f3n. AREF podr\u00e1 prorrogar el r\u00e9gimen por \u00fanica vez por 30 d\u00edas y dictar normas complementarias. El Ejecutivo espera ahora el tratamiento legislativo para avanzar con el nuevo esquema de regularizaci\u00f3n tributaria.<\/p>\n<p>&nbsp;<\/p>\n<p><strong>Dos propuestas y sus diferencias<\/strong><\/p>\n<p>A partir de la propuesta presentada por la C\u00e1mara de Comercio de R\u00edo Grande y la C\u00e1mara Fueguina de la Madera, el bloque de La Libertad Avanza hab\u00eda presentado un proyecto de R\u00e9gimen Especial de Presentaci\u00f3n Espont\u00e1nea y Regularizaci\u00f3n de Deudas. Las principales diferencias entre ambas iniciativas radican en:<\/p>\n<p>&nbsp;<\/p>\n<p><strong>*Alcance temporal<\/strong><\/p>\n<p>Poder Ejecutivo: Deudas vencidas hasta el 31 de agosto de 2025.<\/p>\n<p>La Libertad Avanza: Deudas vencidas hasta el 31 de octubre de 2025.<\/p>\n<p>&nbsp;<\/p>\n<p><strong>* Deudas incluidas y excluidas<\/strong><\/p>\n<p>Poder Ejecutivo: Excluye retenciones y percepciones no ingresadas, multas por mora y multas por defraudaci\u00f3n.<\/p>\n<p>La Libertad Avanza: Solo excluye deudas con denuncia penal previa y multas por defraudaci\u00f3n; incluye retenciones y percepciones no ingresadas.<\/p>\n<p>&nbsp;<\/p>\n<p><strong>* Beneficios previstos<\/strong><\/p>\n<p>Poder Ejecutivo: Remisi\u00f3n de intereses, condonaci\u00f3n de cargos por notificaci\u00f3n, de multas autom\u00e1ticas y de multa por omisi\u00f3n.<\/p>\n<p>La Libertad Avanza: Beneficios similares, sin condonaci\u00f3n de multa por omisi\u00f3n.<\/p>\n<p>&nbsp;<\/p>\n<p><strong>* Planes de pago<\/strong><\/p>\n<p>Poder Ejecutivo: Hasta 60 cuotas para peque\u00f1os contribuyentes con remisi\u00f3n de intereses y cargos del 100% al 20% y tasa de financiaci\u00f3n de hasta 2,00% mensual. Para Hasta 36 cuotas para grandes contribuyentes con remisi\u00f3n de intereses y cargos del 50% al 10% y tasa de financiaci\u00f3n de hasta 2,50% mensual<\/p>\n<p>La Libertad Avanza: Hasta 84 cuotas para peque\u00f1os contribuyentes con remisi\u00f3n de intereses y cargos del 100% al 20% y tasa de financiaci\u00f3n de hasta 2,00% mensual. Para grandes contribuyentes hasta 48 cuotas con remisi\u00f3n de intereses y cargos del 60% al 20% y tasa de financiaci\u00f3n de hasta 2,00% mensual<\/p>\n<p>* Caducidad del r\u00e9gimen<\/p>\n<p>Poder Ejecutivo: Caduca por 3 cuotas impagas o por 60 d\u00edas de mora en la \u00faltima cuota.<\/p>\n<p>La Libertad Avanza: Caduca por 4 cuotas impagas o por 90 d\u00edas de mora en la \u00faltima cuota.<\/p>\n<p>&nbsp;<\/p>\n","protected":false},"excerpt":{"rendered":"<p>El Ejecutivo present\u00f3 proyecto de regularizaci\u00f3n de deudas tributarias La iniciativa propone un programa de presentaci\u00f3n espont\u00e1nea y<\/p>\n","protected":false},"author":5,"featured_media":9219,"comment_status":"open","ping_status":"open","sticky":false,"template":"","format":"standard","meta":{"footnotes":""},"categories":[2],"tags":[84,4005],"class_list":["post-11746","post","type-post","status-publish","format-standard","has-post-thumbnail","hentry","category-tierra-del-fuego","tag-legislatura","tag-regularizacion-de-deudas-tributarias"],"featured_image_urls":{"full":["https:\/\/opinionpublica.com.ar\/index\/wp-content\/uploads\/2025\/04\/20250404023257_casa_de_gobierno_fachada_23.jpg",880,586,false],"thumbnail":["https:\/\/opinionpublica.com.ar\/index\/wp-content\/uploads\/2025\/04\/20250404023257_casa_de_gobierno_fachada_23-150x150.jpg",150,150,true],"medium":["https:\/\/opinionpublica.com.ar\/index\/wp-content\/uploads\/2025\/04\/20250404023257_casa_de_gobierno_fachada_23-300x200.jpg",300,200,true],"medium_large":["https:\/\/opinionpublica.com.ar\/index\/wp-content\/uploads\/2025\/04\/20250404023257_casa_de_gobierno_fachada_23-768x511.jpg",640,426,true],"large":["https:\/\/opinionpublica.com.ar\/index\/wp-content\/uploads\/2025\/04\/20250404023257_casa_de_gobierno_fachada_23.jpg",640,426,false],"1536x1536":["https:\/\/opinionpublica.com.ar\/index\/wp-content\/uploads\/2025\/04\/20250404023257_casa_de_gobierno_fachada_23.jpg",880,586,false],"2048x2048":["https:\/\/opinionpublica.com.ar\/index\/wp-content\/uploads\/2025\/04\/20250404023257_casa_de_gobierno_fachada_23.jpg",880,586,false],"morenews-large":["https:\/\/opinionpublica.com.ar\/index\/wp-content\/uploads\/2025\/04\/20250404023257_casa_de_gobierno_fachada_23-825x575.jpg",825,575,true],"morenews-medium":["https:\/\/opinionpublica.com.ar\/index\/wp-content\/uploads\/2025\/04\/20250404023257_casa_de_gobierno_fachada_23-590x410.jpg",590,410,true]},"author_info":{"display_name":"Hal","author_link":"https:\/\/opinionpublica.com.ar\/index\/author\/hal\/"},"category_info":"<a href=\"https:\/\/opinionpublica.com.ar\/index\/category\/tierra-del-fuego\/\" rel=\"category tag\">Tierra del Fuego<\/a>","tag_info":"Tierra del Fuego","comment_count":"0","_links":{"self":[{"href":"https:\/\/opinionpublica.com.ar\/index\/wp-json\/wp\/v2\/posts\/11746","targetHints":{"allow":["GET"]}}],"collection":[{"href":"https:\/\/opinionpublica.com.ar\/index\/wp-json\/wp\/v2\/posts"}],"about":[{"href":"https:\/\/opinionpublica.com.ar\/index\/wp-json\/wp\/v2\/types\/post"}],"author":[{"embeddable":true,"href":"https:\/\/opinionpublica.com.ar\/index\/wp-json\/wp\/v2\/users\/5"}],"replies":[{"embeddable":true,"href":"https:\/\/opinionpublica.com.ar\/index\/wp-json\/wp\/v2\/comments?post=11746"}],"version-history":[{"count":1,"href":"https:\/\/opinionpublica.com.ar\/index\/wp-json\/wp\/v2\/posts\/11746\/revisions"}],"predecessor-version":[{"id":11747,"href":"https:\/\/opinionpublica.com.ar\/index\/wp-json\/wp\/v2\/posts\/11746\/revisions\/11747"}],"wp:featuredmedia":[{"embeddable":true,"href":"https:\/\/opinionpublica.com.ar\/index\/wp-json\/wp\/v2\/media\/9219"}],"wp:attachment":[{"href":"https:\/\/opinionpublica.com.ar\/index\/wp-json\/wp\/v2\/media?parent=11746"}],"wp:term":[{"taxonomy":"category","embeddable":true,"href":"https:\/\/opinionpublica.com.ar\/index\/wp-json\/wp\/v2\/categories?post=11746"},{"taxonomy":"post_tag","embeddable":true,"href":"https:\/\/opinionpublica.com.ar\/index\/wp-json\/wp\/v2\/tags?post=11746"}],"curies":[{"name":"wp","href":"https:\/\/api.w.org\/{rel}","templated":true}]}}