{"id":11750,"date":"2025-11-18T08:18:26","date_gmt":"2025-11-18T11:18:26","guid":{"rendered":"https:\/\/opinionpublica.com.ar\/index\/?p=11750"},"modified":"2025-11-18T08:18:26","modified_gmt":"2025-11-18T11:18:26","slug":"melella-define-al-sucesor-de-tita","status":"publish","type":"post","link":"https:\/\/opinionpublica.com.ar\/index\/melella-define-al-sucesor-de-tita\/","title":{"rendered":"MELELLA DEFINE AL SUCESOR DE TITA"},"content":{"rendered":"<h3>MELELLA DEFINE AL SUCESOR DE TITA<\/h3>\n<p>Tres nombres pican en punta para la Jefatura de Gabinete.<\/p>\n<p><a href=\"https:\/\/opinionpublica.com.ar\/index\/wp-content\/uploads\/2025\/11\/20251117230343_reemplazantes.jpg\"><img fetchpriority=\"high\" decoding=\"async\" class=\"alignnone size-full wp-image-11751\" src=\"https:\/\/opinionpublica.com.ar\/index\/wp-content\/uploads\/2025\/11\/20251117230343_reemplazantes.jpg\" alt=\"\" width=\"880\" height=\"512\" srcset=\"https:\/\/opinionpublica.com.ar\/index\/wp-content\/uploads\/2025\/11\/20251117230343_reemplazantes.jpg 880w, https:\/\/opinionpublica.com.ar\/index\/wp-content\/uploads\/2025\/11\/20251117230343_reemplazantes-300x175.jpg 300w, https:\/\/opinionpublica.com.ar\/index\/wp-content\/uploads\/2025\/11\/20251117230343_reemplazantes-768x447.jpg 768w\" sizes=\"(max-width: 880px) 100vw, 880px\" \/><\/a><\/p>\n<p>El Gobernador Gustavo Melella encara la segunda mitad de su mandato con la obligaci\u00f3n de cubrir una de las sillas pol\u00edticas m\u00e1s sensibles. La renuncia del actual Jefe de Gabinete se har\u00e1 efectiva el 9 de diciembre y el oficialismo busca se\u00f1ales de reorganizaci\u00f3n interna.<\/p>\n<p>&nbsp;<\/p>\n<p>La administraci\u00f3n provincial se encuentra abocada al proceso de evaluaci\u00f3n para determinar qui\u00e9n reemplazar\u00e1 al actual Jefe de Gabinete de Ministros. Agust\u00edn Tita dejar\u00e1 formalmente su cargo el pr\u00f3ximo 9 de diciembre para asumir una banca en la C\u00e1mara de Diputados de la Naci\u00f3n. Ante este escenario, el gobernador Gustavo Melella debe resolver con celeridad qui\u00e9n ocupar\u00e1 uno de los puestos m\u00e1s relevantes dentro del staff ministerial en la segunda mitad de su gesti\u00f3n.<\/p>\n<p>&nbsp;<\/p>\n<p>Aunque no se han emitido confirmaciones oficiales, distintas fuentes de la Casa de Gobierno coinciden en que el mandatario analiza las opciones disponibles dentro de su c\u00edrculo de colaboradores m\u00e1s estrecho, sin intenci\u00f3n de iniciar una b\u00fasqueda externa. Seg\u00fan describen allegados al Ejecutivo, la prioridad es garantizar la continuidad administrativa y sostener un alto nivel de interlocuci\u00f3n. Esto es necesario para ordenar la transici\u00f3n pol\u00edtica tras un per\u00edodo que result\u00f3 complejo para el oficialismo.<\/p>\n<p>&nbsp;<\/p>\n<h4>Tres figuras con trayectoria en la gesti\u00f3n<\/h4>\n<p>Entre los nombres que se encuentran en an\u00e1lisis por parte de Melella se destacan tres funcionarios que tienen una larga trayectoria dentro de la gesti\u00f3n provincial y que pertenecen a la agrupaci\u00f3n pol\u00edtica FORJA.<\/p>\n<p>&nbsp;<\/p>\n<p>El primero en consideraci\u00f3n es Jorge Canals, quien actualmente se desempe\u00f1a como vicejefe de Gabinete y anteriormente fue secretario de Medios. Su rol operativo lo ubica como una alternativa l\u00f3gica para asegurar la continuidad en el \u00e1rea.<\/p>\n<p>&nbsp;<\/p>\n<p>La segunda en danza es Gabriela Castillo, actual Ministra de Obras y Servicios P\u00fablicos, quien increment\u00f3 su margen de acci\u00f3n tras asumir la conducci\u00f3n del \u00e1rea energ\u00e9tica estatal.<\/p>\n<p>&nbsp;<\/p>\n<p>La tercera posibilidad es Anal\u00eda Cubino, actual presidente de la Agencia de Innovaci\u00f3n y exministra de Educaci\u00f3n, reconocida como una dirigente de estricta confianza del Gobernador.<\/p>\n<p>&nbsp;<\/p>\n<p>Esta decisi\u00f3n se enmarca en un contexto de reajuste dentro del Gabinete, donde el Gobierno ya impuls\u00f3 algunos movimientos internos. Semanas atr\u00e1s se dispusieron cambios en el IPRA y en la OSEF. Si bien dichas modificaciones obedecieron a razones administrativas y pol\u00edticas diferentes, marcan un clima de reorganizaci\u00f3n que le otorga un peso significativo al inminente reemplazo en la Jefatura de Gabinete.<\/p>\n<p>&nbsp;<\/p>\n<p>El cargo que dejar\u00e1 Tita exige un profundo manejo institucional, una probada capacidad de coordinaci\u00f3n con todos los ministerios y una lectura precisa de los tiempos pol\u00edticos que se avecinan. Por esta raz\u00f3n, en la Casa de Gobierno entienden que la elecci\u00f3n final deber\u00e1 ser extremadamente cuidadosa y estar alineada con las necesidades estrat\u00e9gicas del \u00faltimo tramo de la gesti\u00f3n.<\/p>\n<p>&nbsp;<\/p>\n<p>Melella se tomar\u00e1 unos d\u00edas m\u00e1s para terminar de definir la situaci\u00f3n. El anuncio del sucesor ser\u00e1 un dato de gran relevancia para comprender la estrategia del oficialismo luego de la reciente derrota electoral. Tambi\u00e9n permitir\u00e1 entender cu\u00e1les ser\u00e1n las nuevas prioridades que el Ejecutivo establecer\u00e1 en una etapa donde resulta imperioso recuperar el orden y el volumen pol\u00edtico perdido.<\/p>\n","protected":false},"excerpt":{"rendered":"<p>MELELLA DEFINE AL SUCESOR DE TITA Tres nombres pican en punta para la Jefatura de Gabinete. El Gobernador<\/p>\n","protected":false},"author":5,"featured_media":11751,"comment_status":"open","ping_status":"open","sticky":false,"template":"","format":"standard","meta":{"footnotes":""},"categories":[2],"tags":[2095,4006,3055,4008,4007,6],"class_list":["post-11750","post","type-post","status-publish","format-standard","has-post-thumbnail","hentry","category-tierra-del-fuego","tag-agustin-tita","tag-canals","tag-castillo","tag-cubino","tag-sucesor","tag-ushuaia"],"featured_image_urls":{"full":["https:\/\/opinionpublica.com.ar\/index\/wp-content\/uploads\/2025\/11\/20251117230343_reemplazantes.jpg",880,512,false],"thumbnail":["https:\/\/opinionpublica.com.ar\/index\/wp-content\/uploads\/2025\/11\/20251117230343_reemplazantes-150x150.jpg",150,150,true],"medium":["https:\/\/opinionpublica.com.ar\/index\/wp-content\/uploads\/2025\/11\/20251117230343_reemplazantes-300x175.jpg",300,175,true],"medium_large":["https:\/\/opinionpublica.com.ar\/index\/wp-content\/uploads\/2025\/11\/20251117230343_reemplazantes-768x447.jpg",640,373,true],"large":["https:\/\/opinionpublica.com.ar\/index\/wp-content\/uploads\/2025\/11\/20251117230343_reemplazantes.jpg",640,372,false],"1536x1536":["https:\/\/opinionpublica.com.ar\/index\/wp-content\/uploads\/2025\/11\/20251117230343_reemplazantes.jpg",880,512,false],"2048x2048":["https:\/\/opinionpublica.com.ar\/index\/wp-content\/uploads\/2025\/11\/20251117230343_reemplazantes.jpg",880,512,false],"morenews-large":["https:\/\/opinionpublica.com.ar\/index\/wp-content\/uploads\/2025\/11\/20251117230343_reemplazantes-825x512.jpg",825,512,true],"morenews-medium":["https:\/\/opinionpublica.com.ar\/index\/wp-content\/uploads\/2025\/11\/20251117230343_reemplazantes-590x410.jpg",590,410,true]},"author_info":{"display_name":"Hal","author_link":"https:\/\/opinionpublica.com.ar\/index\/author\/hal\/"},"category_info":"<a href=\"https:\/\/opinionpublica.com.ar\/index\/category\/tierra-del-fuego\/\" rel=\"category tag\">Tierra del Fuego<\/a>","tag_info":"Tierra del Fuego","comment_count":"0","_links":{"self":[{"href":"https:\/\/opinionpublica.com.ar\/index\/wp-json\/wp\/v2\/posts\/11750","targetHints":{"allow":["GET"]}}],"collection":[{"href":"https:\/\/opinionpublica.com.ar\/index\/wp-json\/wp\/v2\/posts"}],"about":[{"href":"https:\/\/opinionpublica.com.ar\/index\/wp-json\/wp\/v2\/types\/post"}],"author":[{"embeddable":true,"href":"https:\/\/opinionpublica.com.ar\/index\/wp-json\/wp\/v2\/users\/5"}],"replies":[{"embeddable":true,"href":"https:\/\/opinionpublica.com.ar\/index\/wp-json\/wp\/v2\/comments?post=11750"}],"version-history":[{"count":1,"href":"https:\/\/opinionpublica.com.ar\/index\/wp-json\/wp\/v2\/posts\/11750\/revisions"}],"predecessor-version":[{"id":11752,"href":"https:\/\/opinionpublica.com.ar\/index\/wp-json\/wp\/v2\/posts\/11750\/revisions\/11752"}],"wp:featuredmedia":[{"embeddable":true,"href":"https:\/\/opinionpublica.com.ar\/index\/wp-json\/wp\/v2\/media\/11751"}],"wp:attachment":[{"href":"https:\/\/opinionpublica.com.ar\/index\/wp-json\/wp\/v2\/media?parent=11750"}],"wp:term":[{"taxonomy":"category","embeddable":true,"href":"https:\/\/opinionpublica.com.ar\/index\/wp-json\/wp\/v2\/categories?post=11750"},{"taxonomy":"post_tag","embeddable":true,"href":"https:\/\/opinionpublica.com.ar\/index\/wp-json\/wp\/v2\/tags?post=11750"}],"curies":[{"name":"wp","href":"https:\/\/api.w.org\/{rel}","templated":true}]}}