{"id":11761,"date":"2025-11-19T07:36:34","date_gmt":"2025-11-19T10:36:34","guid":{"rendered":"https:\/\/opinionpublica.com.ar\/index\/?p=11761"},"modified":"2025-11-19T07:36:34","modified_gmt":"2025-11-19T10:36:34","slug":"todo-listo-para-flexibilizar-la-produccion-de-salmonidos","status":"publish","type":"post","link":"https:\/\/opinionpublica.com.ar\/index\/todo-listo-para-flexibilizar-la-produccion-de-salmonidos\/","title":{"rendered":"Todo listo para flexibilizar la producci\u00f3n de salm\u00f3nidos\u00a0"},"content":{"rendered":"<h3>Todo listo para flexibilizar la producci\u00f3n de salm\u00f3nidos<\/h3>\n<p>La Legislatura sesiona hoy con un temario cargado, en el que se destaca el tratamiento del proyecto que flexibiliza la prohibici\u00f3n del cultivo de salm\u00f3nidos. Tambi\u00e9n tomar\u00e1n estado parlamentario y remitidas a comisi\u00f3n iniciativas clave como el Presupuesto 2026, la cesi\u00f3n de \u00e1reas de YPF a Terra Ignis y la extensi\u00f3n de esas concesiones hidrocarbur\u00edferas.<\/p>\n<p><a href=\"https:\/\/opinionpublica.com.ar\/index\/wp-content\/uploads\/2025\/11\/202511180835006fce3b9da3c06cf3ebe57585dd007ff7_med.jpg\"><img fetchpriority=\"high\" decoding=\"async\" class=\"alignnone size-full wp-image-11762\" src=\"https:\/\/opinionpublica.com.ar\/index\/wp-content\/uploads\/2025\/11\/202511180835006fce3b9da3c06cf3ebe57585dd007ff7_med.jpg\" alt=\"\" width=\"800\" height=\"436\" srcset=\"https:\/\/opinionpublica.com.ar\/index\/wp-content\/uploads\/2025\/11\/202511180835006fce3b9da3c06cf3ebe57585dd007ff7_med.jpg 800w, https:\/\/opinionpublica.com.ar\/index\/wp-content\/uploads\/2025\/11\/202511180835006fce3b9da3c06cf3ebe57585dd007ff7_med-300x164.jpg 300w, https:\/\/opinionpublica.com.ar\/index\/wp-content\/uploads\/2025\/11\/202511180835006fce3b9da3c06cf3ebe57585dd007ff7_med-768x419.jpg 768w\" sizes=\"(max-width: 800px) 100vw, 800px\" \/><\/a><\/p>\n<p>A 132 d\u00edas desde la anterior sesi\u00f3n, los legisladores volver\u00e1n a ocupar hoy sus bancas para tratar 8 proyectos de ley, de los cuales 5 tiene dictamen de comisi\u00f3n, y otros 161 asuntos entre los que se cuentan<\/p>\n<p>&nbsp;<\/p>\n<p>ratificaciones de Resoluciones de Presidencia, ratificaciones de convenios rubricados por el Ejecutivo, declaraciones de inter\u00e9s provincial y pedidos de informes.<\/p>\n<p>&nbsp;<\/p>\n<p>Adem\u00e1s, en la 4 sesi\u00f3n ordinaria convocada por la vicepresidente 1\u00aa del cuerpo para las 11:00, tomar\u00e1n estado parlamentario el proyecto de Ley que aprueba la cesi\u00f3n de YPF a Terra Ignis Energ\u00eda de 7 \u00e1reas de explotaci\u00f3n de hidrocarburos y la pr\u00f3rroga por 10 a\u00f1os esas concesiones y el pedido de ratificaci\u00f3n del decreto por el cual el Poder Ejecutivo autoriz\u00f3 ambas cuestiones. Para habilitar que esos dos asuntos pueden ser tratados y aprobados sobre tablas resulta necesario contar con el voto favorable de 10 de los 15 parlamentarios.<\/p>\n<p>&nbsp;<\/p>\n<p>Tambi\u00e9n tomar\u00e1n estado parlamentario y ser\u00e1n girados a comisi\u00f3n el proyecto de Presupuesto General de Gastos y C\u00e1lculo de Recursos de la Administraci\u00f3n P\u00fablica Provincial para el ejercicio 2026, los dos proyectos (el del bloque de la Libertad Avanza y el del Ejecutivo) que impulsan un nuevo r\u00e9gimen especial de presentaci\u00f3n espont\u00e1nea y regularizaci\u00f3n de deuda con el fisco; el que deroga la creaci\u00f3n del Laboratorio del Fin del Mundo y el de busca modificar la afectaci\u00f3n de parte de los recursos de coparticipaci\u00f3n que recibe el municipio de Tolhuin, entre otros.<\/p>\n<p><a href=\"https:\/\/opinionpublica.com.ar\/index\/wp-content\/uploads\/2025\/07\/No-a-las-salmoneras.jpg.webp\"><img decoding=\"async\" class=\"alignnone size-full wp-image-10251\" src=\"https:\/\/opinionpublica.com.ar\/index\/wp-content\/uploads\/2025\/07\/No-a-las-salmoneras.jpg.webp\" alt=\"\" width=\"987\" height=\"555\" srcset=\"https:\/\/opinionpublica.com.ar\/index\/wp-content\/uploads\/2025\/07\/No-a-las-salmoneras.jpg.webp 987w, https:\/\/opinionpublica.com.ar\/index\/wp-content\/uploads\/2025\/07\/No-a-las-salmoneras.jpg-300x169.webp 300w, https:\/\/opinionpublica.com.ar\/index\/wp-content\/uploads\/2025\/07\/No-a-las-salmoneras.jpg-768x432.webp 768w\" sizes=\"(max-width: 987px) 100vw, 987px\" \/><\/a><\/p>\n<p><strong>Salm\u00f3n; el men\u00fa del d\u00eda<\/strong><\/p>\n<p>De no mediar cambio alguno en la conformaci\u00f3n del orden de d\u00eda resuelto por mayor\u00eda en la reuni\u00f3n de Labor Parlamentaria realizada el pasado lunes, el tratamiento y aprobaci\u00f3n del dictamen de la comisi\u00f3n de Recursos Naturales que impulsa la derogaci\u00f3n de la ley que en junio de 2012 prohibi\u00f3 en aguas jurisdiccionales lacustres y mar\u00edtimas de la Provincia toda actividad de cultivo y producci\u00f3n de salm\u00f3nidos, habilitando \u00fanicamente el m\u00e9todo por Circuito Cerrado de Recirculado de Agua (RAS), y su reemplazo por el Proyecto del Poder Ejecutivo que propone regular el desarrollo sustentable de la acuicultura como actividad agropecuaria integral en aguas continentales y mar\u00edtimas jurisdiccionales de la provincia, para as\u00ed promover el desarrollo sostenible ambiental, social y econ\u00f3mico de esa actividad, y que mantiene vigente la prohibici\u00f3n toda actividad de cultivo y producci\u00f3n de salm\u00f3nidos, pero \u00fanicamente en los 160 kil\u00f3metros del canal Beagle desde la frontera con Chile y hasta Cabo San P\u00edo ya que habilita esa actividad productiva en r\u00edos, lagos y lagunas y RAS.<\/p>\n<p>&nbsp;<\/p>\n<p>El dictamen publicado oficialmente lleva \u00fanicamente la firma de 4 legisladores -Myriam Mart\u00ednez (FORJA); Agust\u00edn Coto (LLA), Juan Carlos Pino (PJ) y Gisela Dos Santos (ST)- de los 10 legisladores que integran la comisi\u00f3n. Ese dictamen, firmado en una reuni\u00f3n que se realiz\u00f3 en la delegaci\u00f3n de la Legislativa en R\u00edo Grande, se vio envuelta en una controversia todav\u00eda no aclarada que deriv\u00f3 en la renuncia de la Legisladora Laura Colazo (PV) a la presidencia de la Comisi\u00f3n de Recurso Naturales. De todas maneras, durante la reuni\u00f3n de Labor Parlamentar\u00eda, realizada el lunes, su incorporaci\u00f3n al orden del d\u00eda fue validado por los representantes del bloque oficialista y de las bancadas del PJ, La Libertad Avanza y Somos Tolhuin, por lo que se contar\u00eda con m\u00e1s de los 8 votos necesarios para su aprobaci\u00f3n.<\/p>\n<p>&nbsp;<\/p>\n<p>P.E.P. Nota N\u00b0 083\/25 adjuntando Dto. Provincial N\u00b0 1866\/25 por el cual se veta parcialmente el proyecto de ley sancionado, referente a la Ley Org\u00e1nica del Registro del Estado Civil y Capacidad de las Personas de la Provincia.<\/p>\n<p>&nbsp;<\/p>\n<p>En la sesi\u00f3n de hoy tambi\u00e9n ser\u00e1n abordados los dict\u00e1menes de comisi\u00f3n que aconsejan la aprobaci\u00f3n de la adhesi\u00f3n a la Ley Nacional N\u00b0 27.678 sobre cuidados paliativos; el que autoriza<\/p>\n<p>&nbsp;<\/p>\n<p>la cesi\u00f3n sin cargo de dos predios emplazados en la zona de ingreso al puerto a la Municipalidad de la ciudad de Ushuaia; la adhesi\u00f3n a la Ley Nacional N\u00b0 27.733 sobre procedimientos m\u00e9dicos-asistenciales para la atenci\u00f3n de mujeres y personas gestantes frente a la muerte perinatal; el que crea la encuesta cuatrienal a juventudes; el que declara al 10 de septiembre de cada a\u00f1o como D\u00eda Provincial del Monta\u00f1ista \u2013 Escalador Fueguino.<\/p>\n<p>&nbsp;<\/p>\n<p>Se aprobar\u00e1 el veto al \u00abRegistro de Defunciones Fetales\u201d y en su reemplazo se sancionar\u00e1 la creaci\u00f3n del Sistema de Constancia de P\u00e9rdida Perinatal.<\/p>\n<p>&nbsp;<\/p>\n<p>Tambi\u00e9n se tratar\u00e1 la pr\u00f3rroga de la suspensi\u00f3n de las ejecuciones hipotecarias sobre cr\u00e9ditos UVA hasta Diciembre de 2026.<\/p>\n<p>&nbsp;<\/p>\n<p>Adem\u00e1s, se aprobar\u00e1 la extensi\u00f3n el plazo para que puedan dictaminar de las Comisiones Permanentes de Asesoramiento Legislativo hasta el 12 de diciembre, se designar\u00e1 por otro a\u00f1o a los Legisladores Federico Greve (FORJA) y Victoria Vuoto como miembros del Consejo de la Magistratura, en representaci\u00f3n de la C\u00e1mara Legislativa.<\/p>\n","protected":false},"excerpt":{"rendered":"<p>Todo listo para flexibilizar la producci\u00f3n de salm\u00f3nidos La Legislatura sesiona hoy con un temario cargado, en el<\/p>\n","protected":false},"author":5,"featured_media":11762,"comment_status":"open","ping_status":"open","sticky":false,"template":"","format":"standard","meta":{"footnotes":""},"categories":[2],"tags":[3598,2275],"class_list":["post-11761","post","type-post","status-publish","format-standard","has-post-thumbnail","hentry","category-tierra-del-fuego","tag-industria-salmonera","tag-legislatura-fueguina"],"featured_image_urls":{"full":["https:\/\/opinionpublica.com.ar\/index\/wp-content\/uploads\/2025\/11\/202511180835006fce3b9da3c06cf3ebe57585dd007ff7_med.jpg",800,436,false],"thumbnail":["https:\/\/opinionpublica.com.ar\/index\/wp-content\/uploads\/2025\/11\/202511180835006fce3b9da3c06cf3ebe57585dd007ff7_med-150x150.jpg",150,150,true],"medium":["https:\/\/opinionpublica.com.ar\/index\/wp-content\/uploads\/2025\/11\/202511180835006fce3b9da3c06cf3ebe57585dd007ff7_med-300x164.jpg",300,164,true],"medium_large":["https:\/\/opinionpublica.com.ar\/index\/wp-content\/uploads\/2025\/11\/202511180835006fce3b9da3c06cf3ebe57585dd007ff7_med-768x419.jpg",640,349,true],"large":["https:\/\/opinionpublica.com.ar\/index\/wp-content\/uploads\/2025\/11\/202511180835006fce3b9da3c06cf3ebe57585dd007ff7_med.jpg",640,349,false],"1536x1536":["https:\/\/opinionpublica.com.ar\/index\/wp-content\/uploads\/2025\/11\/202511180835006fce3b9da3c06cf3ebe57585dd007ff7_med.jpg",800,436,false],"2048x2048":["https:\/\/opinionpublica.com.ar\/index\/wp-content\/uploads\/2025\/11\/202511180835006fce3b9da3c06cf3ebe57585dd007ff7_med.jpg",800,436,false],"morenews-large":["https:\/\/opinionpublica.com.ar\/index\/wp-content\/uploads\/2025\/11\/202511180835006fce3b9da3c06cf3ebe57585dd007ff7_med.jpg",800,436,false],"morenews-medium":["https:\/\/opinionpublica.com.ar\/index\/wp-content\/uploads\/2025\/11\/202511180835006fce3b9da3c06cf3ebe57585dd007ff7_med-590x410.jpg",590,410,true]},"author_info":{"display_name":"Hal","author_link":"https:\/\/opinionpublica.com.ar\/index\/author\/hal\/"},"category_info":"<a href=\"https:\/\/opinionpublica.com.ar\/index\/category\/tierra-del-fuego\/\" rel=\"category tag\">Tierra del Fuego<\/a>","tag_info":"Tierra del Fuego","comment_count":"0","_links":{"self":[{"href":"https:\/\/opinionpublica.com.ar\/index\/wp-json\/wp\/v2\/posts\/11761","targetHints":{"allow":["GET"]}}],"collection":[{"href":"https:\/\/opinionpublica.com.ar\/index\/wp-json\/wp\/v2\/posts"}],"about":[{"href":"https:\/\/opinionpublica.com.ar\/index\/wp-json\/wp\/v2\/types\/post"}],"author":[{"embeddable":true,"href":"https:\/\/opinionpublica.com.ar\/index\/wp-json\/wp\/v2\/users\/5"}],"replies":[{"embeddable":true,"href":"https:\/\/opinionpublica.com.ar\/index\/wp-json\/wp\/v2\/comments?post=11761"}],"version-history":[{"count":1,"href":"https:\/\/opinionpublica.com.ar\/index\/wp-json\/wp\/v2\/posts\/11761\/revisions"}],"predecessor-version":[{"id":11763,"href":"https:\/\/opinionpublica.com.ar\/index\/wp-json\/wp\/v2\/posts\/11761\/revisions\/11763"}],"wp:featuredmedia":[{"embeddable":true,"href":"https:\/\/opinionpublica.com.ar\/index\/wp-json\/wp\/v2\/media\/11762"}],"wp:attachment":[{"href":"https:\/\/opinionpublica.com.ar\/index\/wp-json\/wp\/v2\/media?parent=11761"}],"wp:term":[{"taxonomy":"category","embeddable":true,"href":"https:\/\/opinionpublica.com.ar\/index\/wp-json\/wp\/v2\/categories?post=11761"},{"taxonomy":"post_tag","embeddable":true,"href":"https:\/\/opinionpublica.com.ar\/index\/wp-json\/wp\/v2\/tags?post=11761"}],"curies":[{"name":"wp","href":"https:\/\/api.w.org\/{rel}","templated":true}]}}