{"id":11795,"date":"2025-11-21T09:37:08","date_gmt":"2025-11-21T12:37:08","guid":{"rendered":"https:\/\/opinionpublica.com.ar\/index\/?p=11795"},"modified":"2025-11-21T09:37:08","modified_gmt":"2025-11-21T12:37:08","slug":"tomasevich-rompe-el-silencio-y-acusa-un-ataque-politico","status":"publish","type":"post","link":"https:\/\/opinionpublica.com.ar\/index\/tomasevich-rompe-el-silencio-y-acusa-un-ataque-politico\/","title":{"rendered":"Tomas\u00e9vich rompe el silencio y acusa un \u201cataque pol\u00edtico\u201d"},"content":{"rendered":"<h3>Tomas\u00e9vich rompe el silencio y acusa un \u201cataque pol\u00edtico\u201d<\/h3>\n<p><a href=\"https:\/\/opinionpublica.com.ar\/index\/wp-content\/uploads\/2024\/10\/20241023101506a8aea0ba69eba32f62fd104ca611bd53-osef-multa.jpg\"><img fetchpriority=\"high\" decoding=\"async\" class=\"alignnone size-full wp-image-6599\" src=\"https:\/\/opinionpublica.com.ar\/index\/wp-content\/uploads\/2024\/10\/20241023101506a8aea0ba69eba32f62fd104ca611bd53-osef-multa.jpg\" alt=\"\" width=\"1040\" height=\"644\" srcset=\"https:\/\/opinionpublica.com.ar\/index\/wp-content\/uploads\/2024\/10\/20241023101506a8aea0ba69eba32f62fd104ca611bd53-osef-multa.jpg 1040w, https:\/\/opinionpublica.com.ar\/index\/wp-content\/uploads\/2024\/10\/20241023101506a8aea0ba69eba32f62fd104ca611bd53-osef-multa-300x186.jpg 300w, https:\/\/opinionpublica.com.ar\/index\/wp-content\/uploads\/2024\/10\/20241023101506a8aea0ba69eba32f62fd104ca611bd53-osef-multa-1024x634.jpg 1024w, https:\/\/opinionpublica.com.ar\/index\/wp-content\/uploads\/2024\/10\/20241023101506a8aea0ba69eba32f62fd104ca611bd53-osef-multa-768x476.jpg 768w\" sizes=\"(max-width: 1040px) 100vw, 1040px\" \/><\/a><\/p>\n<p>En una entrevista extensa y sin restricciones, el vocal por los activos de la OSEF, Franco Tomas\u00e9vich, desmenuz\u00f3 la crisis que en las \u00faltimas semanas puso en jaque la atenci\u00f3n de miles de afiliados dentro y fuera de la provincia. Asegur\u00f3 que el conflicto con APROS en C\u00f3rdoba estall\u00f3 sin previo aviso y que la obra social se enter\u00f3 por los propios afiliados; denunci\u00f3 que la deuda reclamada pas\u00f3 de $740 millones a $4.000 millones \u201csin facturas ni documentos que la justifiquen\u201d; y confirm\u00f3 que, ante el quiebre de la negociaci\u00f3n, OSEF debi\u00f3 cerrar a contrarreloj un nuevo acuerdo con SANO Salud que ya garantiza prestaciones, acceso a medicamentos y la incorporaci\u00f3n del Hospital Privado de C\u00f3rdoba.<\/p>\n<p>&nbsp;<\/p>\n<p>R\u00edo Grande.- Franco Tomas\u00e9vich, vocal por los activos de la Obra Social del Estado Fueguino \u2013\u2013OSEF\u2013\u2013, advirti\u00f3 por FM Del Pueblo que la crisis es \u201cestructural y financiera, no de gesti\u00f3n\u201d, record\u00f3 que la propia Legislatura reconoci\u00f3 el d\u00e9ficit mediante la Ley 1596 y acus\u00f3 al Municipio de R\u00edo Grande de mantener impagas contribuciones por $1.400 millones, pese a declaraciones oficiales que lo negaban. Tambi\u00e9n rechaz\u00f3 versiones que vinculan a OSEF con una droguer\u00eda investigada a nivel nacional: \u201cTodo est\u00e1 documentado; si alguien tiene una denuncia real, que vaya a la Justicia\u201d.<\/p>\n<p>&nbsp;<\/p>\n<p>Entre tensiones con farmacias, deudas cruzadas, urgencias m\u00e9dicas y acusaciones pol\u00edticas, el vocal denunci\u00f3 que sectores partidarios \u201cjuegan con la angustia de la gente\u201d y advirti\u00f3 que la obra social \u201csolo podr\u00e1 estabilizarse con responsabilidad y recursos, no con operaciones\u201d. \u201cLa salud no puede ser bot\u00edn electoral\u201d, sentenci\u00f3.<\/p>\n<p>&nbsp;<\/p>\n<p>En un clima de alta tensi\u00f3n pol\u00edtica y con la salud de miles de afiliados en el centro del debate p\u00fablico, el vocal Tomas\u00e9vich ofreci\u00f3 una entrevista en la que detall\u00f3, una por una, las aristas de una crisis que combina problemas financieros, ca\u00eddas de prestadores, versiones cruzadas y un escenario pol\u00edtico que \u2014asegura\u2014 busca sacar provecho del malestar social.<\/p>\n<p>&nbsp;<\/p>\n<p>Desde el inicio, Tomas\u00e9vich apunt\u00f3 contra la \u201cinformaci\u00f3n tergiversada\u201d y afirm\u00f3 que la situaci\u00f3n de la obra social debe ser explicada \u201ccon documentos y datos reales, no con interpretaciones pol\u00edticas\u201d. Record\u00f3 que tanto \u00e9l como el vocal por los pasivos, Jos\u00e9 Mar\u00eda Mart\u00edn, mantienen l\u00edneas directas con los afiliados: \u201cDimos nuestro n\u00famero en todos los medios. Nunca nos escondimos\u201d.<\/p>\n<p><a href=\"https:\/\/opinionpublica.com.ar\/index\/wp-content\/uploads\/2024\/03\/OSEF-RG-2-1200x480-1.jpg\"><img decoding=\"async\" class=\"alignnone size-full wp-image-985\" src=\"https:\/\/opinionpublica.com.ar\/index\/wp-content\/uploads\/2024\/03\/OSEF-RG-2-1200x480-1.jpg\" alt=\"\" width=\"1200\" height=\"480\" srcset=\"https:\/\/opinionpublica.com.ar\/index\/wp-content\/uploads\/2024\/03\/OSEF-RG-2-1200x480-1.jpg 1200w, https:\/\/opinionpublica.com.ar\/index\/wp-content\/uploads\/2024\/03\/OSEF-RG-2-1200x480-1-300x120.jpg 300w, https:\/\/opinionpublica.com.ar\/index\/wp-content\/uploads\/2024\/03\/OSEF-RG-2-1200x480-1-1024x410.jpg 1024w, https:\/\/opinionpublica.com.ar\/index\/wp-content\/uploads\/2024\/03\/OSEF-RG-2-1200x480-1-768x307.jpg 768w\" sizes=\"(max-width: 1200px) 100vw, 1200px\" \/><\/a><\/p>\n<p>El conflicto con APROS: deuda cambiante, documentaci\u00f3n faltante y un corte sorpresivo<\/p>\n<p>&nbsp;<\/p>\n<p>Uno de los cap\u00edtulos m\u00e1s delicados fue el v\u00ednculo con APROS, la obra social cordobesa. Seg\u00fan relat\u00f3 Tomas\u00e9vich, OSEF se enter\u00f3 del corte inminente de prestaciones por los propios afiliados, no por comunicaci\u00f3n oficial.<\/p>\n<p>&nbsp;<\/p>\n<p>APROS reclamaba inicialmente:<\/p>\n<p>&nbsp;<\/p>\n<p>$600 millones de deuda hist\u00f3rica, a pagar en cuotas de $100 millones;<\/p>\n<p>&nbsp;<\/p>\n<p>$140 millones correspondientes a 2025;<\/p>\n<p>&nbsp;<\/p>\n<p>Para un total de $740 millones.<\/p>\n<p>&nbsp;<\/p>\n<p>Pero todo cambi\u00f3 abruptamente. \u201cEl lunes pasado nos informaron, por correo oficial, que la deuda no era de 740 millones sino de 4.000 millones. Todo sin presentar las facturas correspondientes. Es imposible pagar sin saber qu\u00e9 estamos pagando\u201d, denunci\u00f3.<\/p>\n<p>&nbsp;<\/p>\n<p>Sin documentaci\u00f3n respaldatoria, las negociaciones quedaron autom\u00e1ticamente suspendidas.<\/p>\n<p>&nbsp;<\/p>\n<p>Acuerdo de emergencia: SANO Salud toma la posta en C\u00f3rdoba<\/p>\n<p>&nbsp;<\/p>\n<p>Ante el corte y el riesgo sanitario, una delegaci\u00f3n de OSEF viaj\u00f3 a C\u00f3rdoba para reunirse con afiliados y cerrar una salida operativa. As\u00ed naci\u00f3 el acuerdo con SANO Salud, que comenz\u00f3 a funcionar de inmediato.<\/p>\n<p>&nbsp;<\/p>\n<p>Entre los puntos centrales:<\/p>\n<p>Red de prestadores en los principales centros urbanos.<\/p>\n<p>&nbsp;<\/p>\n<p>Medicamentos cubiertos bajo el mismo esquema que en Tierra del Fuego (40%, 70% y 100%).<\/p>\n<p>&nbsp;<\/p>\n<p>Incorporaci\u00f3n del prestigioso Hospital Privado de C\u00f3rdoba.<\/p>\n<p>&nbsp;<\/p>\n<p>Coseguro solo en ese hospital:<\/p>\n<p>&nbsp;<\/p>\n<p>$12.000 en cl\u00ednica;<\/p>\n<p>&nbsp;<\/p>\n<p>$20.000 en alta complejidad.<\/p>\n<p>&nbsp;<\/p>\n<p>Resto de la cartilla sin coseguros, a diferencia de APROS.<\/p>\n<p>&nbsp;<\/p>\n<p>\u201cEl martes a la noche ya estaba operativo. Los afiliados solo deben registrarse en la app. Estamos resolviendo todo en tiempo real\u201d, afirm\u00f3 Tomas\u00e9vich.<\/p>\n<p>&nbsp;<\/p>\n<p>\u201cNo es un problema de gesti\u00f3n, es un problema de recursos\u201d<\/p>\n<p>&nbsp;<\/p>\n<p>El vocal fue categ\u00f3rico al se\u00f1alar que el coraz\u00f3n del conflicto es financiero. Record\u00f3 que la Ley 1596, aprobada por unanimidad, reconoce el d\u00e9ficit estructural de OSEF derivado del atraso salarial y la baja actualizaci\u00f3n del aporte:<\/p>\n<p>&nbsp;<\/p>\n<p>\u201cEl aporte es del 3%, pero el salario est\u00e1 atrasado. Tres por ciento de poco\u2026 es poco\u201d.<\/p>\n<p>&nbsp;<\/p>\n<p>Celebr\u00f3, no obstante, la llegada parcial del fondo espec\u00edfico para medicamentos, que permitir\u00e1 comprar directamente a laboratorios y reducir costos evitando intermediaciones de droguer\u00edas.<\/p>\n<p>&nbsp;<\/p>\n<p>La acusaci\u00f3n m\u00e1s fuerte: \u201cEl Municipio de R\u00edo Grande debe 1.400 millones\u201d<\/p>\n<p>&nbsp;<\/p>\n<p>Uno de los momentos m\u00e1s tensos de la entrevista fue cuando apunt\u00f3 al Municipio de R\u00edo Grande. La secretaria de Finanzas, Valeria Capotorto, hab\u00eda asegurado que la Municipalidad no manten\u00eda deudas con la obra social.<\/p>\n<p>&nbsp;<\/p>\n<p>Tomas\u00e9vich respondi\u00f3 con firmeza: \u201cEs cierto que no deben aportes, pero deben contribuciones, y son 1.400 millones de pesos. Decir que no hay deuda es un juego del lenguaje para confundir\u201d.<\/p>\n<p>&nbsp;<\/p>\n<p>La obra social ya intim\u00f3 formalmente al Municipio y no descarta iniciar acciones judiciales.<\/p>\n<p>&nbsp;<\/p>\n<p>\u201cSon fondos de los trabajadores. No los vamos a negociar bajo presi\u00f3n\u201d, sostuvo.<\/p>\n<p>&nbsp;<\/p>\n<p>Tambi\u00e9n se\u00f1al\u00f3 que ser\u00eda positivo firmar convenios por servicios municipales como el Centro Mam\u00e1 Margarita, pero aclar\u00f3 que primero deben regularizar la deuda.<\/p>\n<p>&nbsp;<\/p>\n<p>Farmacias, vales y la escasez: otra batalla silenciosa<\/p>\n<p>&nbsp;<\/p>\n<p>La red de farmacias, especialmente Autopharma, enfrenta dificultades por falta de stock y suspensi\u00f3n de la entrega de vales.<\/p>\n<p>&nbsp;<\/p>\n<p>Seg\u00fan Tomas\u00e9vich, la causa es directa: \u201cLas droguer\u00edas no les entregan si la obra social no est\u00e1 al d\u00eda. Una vez que ingresen los fondos del Municipio, los pagos se regularizar\u00e1n\u201d.<\/p>\n<p>&nbsp;<\/p>\n<p>Acusaciones medi\u00e1ticas y el caso Droguer\u00eda Suiza Argentina<\/p>\n<p>&nbsp;<\/p>\n<p>En los \u00faltimos d\u00edas surgieron versiones que vinculaban a OSEF con una droguer\u00eda mencionada en investigaciones nacionales. Tomas\u00e9vich fue taxativo:<\/p>\n<p>&nbsp;<\/p>\n<p>\u201cLa Droguer\u00eda Suiza Argentina abastece a casi todas las obras sociales del pa\u00eds. Que est\u00e9 involucrada en un caso nacional no implica que OSEF est\u00e9 involucrada. Si alguien tiene pruebas, que vaya a la Justicia. Pero no vamos a ser parte del circo medi\u00e1tico\u201d.<\/p>\n<p>&nbsp;<\/p>\n<p>&nbsp;<\/p>\n<p>&nbsp;<\/p>\n<p>Mensaje final: \u201cLa salud no puede ser bot\u00edn electoral\u201d<\/p>\n<p>&nbsp;<\/p>\n<p>&nbsp;<\/p>\n<p>&nbsp;<\/p>\n<p>El cierre de Tomas\u00e9vich apunt\u00f3 directo al clima pol\u00edtico: \u201cYo no juego con la salud de la gente. Hay sectores que s\u00ed. Hoy cualquiera dice cualquier cosa para pegarle a OSEF, porque saben que es un tema sensible. Pero la realidad es una sola: sin recursos, no hay sistema que aguante\u201d.<\/p>\n<p>&nbsp;<\/p>\n<p>Y dej\u00f3 una \u00faltima advertencia: \u201cLa salud no puede usarse para hacer campa\u00f1a. Resolver problemas reales es la prioridad. No alimentar operaciones\u201d.<\/p>\n","protected":false},"excerpt":{"rendered":"<p>Tomas\u00e9vich rompe el silencio y acusa un \u201cataque pol\u00edtico\u201d En una entrevista extensa y sin restricciones, el vocal<\/p>\n","protected":false},"author":5,"featured_media":985,"comment_status":"open","ping_status":"open","sticky":false,"template":"","format":"standard","meta":{"footnotes":""},"categories":[2],"tags":[4016,2900,317],"class_list":["post-11795","post","type-post","status-publish","format-standard","has-post-thumbnail","hentry","category-tierra-del-fuego","tag-apros","tag-franco-tomasevich","tag-osef"],"featured_image_urls":{"full":["https:\/\/opinionpublica.com.ar\/index\/wp-content\/uploads\/2024\/03\/OSEF-RG-2-1200x480-1.jpg",1200,480,false],"thumbnail":["https:\/\/opinionpublica.com.ar\/index\/wp-content\/uploads\/2024\/03\/OSEF-RG-2-1200x480-1-150x150.jpg",150,150,true],"medium":["https:\/\/opinionpublica.com.ar\/index\/wp-content\/uploads\/2024\/03\/OSEF-RG-2-1200x480-1-300x120.jpg",300,120,true],"medium_large":["https:\/\/opinionpublica.com.ar\/index\/wp-content\/uploads\/2024\/03\/OSEF-RG-2-1200x480-1-768x307.jpg",640,256,true],"large":["https:\/\/opinionpublica.com.ar\/index\/wp-content\/uploads\/2024\/03\/OSEF-RG-2-1200x480-1-1024x410.jpg",640,256,true],"1536x1536":["https:\/\/opinionpublica.com.ar\/index\/wp-content\/uploads\/2024\/03\/OSEF-RG-2-1200x480-1.jpg",1200,480,false],"2048x2048":["https:\/\/opinionpublica.com.ar\/index\/wp-content\/uploads\/2024\/03\/OSEF-RG-2-1200x480-1.jpg",1200,480,false],"morenews-large":["https:\/\/opinionpublica.com.ar\/index\/wp-content\/uploads\/2024\/03\/OSEF-RG-2-1200x480-1-825x480.jpg",825,480,true],"morenews-medium":["https:\/\/opinionpublica.com.ar\/index\/wp-content\/uploads\/2024\/03\/OSEF-RG-2-1200x480-1-590x410.jpg",590,410,true]},"author_info":{"display_name":"Hal","author_link":"https:\/\/opinionpublica.com.ar\/index\/author\/hal\/"},"category_info":"<a href=\"https:\/\/opinionpublica.com.ar\/index\/category\/tierra-del-fuego\/\" rel=\"category tag\">Tierra del Fuego<\/a>","tag_info":"Tierra del Fuego","comment_count":"0","_links":{"self":[{"href":"https:\/\/opinionpublica.com.ar\/index\/wp-json\/wp\/v2\/posts\/11795","targetHints":{"allow":["GET"]}}],"collection":[{"href":"https:\/\/opinionpublica.com.ar\/index\/wp-json\/wp\/v2\/posts"}],"about":[{"href":"https:\/\/opinionpublica.com.ar\/index\/wp-json\/wp\/v2\/types\/post"}],"author":[{"embeddable":true,"href":"https:\/\/opinionpublica.com.ar\/index\/wp-json\/wp\/v2\/users\/5"}],"replies":[{"embeddable":true,"href":"https:\/\/opinionpublica.com.ar\/index\/wp-json\/wp\/v2\/comments?post=11795"}],"version-history":[{"count":1,"href":"https:\/\/opinionpublica.com.ar\/index\/wp-json\/wp\/v2\/posts\/11795\/revisions"}],"predecessor-version":[{"id":11796,"href":"https:\/\/opinionpublica.com.ar\/index\/wp-json\/wp\/v2\/posts\/11795\/revisions\/11796"}],"wp:featuredmedia":[{"embeddable":true,"href":"https:\/\/opinionpublica.com.ar\/index\/wp-json\/wp\/v2\/media\/985"}],"wp:attachment":[{"href":"https:\/\/opinionpublica.com.ar\/index\/wp-json\/wp\/v2\/media?parent=11795"}],"wp:term":[{"taxonomy":"category","embeddable":true,"href":"https:\/\/opinionpublica.com.ar\/index\/wp-json\/wp\/v2\/categories?post=11795"},{"taxonomy":"post_tag","embeddable":true,"href":"https:\/\/opinionpublica.com.ar\/index\/wp-json\/wp\/v2\/tags?post=11795"}],"curies":[{"name":"wp","href":"https:\/\/api.w.org\/{rel}","templated":true}]}}