{"id":11797,"date":"2025-11-21T09:43:36","date_gmt":"2025-11-21T12:43:36","guid":{"rendered":"https:\/\/opinionpublica.com.ar\/index\/?p=11797"},"modified":"2025-11-21T09:43:36","modified_gmt":"2025-11-21T12:43:36","slug":"judiciales-obtuvieron-recomposicion-salarial-buscada","status":"publish","type":"post","link":"https:\/\/opinionpublica.com.ar\/index\/judiciales-obtuvieron-recomposicion-salarial-buscada\/","title":{"rendered":"Judiciales obtuvieron recomposici\u00f3n salarial buscada"},"content":{"rendered":"<h3>Judiciales obtuvieron recomposici\u00f3n salarial buscada<\/h3>\n<p>Desde la conducci\u00f3n de la Uni\u00f3n Empleados de la Justicia de la Naci\u00f3n, emitieron un comunicado confirmando el otorgamiento de un incremento salarial para el sector en la provincia. Se resolvi\u00f3 \u201cadicionar un nuevo 2,5% a noviembre y un 2% a diciembre, configurando as\u00ed un 5% y 5% respectivamente\u201d, dijeron desde el gremio. Adem\u00e1s, indicaron que \u201cNo obstante ello, tambi\u00e9n se nos comunic\u00f3 que se encuentra a la firma otro 2,5% a partir del 1 de enero de 2026\u201d. Adem\u00e1s, habr\u00eda una recategorizaci\u00f3n que impactar\u00eda positivamente en los ingresos.<\/p>\n<p><a href=\"https:\/\/opinionpublica.com.ar\/index\/wp-content\/uploads\/2024\/11\/o_1687378694-judiciales-tierradel-fuego.jpg\"><img fetchpriority=\"high\" decoding=\"async\" class=\"alignnone size-full wp-image-7464\" src=\"https:\/\/opinionpublica.com.ar\/index\/wp-content\/uploads\/2024\/11\/o_1687378694-judiciales-tierradel-fuego.jpg\" alt=\"\" width=\"2341\" height=\"1432\" srcset=\"https:\/\/opinionpublica.com.ar\/index\/wp-content\/uploads\/2024\/11\/o_1687378694-judiciales-tierradel-fuego.jpg 2341w, https:\/\/opinionpublica.com.ar\/index\/wp-content\/uploads\/2024\/11\/o_1687378694-judiciales-tierradel-fuego-300x184.jpg 300w, https:\/\/opinionpublica.com.ar\/index\/wp-content\/uploads\/2024\/11\/o_1687378694-judiciales-tierradel-fuego-1024x626.jpg 1024w, https:\/\/opinionpublica.com.ar\/index\/wp-content\/uploads\/2024\/11\/o_1687378694-judiciales-tierradel-fuego-768x470.jpg 768w, https:\/\/opinionpublica.com.ar\/index\/wp-content\/uploads\/2024\/11\/o_1687378694-judiciales-tierradel-fuego-1536x940.jpg 1536w, https:\/\/opinionpublica.com.ar\/index\/wp-content\/uploads\/2024\/11\/o_1687378694-judiciales-tierradel-fuego-2048x1253.jpg 2048w\" sizes=\"(max-width: 2341px) 100vw, 2341px\" \/><\/a><\/p>\n<p>R\u00edo Grande \u2013 Desde la conducci\u00f3n de la Uni\u00f3n de Empleados de la Justicia de la Naci\u00f3n, se comunic\u00f3 que \u201cEn el d\u00eda de la fecha, tras haber hecho presencia en el Superior Tribunal de Justicia durante la medida de fuerza dispuesta por esta organizaci\u00f3n gremial, la presidente del m\u00e1ximo cuerpo, Dra. Mar\u00eda del Carmen Battaini, nos inform\u00f3 que se encuentra en circulaci\u00f3n un acuerdo para adicionar un nuevo 2,5% a noviembre y un 2% a diciembre, configurando as\u00ed un 5% y 5% respectivamente\u201d. Adem\u00e1s, indicaron que \u201cno obstante ello, tambi\u00e9n se nos comunic\u00f3 que se encuentra a la firma otro 2,5% a partir del 1 de enero de 2026\u201d.<\/p>\n<p>&nbsp;<\/p>\n<p>M\u00e1s adelante, dijeron que \u201cpor otro lado, se nos adelant\u00f3 que se encuentran los fondos necesarios para poder dar respuesta a otro de nuestros reclamos principales: la recategorizaci\u00f3n de los compa\u00f1eros y compa\u00f1eras que se encuentran en la categor\u00eda m\u00e1s baja. Esto, de la siguiente manera: quienes hayan cumplido seis meses de antig\u00fcedad en la categor\u00eda de auxiliar o ayudante tercero se encontrar\u00edan en condiciones de poder dar el salto a la siguiente categor\u00eda, logrando as\u00ed, con un aumento escalafonario, empezar a salir de la apremiante situaci\u00f3n de l\u00ednea de pobreza en la que muchos trabajadores judiciales se encuentran\u201d, remarcan.<\/p>\n<p>&nbsp;<\/p>\n<p>Se\u00f1alaron desde la UEJN que \u201cesta informaci\u00f3n y estos logros, sin duda alguna, son consecuencia de la convicci\u00f3n, la organizaci\u00f3n y la lucha con la que llevamos adelante el conflicto salarial desde principio de a\u00f1o. Luego de m\u00e1s de 25 medidas de fuerza de distinto calibre y contra cualquier pron\u00f3stico negativo, podemos avizorar un principio de soluci\u00f3n al conflicto, el cual ser\u00e1 conversado tanto por la Comisi\u00f3n Directiva como por parte del Plenario de Delegados\u201d.<\/p>\n<p>&nbsp;<\/p>\n<p>En otro tramo del comunicado, dicen que \u201cno hay lugar a dudas que la uni\u00f3n hace la fuerza, incluso en los momentos m\u00e1s dif\u00edciles de nuestra sociedad a nivel nacional y provincial. Con sentido estrat\u00e9gico y siempre llevando adelante la bandera de un Poder Judicial independiente, la Seccional Primera demuestra que est\u00e1 al frente y al cuidado de la dignidad de todos aquellos que brindamos el servicio de justicia\u201d.<\/p>\n<p>&nbsp;<\/p>\n<p>Finalmente, expresaron que \u201cpor eso, hoy tenemos motivo para celebrar, y lo haremos, al igual que todo el a\u00f1o, con la frente en alto, el coraz\u00f3n ardiente, la mente fr\u00eda, la bandera de la solidaridad y a paso de vencedores\u201d, firma el comunicado: Comisi\u00f3n Directiva Seccional N.\u00ba 1 \u201cLa Primera\u201d UEJN.<\/p>\n<p>&nbsp;<\/p>\n","protected":false},"excerpt":{"rendered":"<p>Judiciales obtuvieron recomposici\u00f3n salarial buscada Desde la conducci\u00f3n de la Uni\u00f3n Empleados de la Justicia de la Naci\u00f3n,<\/p>\n","protected":false},"author":5,"featured_media":7464,"comment_status":"open","ping_status":"open","sticky":false,"template":"","format":"standard","meta":{"footnotes":""},"categories":[2],"tags":[4017,1321],"class_list":["post-11797","post","type-post","status-publish","format-standard","has-post-thumbnail","hentry","category-tierra-del-fuego","tag-incremento-salarial","tag-uejn"],"featured_image_urls":{"full":["https:\/\/opinionpublica.com.ar\/index\/wp-content\/uploads\/2024\/11\/o_1687378694-judiciales-tierradel-fuego.jpg",2341,1432,false],"thumbnail":["https:\/\/opinionpublica.com.ar\/index\/wp-content\/uploads\/2024\/11\/o_1687378694-judiciales-tierradel-fuego-150x150.jpg",150,150,true],"medium":["https:\/\/opinionpublica.com.ar\/index\/wp-content\/uploads\/2024\/11\/o_1687378694-judiciales-tierradel-fuego-300x184.jpg",300,184,true],"medium_large":["https:\/\/opinionpublica.com.ar\/index\/wp-content\/uploads\/2024\/11\/o_1687378694-judiciales-tierradel-fuego-768x470.jpg",640,392,true],"large":["https:\/\/opinionpublica.com.ar\/index\/wp-content\/uploads\/2024\/11\/o_1687378694-judiciales-tierradel-fuego-1024x626.jpg",640,391,true],"1536x1536":["https:\/\/opinionpublica.com.ar\/index\/wp-content\/uploads\/2024\/11\/o_1687378694-judiciales-tierradel-fuego-1536x940.jpg",1536,940,true],"2048x2048":["https:\/\/opinionpublica.com.ar\/index\/wp-content\/uploads\/2024\/11\/o_1687378694-judiciales-tierradel-fuego-2048x1253.jpg",2048,1253,true],"morenews-large":["https:\/\/opinionpublica.com.ar\/index\/wp-content\/uploads\/2024\/11\/o_1687378694-judiciales-tierradel-fuego-825x575.jpg",825,575,true],"morenews-medium":["https:\/\/opinionpublica.com.ar\/index\/wp-content\/uploads\/2024\/11\/o_1687378694-judiciales-tierradel-fuego-590x410.jpg",590,410,true]},"author_info":{"display_name":"Hal","author_link":"https:\/\/opinionpublica.com.ar\/index\/author\/hal\/"},"category_info":"<a href=\"https:\/\/opinionpublica.com.ar\/index\/category\/tierra-del-fuego\/\" rel=\"category tag\">Tierra del Fuego<\/a>","tag_info":"Tierra del Fuego","comment_count":"0","_links":{"self":[{"href":"https:\/\/opinionpublica.com.ar\/index\/wp-json\/wp\/v2\/posts\/11797","targetHints":{"allow":["GET"]}}],"collection":[{"href":"https:\/\/opinionpublica.com.ar\/index\/wp-json\/wp\/v2\/posts"}],"about":[{"href":"https:\/\/opinionpublica.com.ar\/index\/wp-json\/wp\/v2\/types\/post"}],"author":[{"embeddable":true,"href":"https:\/\/opinionpublica.com.ar\/index\/wp-json\/wp\/v2\/users\/5"}],"replies":[{"embeddable":true,"href":"https:\/\/opinionpublica.com.ar\/index\/wp-json\/wp\/v2\/comments?post=11797"}],"version-history":[{"count":1,"href":"https:\/\/opinionpublica.com.ar\/index\/wp-json\/wp\/v2\/posts\/11797\/revisions"}],"predecessor-version":[{"id":11798,"href":"https:\/\/opinionpublica.com.ar\/index\/wp-json\/wp\/v2\/posts\/11797\/revisions\/11798"}],"wp:featuredmedia":[{"embeddable":true,"href":"https:\/\/opinionpublica.com.ar\/index\/wp-json\/wp\/v2\/media\/7464"}],"wp:attachment":[{"href":"https:\/\/opinionpublica.com.ar\/index\/wp-json\/wp\/v2\/media?parent=11797"}],"wp:term":[{"taxonomy":"category","embeddable":true,"href":"https:\/\/opinionpublica.com.ar\/index\/wp-json\/wp\/v2\/categories?post=11797"},{"taxonomy":"post_tag","embeddable":true,"href":"https:\/\/opinionpublica.com.ar\/index\/wp-json\/wp\/v2\/tags?post=11797"}],"curies":[{"name":"wp","href":"https:\/\/api.w.org\/{rel}","templated":true}]}}