{"id":11811,"date":"2025-11-26T09:06:02","date_gmt":"2025-11-26T12:06:02","guid":{"rendered":"https:\/\/opinionpublica.com.ar\/index\/?p=11811"},"modified":"2025-11-26T09:06:02","modified_gmt":"2025-11-26T12:06:02","slug":"ventura-afianza-su-lanzamiento-para-2027","status":"publish","type":"post","link":"https:\/\/opinionpublica.com.ar\/index\/ventura-afianza-su-lanzamiento-para-2027\/","title":{"rendered":"Ventura afianza su lanzamiento para 2027"},"content":{"rendered":"<h4>\u201cEs dif\u00edcil gobernar cuando nunca pagaste un 931\u201d: Ventura afianza su lanzamiento para 2027<\/h4>\n<p><a href=\"https:\/\/opinionpublica.com.ar\/index\/wp-content\/uploads\/2025\/11\/IMG-20251124-WA0076.jpg\"><img fetchpriority=\"high\" decoding=\"async\" class=\"alignnone size-full wp-image-11801\" src=\"https:\/\/opinionpublica.com.ar\/index\/wp-content\/uploads\/2025\/11\/IMG-20251124-WA0076.jpg\" alt=\"\" width=\"1600\" height=\"827\" srcset=\"https:\/\/opinionpublica.com.ar\/index\/wp-content\/uploads\/2025\/11\/IMG-20251124-WA0076.jpg 1600w, https:\/\/opinionpublica.com.ar\/index\/wp-content\/uploads\/2025\/11\/IMG-20251124-WA0076-300x155.jpg 300w, https:\/\/opinionpublica.com.ar\/index\/wp-content\/uploads\/2025\/11\/IMG-20251124-WA0076-1024x529.jpg 1024w, https:\/\/opinionpublica.com.ar\/index\/wp-content\/uploads\/2025\/11\/IMG-20251124-WA0076-768x397.jpg 768w, https:\/\/opinionpublica.com.ar\/index\/wp-content\/uploads\/2025\/11\/IMG-20251124-WA0076-1536x794.jpg 1536w\" sizes=\"(max-width: 1600px) 100vw, 1600px\" \/><\/a><\/p>\n<p>En di\u00e1logo con Sol Agusti y N\u00e9stor Schumacher, Gustavo Ventura profundiz\u00f3 su decisi\u00f3n de competir por la Intendencia de Ushuaia en 2027. Con cr\u00edticas directas a la dirigencia local y una propuesta de \u201creorganizaci\u00f3n del Estado\u201d, sostuvo que la ciudad necesita \u201cotra escala de gesti\u00f3n\u201d y menos pol\u00edtica tradicional.<\/p>\n<p>&nbsp;<\/p>\n<p>\u201cMe met\u00ed en pol\u00edtica para transformar la realidad\u201d<\/p>\n<p>&nbsp;<\/p>\n<p>Ventura repas\u00f3 su recorrido y dijo que nunca encontr\u00f3 un espacio donde se sintiera identificado.<\/p>\n<p>&nbsp;<\/p>\n<p>\u2014 \u201cMe met\u00ed en pol\u00edtica porque quer\u00eda transformar realidad. En la recorrida de barrios me di cuenta de que est\u00e1bamos formando algo genuino.\u201d<\/p>\n<p>&nbsp;<\/p>\n<p>Afirm\u00f3 que la gesti\u00f3n le dio \u201cel entendimiento del funcionamiento estatal\u201d que no ten\u00eda desde el sector privado.<\/p>\n<p>&nbsp;<\/p>\n<p>P\u00fablico y privado: una combinaci\u00f3n que reivindica<\/p>\n<p>&nbsp;<\/p>\n<p>\u2014 \u201cMi fuerte era lo privado, pero no se gobierna lo que no se conoce.\u201d<\/p>\n<p>&nbsp;<\/p>\n<h4>Desde ah\u00ed lanz\u00f3 una de sus cr\u00edticas m\u00e1s duras:<\/h4>\n<p>&nbsp;<\/p>\n<p>\u2014 \u201cLa dirigencia de hoy no sabe lo que es pagar un 931 o un aguinaldo. Cuando nunca pasaste por eso, es muy dif\u00edcil gobernar en un contexto como el actual.\u201d<\/p>\n<p>&nbsp;<\/p>\n<p>\u201cMi paso por la pol\u00edtica no fue un error\u201d<\/p>\n<p>&nbsp;<\/p>\n<p>\u2014 \u201cLa gesti\u00f3n me dio experiencia y un balance \u00fanico. Sigo hablando de lo mismo que cuando empec\u00e9: una Ushuaia m\u00e1s linda, sin pozos, con turismo y con pibes con futuro.\u201d<\/p>\n<p>&nbsp;<\/p>\n<p>\u201cEl municipio hoy es anacr\u00f3nico\u201d<\/p>\n<p>&nbsp;<\/p>\n<p>Ventura afirm\u00f3 que el diagn\u00f3stico territorial es claro: desempleo, tr\u00e1mites lentos y un Estado sobredimensionado.<\/p>\n<p>&nbsp;<\/p>\n<p>\u2014 \u201cUshuaia no es solo San Mart\u00edn. El municipio es anacr\u00f3nico. Vas a hacer un tr\u00e1mite y perd\u00e9s un d\u00eda entero.\u201d<\/p>\n<p>&nbsp;<\/p>\n<p><strong>Propone un Estado eficiente y austero:<\/strong><\/p>\n<p>&nbsp;<\/p>\n<p>\u2014 \u201cNecesitamos un municipio din\u00e1mico y a la medida de Ushuaia. No sobredimensionado. Queremos una ciudad limpia y convertir los residuos en ingresos.\u201d<\/p>\n<p>&nbsp;<\/p>\n<p><strong>Equipo, renovaci\u00f3n y profesionalizaci\u00f3n<\/strong><\/p>\n<p>&nbsp;<\/p>\n<p>\u2014 \u201cNuestro equipo mezcla experiencia y gente que nunca particip\u00f3. Ponderamos capacidades; muchos profesionales se sumaron porque quieren que Ushuaia cambie.\u201d<\/p>\n<p>&nbsp;<\/p>\n<p><strong>Reorganizar el Estado municipal<\/strong><\/p>\n<p>&nbsp;<\/p>\n<p>\u2014 \u201cNo puede ser que los gremios tengan secretarios y subsecretarios. Hay que remover esas megaestructuras y trabajar con equipos t\u00e9cnicos.\u201d<\/p>\n<p>&nbsp;<\/p>\n<p>Asegura que con \u201cseis o siete secretarios se gobierna Ushuaia perfectamente\u201d.<\/p>\n<p>&nbsp;<\/p>\n<p><strong>Tambi\u00e9n apunta a revisar contrataciones:<\/strong><\/p>\n<p>&nbsp;<\/p>\n<p>\u2014 \u201cMuchos entraron con contratos que son basura. Esos puestos tienen que migrar al sector privado.\u201d<\/p>\n<p>&nbsp;<\/p>\n<p>\u201cCapacitar para migrar del Estado al sector privado\u201d<\/p>\n<p>&nbsp;<\/p>\n<p>\u2014 \u201cLa dignificaci\u00f3n viene de la capacitaci\u00f3n en educaci\u00f3n y tecnolog\u00eda. Los primeros dos a\u00f1os deben enfocarse en preparar esa migraci\u00f3n.\u201d<\/p>\n<p>&nbsp;<\/p>\n<p>\u2014 \u201cHoy un chico entra a la muni, gana 600 mil y paga un alquiler de un mill\u00f3n.\u201d<\/p>\n","protected":false},"excerpt":{"rendered":"<p>\u201cEs dif\u00edcil gobernar cuando nunca pagaste un 931\u201d: Ventura afianza su lanzamiento para 2027 En di\u00e1logo con Sol<\/p>\n","protected":false},"author":5,"featured_media":11802,"comment_status":"open","ping_status":"open","sticky":false,"template":"","format":"standard","meta":{"footnotes":""},"categories":[27,2],"tags":[144,35],"class_list":["post-11811","post","type-post","status-publish","format-standard","has-post-thumbnail","hentry","category-politica","category-tierra-del-fuego","tag-gustavo-ventura","tag-politica"],"featured_image_urls":{"full":["https:\/\/opinionpublica.com.ar\/index\/wp-content\/uploads\/2025\/11\/IMG-20251124-WA0078.jpg",1125,731,false],"thumbnail":["https:\/\/opinionpublica.com.ar\/index\/wp-content\/uploads\/2025\/11\/IMG-20251124-WA0078-150x150.jpg",150,150,true],"medium":["https:\/\/opinionpublica.com.ar\/index\/wp-content\/uploads\/2025\/11\/IMG-20251124-WA0078-300x195.jpg",300,195,true],"medium_large":["https:\/\/opinionpublica.com.ar\/index\/wp-content\/uploads\/2025\/11\/IMG-20251124-WA0078-768x499.jpg",640,416,true],"large":["https:\/\/opinionpublica.com.ar\/index\/wp-content\/uploads\/2025\/11\/IMG-20251124-WA0078-1024x665.jpg",640,416,true],"1536x1536":["https:\/\/opinionpublica.com.ar\/index\/wp-content\/uploads\/2025\/11\/IMG-20251124-WA0078.jpg",1125,731,false],"2048x2048":["https:\/\/opinionpublica.com.ar\/index\/wp-content\/uploads\/2025\/11\/IMG-20251124-WA0078.jpg",1125,731,false],"morenews-large":["https:\/\/opinionpublica.com.ar\/index\/wp-content\/uploads\/2025\/11\/IMG-20251124-WA0078-825x575.jpg",825,575,true],"morenews-medium":["https:\/\/opinionpublica.com.ar\/index\/wp-content\/uploads\/2025\/11\/IMG-20251124-WA0078-590x410.jpg",590,410,true]},"author_info":{"display_name":"Hal","author_link":"https:\/\/opinionpublica.com.ar\/index\/author\/hal\/"},"category_info":"<a href=\"https:\/\/opinionpublica.com.ar\/index\/category\/politica\/\" rel=\"category tag\">Politica<\/a> <a href=\"https:\/\/opinionpublica.com.ar\/index\/category\/tierra-del-fuego\/\" rel=\"category tag\">Tierra del Fuego<\/a>","tag_info":"Tierra del Fuego","comment_count":"0","_links":{"self":[{"href":"https:\/\/opinionpublica.com.ar\/index\/wp-json\/wp\/v2\/posts\/11811","targetHints":{"allow":["GET"]}}],"collection":[{"href":"https:\/\/opinionpublica.com.ar\/index\/wp-json\/wp\/v2\/posts"}],"about":[{"href":"https:\/\/opinionpublica.com.ar\/index\/wp-json\/wp\/v2\/types\/post"}],"author":[{"embeddable":true,"href":"https:\/\/opinionpublica.com.ar\/index\/wp-json\/wp\/v2\/users\/5"}],"replies":[{"embeddable":true,"href":"https:\/\/opinionpublica.com.ar\/index\/wp-json\/wp\/v2\/comments?post=11811"}],"version-history":[{"count":1,"href":"https:\/\/opinionpublica.com.ar\/index\/wp-json\/wp\/v2\/posts\/11811\/revisions"}],"predecessor-version":[{"id":11812,"href":"https:\/\/opinionpublica.com.ar\/index\/wp-json\/wp\/v2\/posts\/11811\/revisions\/11812"}],"wp:featuredmedia":[{"embeddable":true,"href":"https:\/\/opinionpublica.com.ar\/index\/wp-json\/wp\/v2\/media\/11802"}],"wp:attachment":[{"href":"https:\/\/opinionpublica.com.ar\/index\/wp-json\/wp\/v2\/media?parent=11811"}],"wp:term":[{"taxonomy":"category","embeddable":true,"href":"https:\/\/opinionpublica.com.ar\/index\/wp-json\/wp\/v2\/categories?post=11811"},{"taxonomy":"post_tag","embeddable":true,"href":"https:\/\/opinionpublica.com.ar\/index\/wp-json\/wp\/v2\/tags?post=11811"}],"curies":[{"name":"wp","href":"https:\/\/api.w.org\/{rel}","templated":true}]}}