{"id":11826,"date":"2025-11-28T09:40:01","date_gmt":"2025-11-28T12:40:01","guid":{"rendered":"https:\/\/opinionpublica.com.ar\/index\/?p=11826"},"modified":"2025-11-28T09:40:01","modified_gmt":"2025-11-28T12:40:01","slug":"von-der-thusen-cuestiono-la-falta-de-informes-sobre-osef","status":"publish","type":"post","link":"https:\/\/opinionpublica.com.ar\/index\/von-der-thusen-cuestiono-la-falta-de-informes-sobre-osef\/","title":{"rendered":"Von der Thusen cuestion\u00f3 la falta de informes sobre OSEF"},"content":{"rendered":"<h3>Von der Thusen cuestion\u00f3 la falta de informes sobre OSEF y advirti\u00f3 por la crisis econ\u00f3mica que golpea al sector privado<\/h3>\n<p>El legislador Ra\u00fal von der Thusen expres\u00f3 su preocupaci\u00f3n por la falta de definiciones en torno a la pr\u00f3xima sesi\u00f3n legislativa \u2014que podr\u00eda realizarse el 4, 5 o 12 de diciembre\u2014 y se\u00f1al\u00f3 que la demora est\u00e1 vinculada a la ausencia de consensos pol\u00edticos para avanzar en temas sensibles, especialmente OSEF y la discusi\u00f3n por las salmoneras. \u201cNo tenemos fecha confirmada, y eso tiene m\u00e1s que ver con la falta de acuerdo interno que con otra cosa\u201d, afirm\u00f3.<\/p>\n<p><a href=\"https:\/\/opinionpublica.com.ar\/index\/wp-content\/uploads\/2024\/09\/GP9eoDHXEAA4pnh-Raul-Von-der-Thusen.jpg\"><img fetchpriority=\"high\" decoding=\"async\" class=\"alignnone size-full wp-image-5907\" src=\"https:\/\/opinionpublica.com.ar\/index\/wp-content\/uploads\/2024\/09\/GP9eoDHXEAA4pnh-Raul-Von-der-Thusen.jpg\" alt=\"\" width=\"1271\" height=\"837\" srcset=\"https:\/\/opinionpublica.com.ar\/index\/wp-content\/uploads\/2024\/09\/GP9eoDHXEAA4pnh-Raul-Von-der-Thusen.jpg 1271w, https:\/\/opinionpublica.com.ar\/index\/wp-content\/uploads\/2024\/09\/GP9eoDHXEAA4pnh-Raul-Von-der-Thusen-300x198.jpg 300w, https:\/\/opinionpublica.com.ar\/index\/wp-content\/uploads\/2024\/09\/GP9eoDHXEAA4pnh-Raul-Von-der-Thusen-1024x674.jpg 1024w, https:\/\/opinionpublica.com.ar\/index\/wp-content\/uploads\/2024\/09\/GP9eoDHXEAA4pnh-Raul-Von-der-Thusen-768x506.jpg 768w\" sizes=\"(max-width: 1271px) 100vw, 1271px\" \/><\/a><\/p>\n<p>Sobre la obra social provincial, fue categ\u00f3rico: \u201cNo entiendo cu\u00e1l es la intenci\u00f3n de volver a tratar OSEF sin haber recibido un solo informe sobre la ley aprobada en junio. No podemos seguir tapando baches sin tener una evaluaci\u00f3n seria\u201d. Si bien destac\u00f3 que el nuevo sistema agiliz\u00f3 la entrega de medicaci\u00f3n de alto costo, asegur\u00f3 que la situaci\u00f3n financiera sigue siendo cr\u00edtica y que cualquier reforma sin informaci\u00f3n oficial ser\u00eda \u201cdesprolija y apresurada\u201d.<\/p>\n<p>&nbsp;<\/p>\n<p>En la Comisi\u00f3n de Econom\u00eda, Von der Thusen analiz\u00f3 los proyectos que buscan aliviar a los comercios con deudas de Ingresos Brutos. Se trata de dos iniciativas \u2014una del Gobierno provincial y otra de La Libertad Avanza\u2014 que plantean una moratoria para regularizar obligaciones en un contexto de fuerte ca\u00edda del consumo. \u201cHay much\u00edsimo atraso porque los comercios priorizaron sostener empleo antes que pagar tributos. Necesitamos una ley que les permita adherirse en 2026\u201d, indic\u00f3 en FM La Isla. Explic\u00f3 que hay diferencias entre ambos proyectos en plazos, intereses y tiempos de gracia, pero asegur\u00f3 que existe consenso general para aprobar una moratoria.<\/p>\n<p>&nbsp;<\/p>\n<p>El legislador describi\u00f3 un panorama econ\u00f3mico \u201cextremadamente delicado\u201d, con una ca\u00edda de ventas del 40% al 50% en el \u00faltimo a\u00f1o y medio, comercios al borde del cierre y familias profundamente endeudadas. \u201cLa inflaci\u00f3n baj\u00f3, pero eso no se traduce en consumo. La gente est\u00e1 pagando pr\u00e9stamos que sac\u00f3 para pagar la tarjeta de cr\u00e9dito con la que compr\u00f3 comida. Sin poder adquisitivo no hay ventas, y si los comercios no venden, el Estado tambi\u00e9n se resiente. Es un efecto domin\u00f3\u201d, advirti\u00f3. Record\u00f3 adem\u00e1s que Tierra del Fuego se encuentra entre las provincias con mayor deuda per c\u00e1pita.<\/p>\n<p>&nbsp;<\/p>\n<p>Sobre el debate pol\u00edtico que gener\u00f3 la moratoria, pidi\u00f3 evitar generalizaciones: \u201cCuando hablo del sector privado no hablo de los grandes empresarios. Hablo del quiosquero que trabaja 14 horas por d\u00eda, del monotributista que no puede pagar ni el contador. No podemos meter a todos en la misma bolsa\u201d.<\/p>\n<p>&nbsp;<\/p>\n<p>Von der Thusen tambi\u00e9n destac\u00f3 la capacitaci\u00f3n brindada por el Comit\u00e9 Nacional para la Prevenci\u00f3n de la Tortura, en el marco de los protocolos de Minnesota y Estambul, dirigida a fuerzas de seguridad, personal penitenciario y operadores judiciales. \u201cEs algo hist\u00f3rico para la provincia, y quer\u00edamos cerrar la gesti\u00f3n concretando esta formaci\u00f3n\u201d, se\u00f1al\u00f3.<\/p>\n<p>&nbsp;<\/p>\n<p>Para el legislador, la recuperaci\u00f3n econ\u00f3mica no ser\u00e1 inmediata: \u201cHasta que no cambien las pol\u00edticas nacionales y la econom\u00eda no se reactive, la recuperaci\u00f3n llevar\u00e1 a\u00f1os. Estamos frente a una cadena que afecta a todos los sectores por igual\u201d.<\/p>\n<p>&nbsp;<\/p>\n","protected":false},"excerpt":{"rendered":"<p>Von der Thusen cuestion\u00f3 la falta de informes sobre OSEF y advirti\u00f3 por la crisis econ\u00f3mica que golpea<\/p>\n","protected":false},"author":5,"featured_media":2294,"comment_status":"open","ping_status":"open","sticky":false,"template":"","format":"standard","meta":{"footnotes":""},"categories":[2],"tags":[660,317,865],"class_list":["post-11826","post","type-post","status-publish","format-standard","has-post-thumbnail","hentry","category-tierra-del-fuego","tag-legislador","tag-osef","tag-von-der-thusen"],"featured_image_urls":{"full":["https:\/\/opinionpublica.com.ar\/index\/wp-content\/uploads\/2024\/04\/raul-von-der-thusen-1.jpg",1280,814,false],"thumbnail":["https:\/\/opinionpublica.com.ar\/index\/wp-content\/uploads\/2024\/04\/raul-von-der-thusen-1-150x150.jpg",150,150,true],"medium":["https:\/\/opinionpublica.com.ar\/index\/wp-content\/uploads\/2024\/04\/raul-von-der-thusen-1-300x191.jpg",300,191,true],"medium_large":["https:\/\/opinionpublica.com.ar\/index\/wp-content\/uploads\/2024\/04\/raul-von-der-thusen-1-768x488.jpg",640,407,true],"large":["https:\/\/opinionpublica.com.ar\/index\/wp-content\/uploads\/2024\/04\/raul-von-der-thusen-1-1024x651.jpg",640,407,true],"1536x1536":["https:\/\/opinionpublica.com.ar\/index\/wp-content\/uploads\/2024\/04\/raul-von-der-thusen-1.jpg",1280,814,false],"2048x2048":["https:\/\/opinionpublica.com.ar\/index\/wp-content\/uploads\/2024\/04\/raul-von-der-thusen-1.jpg",1280,814,false],"morenews-large":["https:\/\/opinionpublica.com.ar\/index\/wp-content\/uploads\/2024\/04\/raul-von-der-thusen-1-825x575.jpg",825,575,true],"morenews-medium":["https:\/\/opinionpublica.com.ar\/index\/wp-content\/uploads\/2024\/04\/raul-von-der-thusen-1-590x410.jpg",590,410,true]},"author_info":{"display_name":"Hal","author_link":"https:\/\/opinionpublica.com.ar\/index\/author\/hal\/"},"category_info":"<a href=\"https:\/\/opinionpublica.com.ar\/index\/category\/tierra-del-fuego\/\" rel=\"category tag\">Tierra del Fuego<\/a>","tag_info":"Tierra del Fuego","comment_count":"0","_links":{"self":[{"href":"https:\/\/opinionpublica.com.ar\/index\/wp-json\/wp\/v2\/posts\/11826","targetHints":{"allow":["GET"]}}],"collection":[{"href":"https:\/\/opinionpublica.com.ar\/index\/wp-json\/wp\/v2\/posts"}],"about":[{"href":"https:\/\/opinionpublica.com.ar\/index\/wp-json\/wp\/v2\/types\/post"}],"author":[{"embeddable":true,"href":"https:\/\/opinionpublica.com.ar\/index\/wp-json\/wp\/v2\/users\/5"}],"replies":[{"embeddable":true,"href":"https:\/\/opinionpublica.com.ar\/index\/wp-json\/wp\/v2\/comments?post=11826"}],"version-history":[{"count":1,"href":"https:\/\/opinionpublica.com.ar\/index\/wp-json\/wp\/v2\/posts\/11826\/revisions"}],"predecessor-version":[{"id":11827,"href":"https:\/\/opinionpublica.com.ar\/index\/wp-json\/wp\/v2\/posts\/11826\/revisions\/11827"}],"wp:featuredmedia":[{"embeddable":true,"href":"https:\/\/opinionpublica.com.ar\/index\/wp-json\/wp\/v2\/media\/2294"}],"wp:attachment":[{"href":"https:\/\/opinionpublica.com.ar\/index\/wp-json\/wp\/v2\/media?parent=11826"}],"wp:term":[{"taxonomy":"category","embeddable":true,"href":"https:\/\/opinionpublica.com.ar\/index\/wp-json\/wp\/v2\/categories?post=11826"},{"taxonomy":"post_tag","embeddable":true,"href":"https:\/\/opinionpublica.com.ar\/index\/wp-json\/wp\/v2\/tags?post=11826"}],"curies":[{"name":"wp","href":"https:\/\/api.w.org\/{rel}","templated":true}]}}