{"id":11828,"date":"2025-11-28T09:49:01","date_gmt":"2025-11-28T12:49:01","guid":{"rendered":"https:\/\/opinionpublica.com.ar\/index\/?p=11828"},"modified":"2025-11-28T09:49:01","modified_gmt":"2025-11-28T12:49:01","slug":"aerolineas-argentinas-sumara-18-aviones-en-tres-anos","status":"publish","type":"post","link":"https:\/\/opinionpublica.com.ar\/index\/aerolineas-argentinas-sumara-18-aviones-en-tres-anos\/","title":{"rendered":"Aerol\u00edneas Argentinas sumar\u00e1 18 aviones en tres a\u00f1os"},"content":{"rendered":"<h3>Aerol\u00edneas Argentinas sumar\u00e1 18 aviones en tres a\u00f1os: invertir\u00e1 US$ 65 millones sin aportes del Estado<\/h3>\n<p>Las primeras aeronaves, seg\u00fan el plan, llegar\u00e1n en formato de leasing a fines de 2026.<\/p>\n<p>El plan se completar\u00e1 durante 2029.<\/p>\n<p><a href=\"https:\/\/opinionpublica.com.ar\/index\/wp-content\/uploads\/2024\/11\/3G9Mc11Bm_600x600__1-aerolineas.jpg\"><img fetchpriority=\"high\" decoding=\"async\" class=\"alignnone size-full wp-image-7088\" src=\"https:\/\/opinionpublica.com.ar\/index\/wp-content\/uploads\/2024\/11\/3G9Mc11Bm_600x600__1-aerolineas.jpg\" alt=\"\" width=\"600\" height=\"600\" srcset=\"https:\/\/opinionpublica.com.ar\/index\/wp-content\/uploads\/2024\/11\/3G9Mc11Bm_600x600__1-aerolineas.jpg 600w, https:\/\/opinionpublica.com.ar\/index\/wp-content\/uploads\/2024\/11\/3G9Mc11Bm_600x600__1-aerolineas-300x300.jpg 300w, https:\/\/opinionpublica.com.ar\/index\/wp-content\/uploads\/2024\/11\/3G9Mc11Bm_600x600__1-aerolineas-150x150.jpg 150w\" sizes=\"(max-width: 600px) 100vw, 600px\" \/><\/a><\/p>\n<p>&nbsp;<\/p>\n<p>Aerol\u00edneas Argentinas anunci\u00f3 que incorporar\u00e1 18 aviones, un plan de inversi\u00f3n de US$ 65 millones, y que tendr\u00e1 la particularidad de que se llevar\u00e1 a cabo en forma completa con aportes propios de la compa\u00f1\u00eda, sin aportes del Estado.<\/p>\n<p>&nbsp;<\/p>\n<p>La suma de aeronaves no se realizar\u00e1 a trav\u00e9s de compras, sino que se dar\u00e1 mediante la figura del alquiler a Lessors (empresas dedicadas a comprar flotas para alquilarlas a las aerol\u00edneas). La determinaci\u00f3n de tomar esta v\u00eda tiene que ver con una cuesti\u00f3n de tiempos y de fondos, es decir evitar los tiempos que demoran los procesos de compras y la inversi\u00f3n inicial que se debe hacer para adquirir un avi\u00f3n, que puede tener un precio base cercano a los US$ 250 millones.<\/p>\n<p>&nbsp;<\/p>\n<p>Este tipo de alquiler -conocido t\u00e9cnicamente como leasing operativo- se suele pactar mediante contratos de 10 a\u00f1os, con una extensi\u00f3n habitual total de hasta 20 a\u00f1os. Seg\u00fan datos del mercado, el costo de un alquiler mensual por aeronave podr\u00eda oscilar entre los US$ 800.000 y US$ 1,5 millones, dependiendo del modelo.<\/p>\n<p>&nbsp;<\/p>\n<p>Esta decisi\u00f3n estrat\u00e9gica -sobre la que ya avanz\u00f3 fuerte la empresa que hoy est\u00e1 en manos estatales- no solo apunta a modernizar sus activos, sino que tambi\u00e9n redefine la experiencia del pasajero e impulsa la rentabilidad en los mercados nacional e internacional.<\/p>\n<p>&nbsp;<\/p>\n<p>El plan contempla la incorporaci\u00f3n de cuatro Airbus A330neo para la estrategia de largo alcance, y catorce aeronaves de la familia Boeing MAX (dos MAX8, cuatro MAX9 y ocho MAX10). La aerol\u00ednea inform\u00f3 que el proceso de aprobaci\u00f3n por parte del Directorio de la a\u00e9rea ya se inici\u00f3 para sumar los cuatro aviones de largo alcance y dos del tipo MAX8. La gesti\u00f3n para los doce aviones restantes se iniciar\u00e1 en una fase posterior.<\/p>\n<p>&nbsp;<\/p>\n<p>Los primeros aviones en llegar se esperan para fines de 2026, un proceso que se extender\u00e1 hasta 2029, cuando Aerol\u00edneas Argentinas ya prev\u00e9 haber sumado la totalidad de la nueva flota.<\/p>\n<p><a href=\"https:\/\/opinionpublica.com.ar\/index\/wp-content\/uploads\/2024\/08\/aerolineas-argentinas.jpg\"><img decoding=\"async\" class=\"alignnone size-full wp-image-5300\" src=\"https:\/\/opinionpublica.com.ar\/index\/wp-content\/uploads\/2024\/08\/aerolineas-argentinas.jpg\" alt=\"\" width=\"1200\" height=\"800\" srcset=\"https:\/\/opinionpublica.com.ar\/index\/wp-content\/uploads\/2024\/08\/aerolineas-argentinas.jpg 1200w, https:\/\/opinionpublica.com.ar\/index\/wp-content\/uploads\/2024\/08\/aerolineas-argentinas-300x200.jpg 300w, https:\/\/opinionpublica.com.ar\/index\/wp-content\/uploads\/2024\/08\/aerolineas-argentinas-1024x683.jpg 1024w, https:\/\/opinionpublica.com.ar\/index\/wp-content\/uploads\/2024\/08\/aerolineas-argentinas-768x512.jpg 768w\" sizes=\"(max-width: 1200px) 100vw, 1200px\" \/><\/a><\/p>\n<p>&nbsp;<\/p>\n<p>Los $65 millones no solo cubren la flota sino que contemplan la remodelaci\u00f3n de los interiores de algunas aeronaves ya existentes, adem\u00e1s de la renovaci\u00f3n de asientos y la instalaci\u00f3n de avanzada conectividad a bordo.<\/p>\n<p>&nbsp;<\/p>\n<p>Seg\u00fan el presidente y CEO de la empresa, Fabi\u00e1n Lombardo, este hito confirma la transformaci\u00f3n de Aerol\u00edneas Argentinas en \u00abuna compa\u00f1\u00eda con capacidad de inversi\u00f3n y proyecci\u00f3n con recursos propios\u00bb.<\/p>\n<p>&nbsp;<\/p>\n<p>La aerol\u00ednea, que proyecta que 2025 sea su primer a\u00f1o sin requerir aportes del Tesoro Nacional desde su re estatizaci\u00f3n, ha logrado revertir las p\u00e9rdidas hist\u00f3ricas, alcanzando un resultado operativo positivo ($56.6 millones de d\u00f3lares en 2024), cifra que se espera duplicar en el pr\u00f3ximo ejercicio.<\/p>\n<p>&nbsp;<\/p>\n","protected":false},"excerpt":{"rendered":"<p>Aerol\u00edneas Argentinas sumar\u00e1 18 aviones en tres a\u00f1os: invertir\u00e1 US$ 65 millones sin aportes del Estado Las primeras<\/p>\n","protected":false},"author":5,"featured_media":5300,"comment_status":"open","ping_status":"open","sticky":false,"template":"","format":"standard","meta":{"footnotes":""},"categories":[3],"tags":[931],"class_list":["post-11828","post","type-post","status-publish","format-standard","has-post-thumbnail","hentry","category-nacionales","tag-aerolineas-argentina"],"featured_image_urls":{"full":["https:\/\/opinionpublica.com.ar\/index\/wp-content\/uploads\/2024\/08\/aerolineas-argentinas.jpg",1200,800,false],"thumbnail":["https:\/\/opinionpublica.com.ar\/index\/wp-content\/uploads\/2024\/08\/aerolineas-argentinas-150x150.jpg",150,150,true],"medium":["https:\/\/opinionpublica.com.ar\/index\/wp-content\/uploads\/2024\/08\/aerolineas-argentinas-300x200.jpg",300,200,true],"medium_large":["https:\/\/opinionpublica.com.ar\/index\/wp-content\/uploads\/2024\/08\/aerolineas-argentinas-768x512.jpg",640,427,true],"large":["https:\/\/opinionpublica.com.ar\/index\/wp-content\/uploads\/2024\/08\/aerolineas-argentinas-1024x683.jpg",640,427,true],"1536x1536":["https:\/\/opinionpublica.com.ar\/index\/wp-content\/uploads\/2024\/08\/aerolineas-argentinas.jpg",1200,800,false],"2048x2048":["https:\/\/opinionpublica.com.ar\/index\/wp-content\/uploads\/2024\/08\/aerolineas-argentinas.jpg",1200,800,false],"morenews-large":["https:\/\/opinionpublica.com.ar\/index\/wp-content\/uploads\/2024\/08\/aerolineas-argentinas-825x575.jpg",825,575,true],"morenews-medium":["https:\/\/opinionpublica.com.ar\/index\/wp-content\/uploads\/2024\/08\/aerolineas-argentinas-590x410.jpg",590,410,true]},"author_info":{"display_name":"Hal","author_link":"https:\/\/opinionpublica.com.ar\/index\/author\/hal\/"},"category_info":"<a href=\"https:\/\/opinionpublica.com.ar\/index\/category\/nacionales\/\" rel=\"category tag\">Nacionales<\/a>","tag_info":"Nacionales","comment_count":"0","_links":{"self":[{"href":"https:\/\/opinionpublica.com.ar\/index\/wp-json\/wp\/v2\/posts\/11828","targetHints":{"allow":["GET"]}}],"collection":[{"href":"https:\/\/opinionpublica.com.ar\/index\/wp-json\/wp\/v2\/posts"}],"about":[{"href":"https:\/\/opinionpublica.com.ar\/index\/wp-json\/wp\/v2\/types\/post"}],"author":[{"embeddable":true,"href":"https:\/\/opinionpublica.com.ar\/index\/wp-json\/wp\/v2\/users\/5"}],"replies":[{"embeddable":true,"href":"https:\/\/opinionpublica.com.ar\/index\/wp-json\/wp\/v2\/comments?post=11828"}],"version-history":[{"count":1,"href":"https:\/\/opinionpublica.com.ar\/index\/wp-json\/wp\/v2\/posts\/11828\/revisions"}],"predecessor-version":[{"id":11829,"href":"https:\/\/opinionpublica.com.ar\/index\/wp-json\/wp\/v2\/posts\/11828\/revisions\/11829"}],"wp:featuredmedia":[{"embeddable":true,"href":"https:\/\/opinionpublica.com.ar\/index\/wp-json\/wp\/v2\/media\/5300"}],"wp:attachment":[{"href":"https:\/\/opinionpublica.com.ar\/index\/wp-json\/wp\/v2\/media?parent=11828"}],"wp:term":[{"taxonomy":"category","embeddable":true,"href":"https:\/\/opinionpublica.com.ar\/index\/wp-json\/wp\/v2\/categories?post=11828"},{"taxonomy":"post_tag","embeddable":true,"href":"https:\/\/opinionpublica.com.ar\/index\/wp-json\/wp\/v2\/tags?post=11828"}],"curies":[{"name":"wp","href":"https:\/\/api.w.org\/{rel}","templated":true}]}}