{"id":11850,"date":"2025-12-01T09:16:24","date_gmt":"2025-12-01T12:16:24","guid":{"rendered":"https:\/\/opinionpublica.com.ar\/index\/?p=11850"},"modified":"2025-12-01T09:16:24","modified_gmt":"2025-12-01T12:16:24","slug":"activaron-protocolo-de-seguridad-en-la-cooperativa-audivic","status":"publish","type":"post","link":"https:\/\/opinionpublica.com.ar\/index\/activaron-protocolo-de-seguridad-en-la-cooperativa-audivic\/","title":{"rendered":"Activaron protocolo de seguridad en la Cooperativa Audivic"},"content":{"rendered":"<h3>Activaron protocolo de seguridad en la Cooperativa Audivic de R\u00edo Grande tras falla en un equipo<\/h3>\n<p>A trav\u00e9s de un comunicado, la Cooperativa Audivic inform\u00f3 este domingo sobre el r\u00e1pido accionar del personal tras detectarse humo en un equipo, siguiendo as\u00ed protocolos internos de seguridad que permitieron controlar el incidente en pocos minutos. \u201cNo se registraron heridos y no hubo da\u00f1os significativos\u201d, resaltaron.<\/p>\n<p><a href=\"https:\/\/opinionpublica.com.ar\/index\/wp-content\/uploads\/2025\/12\/20251130125109_474810076_984805153521466_9134345957625796149_n.jpg\"><img fetchpriority=\"high\" decoding=\"async\" class=\"alignnone size-full wp-image-11851\" src=\"https:\/\/opinionpublica.com.ar\/index\/wp-content\/uploads\/2025\/12\/20251130125109_474810076_984805153521466_9134345957625796149_n.jpg\" alt=\"\" width=\"880\" height=\"586\" srcset=\"https:\/\/opinionpublica.com.ar\/index\/wp-content\/uploads\/2025\/12\/20251130125109_474810076_984805153521466_9134345957625796149_n.jpg 880w, https:\/\/opinionpublica.com.ar\/index\/wp-content\/uploads\/2025\/12\/20251130125109_474810076_984805153521466_9134345957625796149_n-300x200.jpg 300w, https:\/\/opinionpublica.com.ar\/index\/wp-content\/uploads\/2025\/12\/20251130125109_474810076_984805153521466_9134345957625796149_n-768x511.jpg 768w\" sizes=\"(max-width: 880px) 100vw, 880px\" \/><\/a><\/p>\n<p>&nbsp;<\/p>\n<p>A trav\u00e9s de un comunicado, la Cooperativa Audivic inform\u00f3 sobre el r\u00e1pido accionar que se llev\u00f3 adelante este domingo tras detectarse humo en un equipo, siguiendo as\u00ed protocolos internos de seguridad que permitieron controlar el incidente en pocos minutos. \u201cNo se registraron heridos y no hubo da\u00f1os significativos\u201d, resaltaron.<\/p>\n<p>&nbsp;<\/p>\n<p>De acuerdo al comunicado oficial \u201cdurante la jornada de hoy se produjo un error operativo que gener\u00f3 la presencia de humo en un equipo de la planta. El hecho fue atendido inmediatamente y, conforme a los protocolos internos, se notific\u00f3 a Defensa Civil, quienes verificaron las condiciones de seguridad y confirmaron la normalidad de la operaci\u00f3n\u201d.<\/p>\n<p>&nbsp;<\/p>\n<p>\u201cNo se registraron heridos, no hubo da\u00f1os significativos y el incidente qued\u00f3 controlado en pocos minutos. La planta contin\u00faa funcionando con total normalidad\u201d, remarcaron desde la Cooperativa.<\/p>\n<p>&nbsp;<\/p>\n<p>Y cerraron: \u201cAudivic reafirma su compromiso con la seguridad, la transparencia y la continuidad responsable de sus actividades productivas\u201d.<\/p>\n<p>&nbsp;<\/p>\n","protected":false},"excerpt":{"rendered":"<p>Activaron protocolo de seguridad en la Cooperativa Audivic de R\u00edo Grande tras falla en un equipo A trav\u00e9s<\/p>\n","protected":false},"author":5,"featured_media":11851,"comment_status":"open","ping_status":"open","sticky":false,"template":"","format":"standard","meta":{"footnotes":""},"categories":[25],"tags":[4028,603,7,5],"class_list":["post-11850","post","type-post","status-publish","format-standard","has-post-thumbnail","hentry","category-rio-grande","tag-cooperativa-ex-audivic","tag-industria-fueguina","tag-rio-grande","tag-tierra-del-fuego"],"featured_image_urls":{"full":["https:\/\/opinionpublica.com.ar\/index\/wp-content\/uploads\/2025\/12\/20251130125109_474810076_984805153521466_9134345957625796149_n.jpg",880,586,false],"thumbnail":["https:\/\/opinionpublica.com.ar\/index\/wp-content\/uploads\/2025\/12\/20251130125109_474810076_984805153521466_9134345957625796149_n-150x150.jpg",150,150,true],"medium":["https:\/\/opinionpublica.com.ar\/index\/wp-content\/uploads\/2025\/12\/20251130125109_474810076_984805153521466_9134345957625796149_n-300x200.jpg",300,200,true],"medium_large":["https:\/\/opinionpublica.com.ar\/index\/wp-content\/uploads\/2025\/12\/20251130125109_474810076_984805153521466_9134345957625796149_n-768x511.jpg",640,426,true],"large":["https:\/\/opinionpublica.com.ar\/index\/wp-content\/uploads\/2025\/12\/20251130125109_474810076_984805153521466_9134345957625796149_n.jpg",640,426,false],"1536x1536":["https:\/\/opinionpublica.com.ar\/index\/wp-content\/uploads\/2025\/12\/20251130125109_474810076_984805153521466_9134345957625796149_n.jpg",880,586,false],"2048x2048":["https:\/\/opinionpublica.com.ar\/index\/wp-content\/uploads\/2025\/12\/20251130125109_474810076_984805153521466_9134345957625796149_n.jpg",880,586,false],"morenews-large":["https:\/\/opinionpublica.com.ar\/index\/wp-content\/uploads\/2025\/12\/20251130125109_474810076_984805153521466_9134345957625796149_n-825x575.jpg",825,575,true],"morenews-medium":["https:\/\/opinionpublica.com.ar\/index\/wp-content\/uploads\/2025\/12\/20251130125109_474810076_984805153521466_9134345957625796149_n-590x410.jpg",590,410,true]},"author_info":{"display_name":"Hal","author_link":"https:\/\/opinionpublica.com.ar\/index\/author\/hal\/"},"category_info":"<a href=\"https:\/\/opinionpublica.com.ar\/index\/category\/rio-grande\/\" rel=\"category tag\">Rio Grande<\/a>","tag_info":"Rio Grande","comment_count":"0","_links":{"self":[{"href":"https:\/\/opinionpublica.com.ar\/index\/wp-json\/wp\/v2\/posts\/11850","targetHints":{"allow":["GET"]}}],"collection":[{"href":"https:\/\/opinionpublica.com.ar\/index\/wp-json\/wp\/v2\/posts"}],"about":[{"href":"https:\/\/opinionpublica.com.ar\/index\/wp-json\/wp\/v2\/types\/post"}],"author":[{"embeddable":true,"href":"https:\/\/opinionpublica.com.ar\/index\/wp-json\/wp\/v2\/users\/5"}],"replies":[{"embeddable":true,"href":"https:\/\/opinionpublica.com.ar\/index\/wp-json\/wp\/v2\/comments?post=11850"}],"version-history":[{"count":1,"href":"https:\/\/opinionpublica.com.ar\/index\/wp-json\/wp\/v2\/posts\/11850\/revisions"}],"predecessor-version":[{"id":11852,"href":"https:\/\/opinionpublica.com.ar\/index\/wp-json\/wp\/v2\/posts\/11850\/revisions\/11852"}],"wp:featuredmedia":[{"embeddable":true,"href":"https:\/\/opinionpublica.com.ar\/index\/wp-json\/wp\/v2\/media\/11851"}],"wp:attachment":[{"href":"https:\/\/opinionpublica.com.ar\/index\/wp-json\/wp\/v2\/media?parent=11850"}],"wp:term":[{"taxonomy":"category","embeddable":true,"href":"https:\/\/opinionpublica.com.ar\/index\/wp-json\/wp\/v2\/categories?post=11850"},{"taxonomy":"post_tag","embeddable":true,"href":"https:\/\/opinionpublica.com.ar\/index\/wp-json\/wp\/v2\/tags?post=11850"}],"curies":[{"name":"wp","href":"https:\/\/api.w.org\/{rel}","templated":true}]}}