{"id":11853,"date":"2025-12-01T09:28:53","date_gmt":"2025-12-01T12:28:53","guid":{"rendered":"https:\/\/opinionpublica.com.ar\/index\/?p=11853"},"modified":"2025-12-01T09:28:53","modified_gmt":"2025-12-01T12:28:53","slug":"iaato-pidio-disculpas-por-malvinas-en-el-congreso-antartico","status":"publish","type":"post","link":"https:\/\/opinionpublica.com.ar\/index\/iaato-pidio-disculpas-por-malvinas-en-el-congreso-antartico\/","title":{"rendered":"IAATO pidi\u00f3 disculpas por Malvinas en el Congreso Ant\u00e1rtico"},"content":{"rendered":"<h3>IAATO pidi\u00f3 disculpas por Malvinas en el Congreso Ant\u00e1rtico<\/h3>\n<p><a href=\"https:\/\/opinionpublica.com.ar\/index\/wp-content\/uploads\/2025\/12\/islas-malvinasjpg.jpg\"><img fetchpriority=\"high\" decoding=\"async\" class=\"alignnone size-full wp-image-11854\" src=\"https:\/\/opinionpublica.com.ar\/index\/wp-content\/uploads\/2025\/12\/islas-malvinasjpg.jpg\" alt=\"\" width=\"1200\" height=\"676\" srcset=\"https:\/\/opinionpublica.com.ar\/index\/wp-content\/uploads\/2025\/12\/islas-malvinasjpg.jpg 1200w, https:\/\/opinionpublica.com.ar\/index\/wp-content\/uploads\/2025\/12\/islas-malvinasjpg-300x169.jpg 300w, https:\/\/opinionpublica.com.ar\/index\/wp-content\/uploads\/2025\/12\/islas-malvinasjpg-1024x577.jpg 1024w, https:\/\/opinionpublica.com.ar\/index\/wp-content\/uploads\/2025\/12\/islas-malvinasjpg-768x433.jpg 768w\" sizes=\"(max-width: 1200px) 100vw, 1200px\" \/><\/a><\/p>\n<p>Durante el Congreso Ant\u00e1rtico Ushuaia 2025, IAATO proyect\u00f3 una placa institucional sobre las puertas de entrada a la Ant\u00e1rtida en la que figuraba la denominaci\u00f3n brit\u00e1nica junto a la argentina para referirse a las Islas Malvinas. Tras el episodio, FINNOVA aclar\u00f3 que ese material no fue producido por la organizaci\u00f3n del Congreso Ant\u00e1rtico y reafirm\u00f3 que no utiliza la denominaci\u00f3n brit\u00e1nica en sus contenidos y sostiene de manera inequ\u00edvoca la soberan\u00eda argentina sobre Malvinas. IAATO envi\u00f3 una comunicaci\u00f3n formal en la que explic\u00f3 el origen del error, vinculado al uso de la nomenclatura de Naciones Unidas, reconoci\u00f3 que la nomenclatura no fue aplicada correctamente en este caso y pidi\u00f3 disculpas, subrayando que no hubo intenci\u00f3n de faltar el respeto ni de expresar una posici\u00f3n pol\u00edtica.<\/p>\n<p>&nbsp;<\/p>\n<p>&nbsp;<\/p>\n<p>El Congreso Ant\u00e1rtico Ushuaia 2025 reuni\u00f3 el viernes 28 de noviembre a m\u00e1s de 1.000 personas en una jornada que combin\u00f3 ciencia argentina, historia de la exploraci\u00f3n ant\u00e1rtica, log\u00edstica, energ\u00eda e innovaci\u00f3n, con el objetivo de fortalecer el rol de Ushuaia como puerta de entrada a la Ant\u00e1rtida. El entusiasmo y la participaci\u00f3n del p\u00fablico mostraron con claridad el inter\u00e9s creciente que despierta la agenda ant\u00e1rtica en nuestra provincia.<\/p>\n<p>&nbsp;<\/p>\n<p>En el marco de una de las ponencias \u2013a cargo de una representante de IAATO, la asociaci\u00f3n internacional que regula y promueve el turismo ant\u00e1rtico\u2013 se proyect\u00f3 una placa elaborada por su organizaci\u00f3n para una presentaci\u00f3n sobre las puertas de entrada a la Ant\u00e1rtida. Esa placa inclu\u00eda la denominaci\u00f3n brit\u00e1nica junto a la argentina para referirse a nuestras Islas Malvinas.<\/p>\n<p>&nbsp;<\/p>\n<p>Desde FINNOVA se\u00f1alaron que ese contenido no fue producido por la instituci\u00f3n, sino que pertenec\u00eda \u00edntegramente a la presentaci\u00f3n institucional de IAATO, y que de ning\u00fan modo representa su posici\u00f3n. FINNOVA no utiliz\u00f3 ni utiliza la denominaci\u00f3n brit\u00e1nica en sus contenidos y sostiene de manera inequ\u00edvoca la soberan\u00eda argentina sobre las Islas Malvinas.<\/p>\n<p>&nbsp;<\/p>\n<p>Hoy, FINNOVA recibi\u00f3 una comunicaci\u00f3n formal de IAATO explicando el origen del error y pidiendo disculpas. La organizaci\u00f3n indic\u00f3 que, como asociaci\u00f3n internacional, utiliza la nomenclatura recomendada por Naciones Unidas \u2013que incluye ambas denominaciones, la argentina y la brit\u00e1nica\u2013. La placa original, una comparativa de las diferentes puertas de entrada, estaba en ingl\u00e9s y, al traducirla al espa\u00f1ol, no se modific\u00f3 el orden, como hubiera correspondido, quedando primero la denominaci\u00f3n brit\u00e1nica.<\/p>\n<p>&nbsp;<\/p>\n<p>IAATO reconoci\u00f3 el error y aclar\u00f3 que no hubo intenci\u00f3n de faltar el respeto ni de expresar una posici\u00f3n pol\u00edtica. Tambi\u00e9n reconoci\u00f3 que la nomenclatura de Naciones Unidas no fue aplicada correctamente en este caso y ofreci\u00f3 sus disculpas por la situaci\u00f3n generada.<\/p>\n<p>&nbsp;<\/p>\n<p>Desde FINNOVA lamentaron sinceramente este error, especialmente trat\u00e1ndose de un tema tan sensible para quienes viven en Tierra del Fuego, y reafirmaron que no refleja su postura.<\/p>\n<p>&nbsp;<\/p>\n<p>La organizaci\u00f3n destac\u00f3 que esto ocurri\u00f3 en el marco de un Congreso que justamente busca fortalecer el rol de Ushuaia y de la Argentina en la Ant\u00e1rtida, y que reuni\u00f3 a m\u00e1s de 1.000 personas a lo largo de la jornada. Especialistas nacionales e internacionales presentaron trabajos sobre ciencia argentina, historia de la exploraci\u00f3n ant\u00e1rtica argentina, log\u00edstica, ambiente, energ\u00eda e innovaci\u00f3n, consolidando a Ushuaia como un espacio central para pensar el futuro del continente blanco.<\/p>\n<p>&nbsp;<\/p>\n<p>FINNOVA naci\u00f3 en Tierra del Fuego para promover el desarrollo de la provincia, con foco en el arraigo fueguino y la innovaci\u00f3n. La instituci\u00f3n destac\u00f3 el apoyo recibido durante el Congreso y ratific\u00f3 que seguir\u00e1 trabajando para fortalecer el rol estrat\u00e9gico de Ushuaia y de la Argentina en la agenda ant\u00e1rtica y en el Atl\u00e1ntico Sur.<\/p>\n<p>&nbsp;<\/p>\n<p>El inter\u00e9s, la participaci\u00f3n y el intercambio que gener\u00f3 esta edici\u00f3n impulsan a FINNOVA a profundizar este camino y a avanzar con nuevas acciones que contin\u00faen posicionando a Ushuaia en el lugar que merece dentro de la agenda polar global.<\/p>\n","protected":false},"excerpt":{"rendered":"<p>IAATO pidi\u00f3 disculpas por Malvinas en el Congreso Ant\u00e1rtico Durante el Congreso Ant\u00e1rtico Ushuaia 2025, IAATO proyect\u00f3 una<\/p>\n","protected":false},"author":5,"featured_media":11854,"comment_status":"open","ping_status":"open","sticky":false,"template":"","format":"standard","meta":{"footnotes":""},"categories":[29,2],"tags":[742,4029,2354],"class_list":["post-11853","post","type-post","status-publish","format-standard","has-post-thumbnail","hentry","category-interes-general","category-tierra-del-fuego","tag-finnova","tag-iaato","tag-malvinas-argentinas"],"featured_image_urls":{"full":["https:\/\/opinionpublica.com.ar\/index\/wp-content\/uploads\/2025\/12\/islas-malvinasjpg.jpg",1200,676,false],"thumbnail":["https:\/\/opinionpublica.com.ar\/index\/wp-content\/uploads\/2025\/12\/islas-malvinasjpg-150x150.jpg",150,150,true],"medium":["https:\/\/opinionpublica.com.ar\/index\/wp-content\/uploads\/2025\/12\/islas-malvinasjpg-300x169.jpg",300,169,true],"medium_large":["https:\/\/opinionpublica.com.ar\/index\/wp-content\/uploads\/2025\/12\/islas-malvinasjpg-768x433.jpg",640,361,true],"large":["https:\/\/opinionpublica.com.ar\/index\/wp-content\/uploads\/2025\/12\/islas-malvinasjpg-1024x577.jpg",640,361,true],"1536x1536":["https:\/\/opinionpublica.com.ar\/index\/wp-content\/uploads\/2025\/12\/islas-malvinasjpg.jpg",1200,676,false],"2048x2048":["https:\/\/opinionpublica.com.ar\/index\/wp-content\/uploads\/2025\/12\/islas-malvinasjpg.jpg",1200,676,false],"morenews-large":["https:\/\/opinionpublica.com.ar\/index\/wp-content\/uploads\/2025\/12\/islas-malvinasjpg-825x575.jpg",825,575,true],"morenews-medium":["https:\/\/opinionpublica.com.ar\/index\/wp-content\/uploads\/2025\/12\/islas-malvinasjpg-590x410.jpg",590,410,true]},"author_info":{"display_name":"Hal","author_link":"https:\/\/opinionpublica.com.ar\/index\/author\/hal\/"},"category_info":"<a href=\"https:\/\/opinionpublica.com.ar\/index\/category\/interes-general\/\" rel=\"category tag\">Interes General<\/a> <a href=\"https:\/\/opinionpublica.com.ar\/index\/category\/tierra-del-fuego\/\" rel=\"category tag\">Tierra del Fuego<\/a>","tag_info":"Tierra del Fuego","comment_count":"0","_links":{"self":[{"href":"https:\/\/opinionpublica.com.ar\/index\/wp-json\/wp\/v2\/posts\/11853","targetHints":{"allow":["GET"]}}],"collection":[{"href":"https:\/\/opinionpublica.com.ar\/index\/wp-json\/wp\/v2\/posts"}],"about":[{"href":"https:\/\/opinionpublica.com.ar\/index\/wp-json\/wp\/v2\/types\/post"}],"author":[{"embeddable":true,"href":"https:\/\/opinionpublica.com.ar\/index\/wp-json\/wp\/v2\/users\/5"}],"replies":[{"embeddable":true,"href":"https:\/\/opinionpublica.com.ar\/index\/wp-json\/wp\/v2\/comments?post=11853"}],"version-history":[{"count":1,"href":"https:\/\/opinionpublica.com.ar\/index\/wp-json\/wp\/v2\/posts\/11853\/revisions"}],"predecessor-version":[{"id":11855,"href":"https:\/\/opinionpublica.com.ar\/index\/wp-json\/wp\/v2\/posts\/11853\/revisions\/11855"}],"wp:featuredmedia":[{"embeddable":true,"href":"https:\/\/opinionpublica.com.ar\/index\/wp-json\/wp\/v2\/media\/11854"}],"wp:attachment":[{"href":"https:\/\/opinionpublica.com.ar\/index\/wp-json\/wp\/v2\/media?parent=11853"}],"wp:term":[{"taxonomy":"category","embeddable":true,"href":"https:\/\/opinionpublica.com.ar\/index\/wp-json\/wp\/v2\/categories?post=11853"},{"taxonomy":"post_tag","embeddable":true,"href":"https:\/\/opinionpublica.com.ar\/index\/wp-json\/wp\/v2\/tags?post=11853"}],"curies":[{"name":"wp","href":"https:\/\/api.w.org\/{rel}","templated":true}]}}