{"id":11860,"date":"2025-12-02T09:11:34","date_gmt":"2025-12-02T12:11:34","guid":{"rendered":"https:\/\/opinionpublica.com.ar\/index\/?p=11860"},"modified":"2025-12-02T09:11:34","modified_gmt":"2025-12-02T12:11:34","slug":"esperan-impacto-hotelero-por-la-llegada-de-luck-ra","status":"publish","type":"post","link":"https:\/\/opinionpublica.com.ar\/index\/esperan-impacto-hotelero-por-la-llegada-de-luck-ra\/","title":{"rendered":"Esperan impacto hotelero por la llegada de Luck Ra"},"content":{"rendered":"<h3 class=\"titulo_individual_noticia\">Esperan impacto hotelero por la llegada de Luck Ra<\/h3>\n<div class=\"copete_individual_noticia\">La tradicional celebraci\u00f3n del encendido del \u00c1rbol de Navidad, con Luck Ra como atractivo principal, impulsa reservas hoteleras y genera expectativas de un fin de semana con alta actividad comercial y gastron\u00f3mica en R\u00edo Grande.<\/div>\n<div class=\"categoria_individual_noticia\" title=\"Municipales\"><\/div>\n<blockquote>\n<div class=\"clear_both\"><a href=\"https:\/\/opinionpublica.com.ar\/index\/wp-content\/uploads\/2025\/12\/20251201113757af97aff0d2b133bc68e604adfa775c99_min.jpg\"><img fetchpriority=\"high\" decoding=\"async\" class=\"alignnone size-full wp-image-11861\" src=\"https:\/\/opinionpublica.com.ar\/index\/wp-content\/uploads\/2025\/12\/20251201113757af97aff0d2b133bc68e604adfa775c99_min.jpg\" alt=\"\" width=\"500\" height=\"312\" srcset=\"https:\/\/opinionpublica.com.ar\/index\/wp-content\/uploads\/2025\/12\/20251201113757af97aff0d2b133bc68e604adfa775c99_min.jpg 500w, https:\/\/opinionpublica.com.ar\/index\/wp-content\/uploads\/2025\/12\/20251201113757af97aff0d2b133bc68e604adfa775c99_min-300x187.jpg 300w\" sizes=\"(max-width: 500px) 100vw, 500px\" \/><\/a><\/div>\n<\/blockquote>\n<div class=\"contenido_individual_noticia\">\n<div class=\"contenedor_primera_letra_individual_noticia\">A una semana de la realizaci\u00f3n de la Fiesta Municipal del Arbolito en R\u00edo Grande, el sector hotelero de la ciudad reporta un auspicioso nivel de reservas, superando el 60% de ocupaci\u00f3n de cara al fin de semana del evento.<\/div>\n<p>Este repunte est\u00e1 marcado por la gran expectativa generada en torno al artista principal del espect\u00e1culo central, Luck Ra, cuya presencia se suma al atractivo del Encendido del \u00c1rbol m\u00e1s grande del pa\u00eds, un evento emblem\u00e1tico que re\u00fane anualmente a la comunidad en una jornada de m\u00fasica, actividades y color.<\/p>\n<p>La celebraci\u00f3n, consolidada como parte de la identidad local, atraer\u00e1 durante el fin de semana a cientos de visitantes de distintos puntos de la regi\u00f3n. Este movimiento tur\u00edstico no se limita al \u00e1mbito hotelero, ya que se prev\u00e9 que tambi\u00e9n dinamice de manera considerable otros sectores de la econom\u00eda local, como comercios, restaurantes, bares y locales nocturnos, replicando el \u00e9xito de ediciones anteriores.<\/p>\n<p>Las expectativas para este a\u00f1o son altas, en especial si se considera el antecedente inmediato: durante la misma festividad del a\u00f1o pasado, la ocupaci\u00f3n hotelera en R\u00edo Grande logr\u00f3 superar el 90%, acompa\u00f1ada de importantes ingresos en el rubro gastron\u00f3mico.<\/p>\n<p>Este panorama se ve reforzado, adem\u00e1s, por la realizaci\u00f3n en paralelo del CorderRock, una iniciativa privada que ofrecer\u00e1 recitales con bandas de orden nacional y local, ampliando la oferta de entretenimiento.<\/p>\n<p>De esta manera, el evento municipal, m\u00e1s all\u00e1 de ofrecer un espacio masivo, contin\u00faa dinamizando y fortaleciendo la actividad econ\u00f3mica en general. La estrategia contribuye a consolidar a R\u00edo Grande como un destino tur\u00edstico en crecimiento, capitalizando sus tradiciones para impulsar el desarrollo local en m\u00faltiples frentes.<\/p>\n<p>&nbsp;<\/p>\n<\/div>\n","protected":false},"excerpt":{"rendered":"<p>Esperan impacto hotelero por la llegada de Luck Ra La tradicional celebraci\u00f3n del encendido del \u00c1rbol de Navidad,<\/p>\n","protected":false},"author":5,"featured_media":11861,"comment_status":"open","ping_status":"open","sticky":false,"template":"","format":"standard","meta":{"footnotes":""},"categories":[25],"tags":[4032,4031,7],"class_list":["post-11860","post","type-post","status-publish","format-standard","has-post-thumbnail","hentry","category-rio-grande","tag-arbolito","tag-luck-ra","tag-rio-grande"],"featured_image_urls":{"full":["https:\/\/opinionpublica.com.ar\/index\/wp-content\/uploads\/2025\/12\/20251201113757af97aff0d2b133bc68e604adfa775c99_min.jpg",500,312,false],"thumbnail":["https:\/\/opinionpublica.com.ar\/index\/wp-content\/uploads\/2025\/12\/20251201113757af97aff0d2b133bc68e604adfa775c99_min-150x150.jpg",150,150,true],"medium":["https:\/\/opinionpublica.com.ar\/index\/wp-content\/uploads\/2025\/12\/20251201113757af97aff0d2b133bc68e604adfa775c99_min-300x187.jpg",300,187,true],"medium_large":["https:\/\/opinionpublica.com.ar\/index\/wp-content\/uploads\/2025\/12\/20251201113757af97aff0d2b133bc68e604adfa775c99_min.jpg",500,312,false],"large":["https:\/\/opinionpublica.com.ar\/index\/wp-content\/uploads\/2025\/12\/20251201113757af97aff0d2b133bc68e604adfa775c99_min.jpg",500,312,false],"1536x1536":["https:\/\/opinionpublica.com.ar\/index\/wp-content\/uploads\/2025\/12\/20251201113757af97aff0d2b133bc68e604adfa775c99_min.jpg",500,312,false],"2048x2048":["https:\/\/opinionpublica.com.ar\/index\/wp-content\/uploads\/2025\/12\/20251201113757af97aff0d2b133bc68e604adfa775c99_min.jpg",500,312,false],"morenews-large":["https:\/\/opinionpublica.com.ar\/index\/wp-content\/uploads\/2025\/12\/20251201113757af97aff0d2b133bc68e604adfa775c99_min.jpg",500,312,false],"morenews-medium":["https:\/\/opinionpublica.com.ar\/index\/wp-content\/uploads\/2025\/12\/20251201113757af97aff0d2b133bc68e604adfa775c99_min.jpg",500,312,false]},"author_info":{"display_name":"Hal","author_link":"https:\/\/opinionpublica.com.ar\/index\/author\/hal\/"},"category_info":"<a href=\"https:\/\/opinionpublica.com.ar\/index\/category\/rio-grande\/\" rel=\"category tag\">Rio Grande<\/a>","tag_info":"Rio Grande","comment_count":"0","_links":{"self":[{"href":"https:\/\/opinionpublica.com.ar\/index\/wp-json\/wp\/v2\/posts\/11860","targetHints":{"allow":["GET"]}}],"collection":[{"href":"https:\/\/opinionpublica.com.ar\/index\/wp-json\/wp\/v2\/posts"}],"about":[{"href":"https:\/\/opinionpublica.com.ar\/index\/wp-json\/wp\/v2\/types\/post"}],"author":[{"embeddable":true,"href":"https:\/\/opinionpublica.com.ar\/index\/wp-json\/wp\/v2\/users\/5"}],"replies":[{"embeddable":true,"href":"https:\/\/opinionpublica.com.ar\/index\/wp-json\/wp\/v2\/comments?post=11860"}],"version-history":[{"count":1,"href":"https:\/\/opinionpublica.com.ar\/index\/wp-json\/wp\/v2\/posts\/11860\/revisions"}],"predecessor-version":[{"id":11862,"href":"https:\/\/opinionpublica.com.ar\/index\/wp-json\/wp\/v2\/posts\/11860\/revisions\/11862"}],"wp:featuredmedia":[{"embeddable":true,"href":"https:\/\/opinionpublica.com.ar\/index\/wp-json\/wp\/v2\/media\/11861"}],"wp:attachment":[{"href":"https:\/\/opinionpublica.com.ar\/index\/wp-json\/wp\/v2\/media?parent=11860"}],"wp:term":[{"taxonomy":"category","embeddable":true,"href":"https:\/\/opinionpublica.com.ar\/index\/wp-json\/wp\/v2\/categories?post=11860"},{"taxonomy":"post_tag","embeddable":true,"href":"https:\/\/opinionpublica.com.ar\/index\/wp-json\/wp\/v2\/tags?post=11860"}],"curies":[{"name":"wp","href":"https:\/\/api.w.org\/{rel}","templated":true}]}}