{"id":11863,"date":"2025-12-02T09:20:03","date_gmt":"2025-12-02T12:20:03","guid":{"rendered":"https:\/\/opinionpublica.com.ar\/index\/?p=11863"},"modified":"2025-12-02T09:20:03","modified_gmt":"2025-12-02T12:20:03","slug":"un-papelon-mas-y-van","status":"publish","type":"post","link":"https:\/\/opinionpublica.com.ar\/index\/un-papelon-mas-y-van\/","title":{"rendered":"Un papel\u00f3n m\u00e1s, y van\u2026"},"content":{"rendered":"<h3>Un papel\u00f3n m\u00e1s, y van\u2026<\/h3>\n<p><a href=\"https:\/\/opinionpublica.com.ar\/index\/wp-content\/uploads\/2025\/12\/lopez.webp\"><img fetchpriority=\"high\" decoding=\"async\" class=\"alignnone size-full wp-image-11864\" src=\"https:\/\/opinionpublica.com.ar\/index\/wp-content\/uploads\/2025\/12\/lopez.webp\" alt=\"\" width=\"388\" height=\"386\" srcset=\"https:\/\/opinionpublica.com.ar\/index\/wp-content\/uploads\/2025\/12\/lopez.webp 388w, https:\/\/opinionpublica.com.ar\/index\/wp-content\/uploads\/2025\/12\/lopez-300x298.webp 300w, https:\/\/opinionpublica.com.ar\/index\/wp-content\/uploads\/2025\/12\/lopez-150x150.webp 150w\" sizes=\"(max-width: 388px) 100vw, 388px\" \/><\/a><\/p>\n<p>En la tarde del lunes se vivi\u00f3 una tensa situaci\u00f3n en el Congreso Nacional cuando la senadora fueguina C\u00e1ndida Cristina L\u00f3pez intent\u00f3 entrar a un despacho acompa\u00f1ada por su esposo, el Legislador Juan Carlos Pino y un cerrajero con el que intentaron abrir la puerta del despacho donde hace unos d\u00edas la senadora ven\u00eda trabajando antes de la jura.<\/p>\n<p>&nbsp;<\/p>\n<p>La edil fueguina intento quedarse con la oficina que ostentara el Senador saliente por Salta, Sergio Leavy a sabiendas que hab\u00eda un decreto (488\/25) firmado por la presidenta del cuerpo Victoria Villarroel que dispone el ordenamiento de la c\u00e1mara y ella se har\u00eda cargo de la distribuci\u00f3n de los despachos.<\/p>\n<p><a href=\"https:\/\/opinionpublica.com.ar\/index\/wp-content\/uploads\/2025\/11\/LOPEZ-1152x1536-1.jpg\"><img decoding=\"async\" class=\"alignnone size-full wp-image-11739\" src=\"https:\/\/opinionpublica.com.ar\/index\/wp-content\/uploads\/2025\/11\/LOPEZ-1152x1536-1.jpg\" alt=\"\" width=\"1152\" height=\"1536\" srcset=\"https:\/\/opinionpublica.com.ar\/index\/wp-content\/uploads\/2025\/11\/LOPEZ-1152x1536-1.jpg 1152w, https:\/\/opinionpublica.com.ar\/index\/wp-content\/uploads\/2025\/11\/LOPEZ-1152x1536-1-225x300.jpg 225w, https:\/\/opinionpublica.com.ar\/index\/wp-content\/uploads\/2025\/11\/LOPEZ-1152x1536-1-768x1024.jpg 768w\" sizes=\"(max-width: 1152px) 100vw, 1152px\" \/><\/a><\/p>\n<p>Seg\u00fan medios nacionales el problema comenz\u00f3 cuando el cerrajero intent\u00f3 violentar la cerradura, lo que motiv\u00f3 la intervenci\u00f3n del personal de seguridad de la C\u00e1mara alta, gener\u00e1ndose all\u00ed un enfrentamiento cuerpo a cuerpo entre la senadora fueguina y el legislador fueguino Pino que provocaron empujones y forcejeos con el personal de seguridad.<\/p>\n<p>&nbsp;<\/p>\n<p>Luego de los hechos la senadora nacional por Tierra del Fuego, C\u00e1ndida Cristina L\u00f3pez, present\u00f3 una denuncia penal por lesiones, amenazas y agresiones sexuales contra personal de Seguridad del Senado de la Naci\u00f3n.<\/p>\n<p>&nbsp;<\/p>\n","protected":false},"excerpt":{"rendered":"<p>Un papel\u00f3n m\u00e1s, y van\u2026 En la tarde del lunes se vivi\u00f3 una tensa situaci\u00f3n en el Congreso<\/p>\n","protected":false},"author":5,"featured_media":10545,"comment_status":"open","ping_status":"open","sticky":false,"template":"","format":"standard","meta":{"footnotes":""},"categories":[3,27],"tags":[174,673],"class_list":["post-11863","post","type-post","status-publish","format-standard","has-post-thumbnail","hentry","category-nacionales","category-politica","tag-cristina-lopez","tag-juan-carlos-pino"],"featured_image_urls":{"full":["https:\/\/opinionpublica.com.ar\/index\/wp-content\/uploads\/2025\/07\/PHOTO-2025-07-30-21-50-232-660x365-cristina-lopez.jpg",660,365,false],"thumbnail":["https:\/\/opinionpublica.com.ar\/index\/wp-content\/uploads\/2025\/07\/PHOTO-2025-07-30-21-50-232-660x365-cristina-lopez-150x150.jpg",150,150,true],"medium":["https:\/\/opinionpublica.com.ar\/index\/wp-content\/uploads\/2025\/07\/PHOTO-2025-07-30-21-50-232-660x365-cristina-lopez-300x166.jpg",300,166,true],"medium_large":["https:\/\/opinionpublica.com.ar\/index\/wp-content\/uploads\/2025\/07\/PHOTO-2025-07-30-21-50-232-660x365-cristina-lopez.jpg",640,354,false],"large":["https:\/\/opinionpublica.com.ar\/index\/wp-content\/uploads\/2025\/07\/PHOTO-2025-07-30-21-50-232-660x365-cristina-lopez.jpg",640,354,false],"1536x1536":["https:\/\/opinionpublica.com.ar\/index\/wp-content\/uploads\/2025\/07\/PHOTO-2025-07-30-21-50-232-660x365-cristina-lopez.jpg",660,365,false],"2048x2048":["https:\/\/opinionpublica.com.ar\/index\/wp-content\/uploads\/2025\/07\/PHOTO-2025-07-30-21-50-232-660x365-cristina-lopez.jpg",660,365,false],"morenews-large":["https:\/\/opinionpublica.com.ar\/index\/wp-content\/uploads\/2025\/07\/PHOTO-2025-07-30-21-50-232-660x365-cristina-lopez.jpg",660,365,false],"morenews-medium":["https:\/\/opinionpublica.com.ar\/index\/wp-content\/uploads\/2025\/07\/PHOTO-2025-07-30-21-50-232-660x365-cristina-lopez-590x365.jpg",590,365,true]},"author_info":{"display_name":"Hal","author_link":"https:\/\/opinionpublica.com.ar\/index\/author\/hal\/"},"category_info":"<a href=\"https:\/\/opinionpublica.com.ar\/index\/category\/nacionales\/\" rel=\"category tag\">Nacionales<\/a> <a href=\"https:\/\/opinionpublica.com.ar\/index\/category\/politica\/\" rel=\"category tag\">Politica<\/a>","tag_info":"Politica","comment_count":"0","_links":{"self":[{"href":"https:\/\/opinionpublica.com.ar\/index\/wp-json\/wp\/v2\/posts\/11863","targetHints":{"allow":["GET"]}}],"collection":[{"href":"https:\/\/opinionpublica.com.ar\/index\/wp-json\/wp\/v2\/posts"}],"about":[{"href":"https:\/\/opinionpublica.com.ar\/index\/wp-json\/wp\/v2\/types\/post"}],"author":[{"embeddable":true,"href":"https:\/\/opinionpublica.com.ar\/index\/wp-json\/wp\/v2\/users\/5"}],"replies":[{"embeddable":true,"href":"https:\/\/opinionpublica.com.ar\/index\/wp-json\/wp\/v2\/comments?post=11863"}],"version-history":[{"count":1,"href":"https:\/\/opinionpublica.com.ar\/index\/wp-json\/wp\/v2\/posts\/11863\/revisions"}],"predecessor-version":[{"id":11865,"href":"https:\/\/opinionpublica.com.ar\/index\/wp-json\/wp\/v2\/posts\/11863\/revisions\/11865"}],"wp:featuredmedia":[{"embeddable":true,"href":"https:\/\/opinionpublica.com.ar\/index\/wp-json\/wp\/v2\/media\/10545"}],"wp:attachment":[{"href":"https:\/\/opinionpublica.com.ar\/index\/wp-json\/wp\/v2\/media?parent=11863"}],"wp:term":[{"taxonomy":"category","embeddable":true,"href":"https:\/\/opinionpublica.com.ar\/index\/wp-json\/wp\/v2\/categories?post=11863"},{"taxonomy":"post_tag","embeddable":true,"href":"https:\/\/opinionpublica.com.ar\/index\/wp-json\/wp\/v2\/tags?post=11863"}],"curies":[{"name":"wp","href":"https:\/\/api.w.org\/{rel}","templated":true}]}}