{"id":11866,"date":"2025-12-02T09:31:03","date_gmt":"2025-12-02T12:31:03","guid":{"rendered":"https:\/\/opinionpublica.com.ar\/index\/?p=11866"},"modified":"2025-12-02T09:31:03","modified_gmt":"2025-12-02T12:31:03","slug":"la-salida-de-dolares-por-turismo-en-2025-podria-ser-la-mas-alta-de-la-historia","status":"publish","type":"post","link":"https:\/\/opinionpublica.com.ar\/index\/la-salida-de-dolares-por-turismo-en-2025-podria-ser-la-mas-alta-de-la-historia\/","title":{"rendered":"La salida de d\u00f3lares por turismo en 2025 podr\u00eda ser la m\u00e1s alta de la historia"},"content":{"rendered":"<header class=\"main-header col\">\n<div class=\"row\">\n<div class=\"max-width-md main-header__wrapper\">\n<h3 class=\"main-header__main\">La salida de d\u00f3lares por turismo en 2025 podr\u00eda ser la m\u00e1s alta de la historia<\/h3>\n<\/div>\n<\/div>\n<\/header>\n<div id=\"page\" class=\"row economia\">\n<article id=\"noticia\" class=\"article container\">\n<div class=\"article__header max-width-md\">\n<h4 class=\"article__headline\">Varios profesionales anticipan que el a\u00f1o cerrar\u00eda con una salida de d\u00f3lares por turismo emisivo de entre US$ 11.000 y US$ 13.000 millones.<\/h4>\n<p><a href=\"https:\/\/opinionpublica.com.ar\/index\/wp-content\/uploads\/2025\/01\/DSC01760-768x433-avion-aeropuerto.jpg\"><img fetchpriority=\"high\" decoding=\"async\" class=\"alignnone size-full wp-image-8438\" src=\"https:\/\/opinionpublica.com.ar\/index\/wp-content\/uploads\/2025\/01\/DSC01760-768x433-avion-aeropuerto.jpg\" alt=\"\" width=\"768\" height=\"433\" srcset=\"https:\/\/opinionpublica.com.ar\/index\/wp-content\/uploads\/2025\/01\/DSC01760-768x433-avion-aeropuerto.jpg 768w, https:\/\/opinionpublica.com.ar\/index\/wp-content\/uploads\/2025\/01\/DSC01760-768x433-avion-aeropuerto-300x169.jpg 300w\" sizes=\"(max-width: 768px) 100vw, 768px\" \/><\/a><\/p>\n<\/div>\n<div class=\"col-fluid col-fluid-max col-fluid--clip\">\n<div class=\"article__main max-width-md\">\n<div class=\"article__wrapper\">\n<div id=\"article-content\" class=\"article__content standard\">\n<p>En octubre, la\u00a0Argentina\u00a0volvi\u00f3 a tener un\u00a0<strong>saldo negativo en la balanza tur\u00edstica<\/strong>. En este mes, ingresaron 679.200 visitantes no residentes por todas las v\u00edas de acceso al pa\u00eds, de los cuales\u00a0<strong>389.800 fueron turistas\u00a0<\/strong>y 289.500 fueron excursionistas, seg\u00fan inform\u00f3 el\u00a0Instituto Nacional de Estad\u00edsticas y Censos (INDEC). En la comparaci\u00f3n interanual implic\u00f3\u00a0<strong>una ca\u00edda del 5,9% en la cantidad de turistas.<\/strong><\/p>\n<div id=\"standard_1\" class=\"st-placement standard_1 inArticle\">\n<div class=\"st-adunit-inarticle st-inarticle-slot\">\n<div class=\"st-adunit st-adunit-tagged st-reset st-show\">\n<div class=\"st-adunit-ad st-reset\">\n<div class=\"st-display-render st-reset open 970x250\">\n<div class=\"st-canvas st-reset horizontal-static\"><\/div>\n<\/div>\n<\/div>\n<\/div>\n<\/div>\n<\/div>\n<p>En octubre, las salidas al exterior incluyeron a 1.228.900 visitantes residentes por todas las v\u00edas internacionales, de los cuales\u00a0<strong>725.000 fueron turistas<\/strong>\u00a0y 503.900 fueron excursionistas. Un aumento del\u00a0<strong>10,8% interanual\u00a0<\/strong>en la cantidad de turistas.<\/p>\n<p>En n\u00fameros, esto se traduce a un\u00a0<strong>saldo negativo de 549.700 personas\u00a0<\/strong>por todas las v\u00edas de acceso al pa\u00eds. Este resultado se explica por los saldos negativos de 335.200 turistas y de 214.500 excursionistas. Por el lado de los gastos, los argentinos que viajaron al exterior gastaron US$ 597 millones, mientras que los turistas extranjeros gastaron en el pa\u00eds poco m\u00e1s de US$ 232 millones, lo que explica un\u00a0<strong>d\u00e9ficit del orden de los US$ 365 millones.<\/strong><\/p>\n<h2><strong>Fuerte sangr\u00eda de d\u00f3lares y baja competitividad<\/strong><\/h2>\n<p>Seg\u00fan Marcos Cohen Arazi, de Fundaci\u00f3n Mediterr\u00e1nea,\u00a0<strong>el saldo de viajeros fue r\u00e9cord en los primeros nueve meses de 2025<\/strong>. En lo que va del a\u00f1o,\u00a0<strong>salieron 9,7 millones de argentinos<\/strong>, mientras que\u00a0<strong>ingresaron al pa\u00eds 4,1 millones de turistas<\/strong>, con un\u00a0<strong>d\u00e9ficit de 5,6 millones de viajeros<\/strong>\u201d.<\/p>\n<p>\u201cEstimamos que el a\u00f1o cerrar\u00eda con<strong>\u00a0una salida de d\u00f3lares por turismo emisivo de entre US$ 11.000 y US$ 13.000 millones<\/strong>. Los ingresos por el segmento receptivo ser\u00edan cercanos a\u00a0<strong>US$ 4.000 millones<\/strong>, de modo que\u00a0<strong>el saldo deficitario se ubicar\u00eda entre US$ 7.000 millones y US$ 9.000 millones<\/strong>\u201d, anticip\u00f3.<\/p>\n<p>Con estos n\u00fameros, el 2025 cerrar\u00eda con una hist\u00f3rica salida de d\u00f3lares. Las \u00faltimas proyecciones anticipan una salida de<strong>\u00a0US$ 13.000<\/strong>, alrededor de\u00a0<strong>1,6%<\/strong>\u00a0del PBI, superando la marca de<strong>\u00a02017<\/strong>, con\u00a0<strong>US$\u202f10.662 millones<\/strong>.<\/p>\n<p>Por otro lado, Daniel Schteingart, Director de Desarrollo Productivo Sostenible de Fundar, asegur\u00f3 en su cuenta de X que:<strong>\u00a0\u00ab2025 va camino a ser r\u00e9cord hist\u00f3rico en turismo emisivo.<\/strong>\u00a0Muy posiblemente superemos los 12 millones de turistas que salen al exterior, rompiendo el pico previo de 2017&#8243;. A su vez, asegur\u00f3 que el turismo receptivo tiene un muy mal a\u00f1o, cayendo 17% contra 2024.\u00a0<strong>\u00abEs el peor a\u00f1o desde 2006, con excepci\u00f3n de la pandemia\u00bb<\/strong>, coment\u00f3.<\/p>\n<p>Para finalizar, Schteingart, adelant\u00f3 que\u00a0<strong>\u00abel d\u00e9ficit tur\u00edstico muy posiblemente ser\u00e1 el m\u00e1s grande de la historia\u00a0<\/strong>(-7 millones de turistas)\u00bb.<\/p>\n<p>&nbsp;<\/p>\n<\/div>\n<\/div>\n<\/div>\n<\/div>\n<\/article>\n<\/div>\n","protected":false},"excerpt":{"rendered":"<p>La salida de d\u00f3lares por turismo en 2025 podr\u00eda ser la m\u00e1s alta de la historia Varios profesionales<\/p>\n","protected":false},"author":5,"featured_media":8438,"comment_status":"open","ping_status":"open","sticky":false,"template":"","format":"standard","meta":{"footnotes":""},"categories":[3,23],"tags":[4033,19],"class_list":["post-11866","post","type-post","status-publish","format-standard","has-post-thumbnail","hentry","category-nacionales","category-turismo","tag-balanza","tag-turismo"],"featured_image_urls":{"full":["https:\/\/opinionpublica.com.ar\/index\/wp-content\/uploads\/2025\/01\/DSC01760-768x433-avion-aeropuerto.jpg",768,433,false],"thumbnail":["https:\/\/opinionpublica.com.ar\/index\/wp-content\/uploads\/2025\/01\/DSC01760-768x433-avion-aeropuerto-150x150.jpg",150,150,true],"medium":["https:\/\/opinionpublica.com.ar\/index\/wp-content\/uploads\/2025\/01\/DSC01760-768x433-avion-aeropuerto-300x169.jpg",300,169,true],"medium_large":["https:\/\/opinionpublica.com.ar\/index\/wp-content\/uploads\/2025\/01\/DSC01760-768x433-avion-aeropuerto.jpg",640,361,false],"large":["https:\/\/opinionpublica.com.ar\/index\/wp-content\/uploads\/2025\/01\/DSC01760-768x433-avion-aeropuerto.jpg",640,361,false],"1536x1536":["https:\/\/opinionpublica.com.ar\/index\/wp-content\/uploads\/2025\/01\/DSC01760-768x433-avion-aeropuerto.jpg",768,433,false],"2048x2048":["https:\/\/opinionpublica.com.ar\/index\/wp-content\/uploads\/2025\/01\/DSC01760-768x433-avion-aeropuerto.jpg",768,433,false],"morenews-large":["https:\/\/opinionpublica.com.ar\/index\/wp-content\/uploads\/2025\/01\/DSC01760-768x433-avion-aeropuerto.jpg",768,433,false],"morenews-medium":["https:\/\/opinionpublica.com.ar\/index\/wp-content\/uploads\/2025\/01\/DSC01760-768x433-avion-aeropuerto-590x410.jpg",590,410,true]},"author_info":{"display_name":"Hal","author_link":"https:\/\/opinionpublica.com.ar\/index\/author\/hal\/"},"category_info":"<a href=\"https:\/\/opinionpublica.com.ar\/index\/category\/nacionales\/\" rel=\"category tag\">Nacionales<\/a> <a href=\"https:\/\/opinionpublica.com.ar\/index\/category\/turismo\/\" rel=\"category tag\">Turismo<\/a>","tag_info":"Turismo","comment_count":"0","_links":{"self":[{"href":"https:\/\/opinionpublica.com.ar\/index\/wp-json\/wp\/v2\/posts\/11866","targetHints":{"allow":["GET"]}}],"collection":[{"href":"https:\/\/opinionpublica.com.ar\/index\/wp-json\/wp\/v2\/posts"}],"about":[{"href":"https:\/\/opinionpublica.com.ar\/index\/wp-json\/wp\/v2\/types\/post"}],"author":[{"embeddable":true,"href":"https:\/\/opinionpublica.com.ar\/index\/wp-json\/wp\/v2\/users\/5"}],"replies":[{"embeddable":true,"href":"https:\/\/opinionpublica.com.ar\/index\/wp-json\/wp\/v2\/comments?post=11866"}],"version-history":[{"count":1,"href":"https:\/\/opinionpublica.com.ar\/index\/wp-json\/wp\/v2\/posts\/11866\/revisions"}],"predecessor-version":[{"id":11867,"href":"https:\/\/opinionpublica.com.ar\/index\/wp-json\/wp\/v2\/posts\/11866\/revisions\/11867"}],"wp:featuredmedia":[{"embeddable":true,"href":"https:\/\/opinionpublica.com.ar\/index\/wp-json\/wp\/v2\/media\/8438"}],"wp:attachment":[{"href":"https:\/\/opinionpublica.com.ar\/index\/wp-json\/wp\/v2\/media?parent=11866"}],"wp:term":[{"taxonomy":"category","embeddable":true,"href":"https:\/\/opinionpublica.com.ar\/index\/wp-json\/wp\/v2\/categories?post=11866"},{"taxonomy":"post_tag","embeddable":true,"href":"https:\/\/opinionpublica.com.ar\/index\/wp-json\/wp\/v2\/tags?post=11866"}],"curies":[{"name":"wp","href":"https:\/\/api.w.org\/{rel}","templated":true}]}}